{"id":110,"date":"2023-12-23T12:10:01","date_gmt":"2023-12-23T11:10:01","guid":{"rendered":"https:\/\/alpenlandmagazin.at\/hochnachhaltig\/?p=110"},"modified":"2026-07-17T13:53:33","modified_gmt":"2026-07-17T11:53:33","slug":"windturbine-in-alpiner-lage","status":"publish","type":"post","link":"https:\/\/alpenlandmagazin.at\/hochnachhaltig\/windturbine-in-alpiner-lage\/","title":{"rendered":"Windturbine in alpiner Lage"},"content":{"rendered":"<div class=\"epyt-video-wrapper\"><div  id=\"_ytid_19730\"  width=\"1200\" height=\"675\"  data-origwidth=\"1200\" data-origheight=\"675\" data-facadesrc=\"https:\/\/www.youtube.com\/embed\/wL9A3r4cU88?enablejsapi=1&#038;origin=https:\/\/alpenlandmagazin.at&#038;autoplay=0&#038;cc_load_policy=0&#038;cc_lang_pref=de&#038;iv_load_policy=1&#038;loop=0&#038;rel=0&#038;fs=1&#038;playsinline=1&#038;autohide=2&#038;theme=dark&#038;color=red&#038;controls=1&#038;disablekb=0&#038;\" class=\"__youtube_prefs__ epyt-facade no-lazyload\" data-epautoplay=\"1\" ><img decoding=\"async\" data-spai-excluded=\"true\" class=\"epyt-facade-poster skip-lazy\" loading=\"lazy\"  alt=\"YouTube player\"  src=\"https:\/\/i.ytimg.com\/vi\/wL9A3r4cU88\/maxresdefault.jpg\"  \/><button class=\"epyt-facade-play\" aria-label=\"Play\"><svg data-no-lazy=\"1\" height=\"100%\" version=\"1.1\" viewBox=\"0 0 68 48\" width=\"100%\"><path class=\"ytp-large-play-button-bg\" d=\"M66.52,7.74c-0.78-2.93-2.49-5.41-5.42-6.19C55.79,.13,34,0,34,0S12.21,.13,6.9,1.55 C3.97,2.33,2.27,4.81,1.48,7.74C0.06,13.05,0,24,0,24s0.06,10.95,1.48,16.26c0.78,2.93,2.49,5.41,5.42,6.19 C12.21,47.87,34,48,34,48s21.79-0.13,27.1-1.55c2.93-0.78,4.64-3.26,5.42-6.19C67.94,34.95,68,24,68,24S67.94,13.05,66.52,7.74z\" fill=\"#f00\"><\/path><path d=\"M 45,24 27,14 27,34\" fill=\"#fff\"><\/path><\/svg><\/button><\/div><\/div>\n\n\n<p class=\"wp-block-paragraph\"><\/p>\n\n\n\n<p class=\"wp-block-paragraph\">K\u00fcrzlich durfte ich die Pilotanlage einer neuen Windturbine in alpiner Lage inspizieren. Was die &#8222;Alpin 500&#8220; kann und was sie bringt, zeige ich in diesem Video.<\/p>\n\n\n\n<p class=\"wp-block-paragraph\">Die Turbine l\u00e4uft am Alois-G\u00fcnther-Haus, einer Schutzh\u00fctte am Gipfel des Stuhlecks (Randgebirge \u00f6stlich der Mur). Das Stuhleck ist sehr windexponiert. Die durchschnittliche Windgeschwindigkeit betr\u00e4gt im Jahresmittel \u00fcber 25 km\/h. Von Herbst bis Fr\u00fchling gibt es sehr viele Tage mit Windgeschwindigkeiten von \u00fcber 50 km\/h und Spitzen von \u00fcber 150 km\/h. Das ideale Umfeld f\u00fcr einen H\u00e4rtetest einer neuen Turbinenart. Dieser l\u00e4uft zum Videozeitpunkt seit 2 Jahren erfolgreich.<\/p>\n\n\n\n<p class=\"wp-block-paragraph\">Diese Windturbine in alpiner Lage hat ihr Leistungsmaximum bei 90 km\/h Wind. In diesem Fall erzeugt sie 511 Watt an Strom. Deshalb und aufgrund ihrer Dimensionen ist sie als Balkonkraftwerk einzustufen und auch nicht bewilligungspflichtig. Im Falle einer Inselanlage auf einer Schutzh\u00fctte w\u00e4re dies aber ohnehin weitgehend irrelevant. Bei 61 km\/h Wind werden 223 Watt erzeugt, bei 29 km\/h 57 Watt und bei 21 km\/h 15 Watt. Kurzum: es liegt in der Natur einer Windturbine, dass der Standort m\u00f6glichst windexponiert sein muss, damit eine signifikante Menge an Strom erzeugt werden kann. Ob ein Standort geeignet ist, kann unter anderem auf <a href=\"https:\/\/www.windatlas.at\/\" target=\"_blank\" rel=\"noreferrer noopener\">www.windatlas.at<\/a> evaluiert werden.<\/p>\n\n\n\n<h3 class=\"wp-block-heading\">Wieviel Strom erzeugt die Windturbine in alpiner Lage?<\/h3>\n\n\n\n<p class=\"wp-block-paragraph\">Nimmt man an, dass im Schnitt an einer g\u00fcnstigen Stelle 200 Watt erzeugt werden und das bei 20 Stunden Wind pro Tag und 300 Windtagen, so ergibt das eine<strong> t\u00e4gliche Stromerzeugung von 4 Kilowattstunden.<\/strong> Das ist schon signifikant in Bezug auf Inselanlagen, da damit der Stromspeicher nachgeladen werden kann und sich so immerhin 1,2 Megawattstunden (MWh) pro Jahr an zus\u00e4tzlichem Strom ergeben. Bonus dabei: der Wind geht meist dann, wenn die Sonne weniger scheint (Nachts und im Winter). Gerade hier kann so eine Turbine gut unterst\u00fctzen.<\/p>\n\n\n\n<p class=\"wp-block-paragraph\">Am Stuhleck erzeugt die genannte Turbine nach Aussage des Erfinders, den ich interviewen durfte, 1,8 MWh pro Jahr. das ist fast schon der Jahresverbrauch einer kleineren Wohnung. Selbst wenn man meine eher pessimistische Berechnungsmethode als Grundlage nimmt, kommt man auf 1,58 MWh, wobei 1 MWh davon im Winter erzeugt wird. <\/p>\n\n\n\n<p class=\"wp-block-paragraph\">Alles in allem ein sehr interessantes Pilotprojekt, das ich hier kennenlernen durfte. Vielen Dank an den Erfinder und den H\u00fcttenwirten f\u00fcr die informativen Einblicke!<\/p>\n","protected":false},"excerpt":{"rendered":"<p>K\u00fcrzlich durfte ich die Pilotanlage einer neuen Windturbine in alpiner Lage inspizieren. Was die &#8222;Alpin 500&#8220; kann und was sie bringt, zeige ich in diesem Video. Die Turbine l\u00e4uft am Alois-G\u00fcnther-Haus, einer Schutzh\u00fctte am Gipfel des Stuhlecks (Randgebirge \u00f6stlich der Mur). Das Stuhleck ist sehr windexponiert. Die durchschnittliche Windgeschwindigkeit betr\u00e4gt im Jahresmittel \u00fcber 25 km\/h.&hellip;&nbsp;<a href=\"https:\/\/alpenlandmagazin.at\/hochnachhaltig\/windturbine-in-alpiner-lage\/\" rel=\"bookmark\">Weiterlesen &raquo;<span class=\"screen-reader-text\">Windturbine in alpiner Lage<\/span><\/a><\/p>\n","protected":false},"author":1,"featured_media":444,"comment_status":"open","ping_status":"open","sticky":false,"template":"","format":"standard","meta":{"neve_meta_sidebar":"","neve_meta_container":"","neve_meta_enable_content_width":"","neve_meta_content_width":0,"neve_meta_title_alignment":"","neve_meta_author_avatar":"","neve_post_elements_order":"","neve_meta_disable_header":"","neve_meta_disable_footer":"","neve_meta_disable_title":"","footnotes":""},"categories":[1],"tags":[],"class_list":["post-110","post","type-post","status-publish","format-standard","has-post-thumbnail","hentry","category-allgemein"],"yoast_head":"<!-- This site is optimized with the Yoast SEO plugin v28.2 - https:\/\/yoast.com\/product\/yoast-seo-wordpress\/ -->\n<title>Windturbine in alpiner Lage - hoch.nachhaltig - Berge. Umwelt. Selbstwirksamkeit.<\/title>\n<meta name=\"description\" content=\"Windturbine in alpiner Lage. Die Windturbine am Stuhleck hat eine t\u00e4gliche Stromerzeugung von 4 Kilowattstunden.\" \/>\n<meta name=\"robots\" content=\"index, follow, max-snippet:-1, max-image-preview:large, max-video-preview:-1\" \/>\n<link rel=\"canonical\" href=\"https:\/\/alpenlandmagazin.at\/hochnachhaltig\/windturbine-in-alpiner-lage\/\" \/>\n<meta property=\"og:locale\" content=\"de_DE\" \/>\n<meta property=\"og:type\" content=\"article\" \/>\n<meta property=\"og:title\" content=\"Windturbine in alpiner Lage - hoch.nachhaltig - Berge. Umwelt. Selbstwirksamkeit.\" \/>\n<meta property=\"og:description\" content=\"Windturbine in alpiner Lage. Die Windturbine am Stuhleck hat eine t\u00e4gliche Stromerzeugung von 4 Kilowattstunden.\" \/>\n<meta property=\"og:url\" content=\"https:\/\/alpenlandmagazin.at\/hochnachhaltig\/windturbine-in-alpiner-lage\/\" \/>\n<meta property=\"og:site_name\" content=\"hoch.nachhaltig - Berge. Umwelt. Selbstwirksamkeit.\" \/>\n<meta property=\"article:published_time\" content=\"2023-12-23T11:10:01+00:00\" \/>\n<meta property=\"article:modified_time\" content=\"2026-07-17T11:53:33+00:00\" \/>\n<meta property=\"og:image\" content=\"https:\/\/alpenlandmagazin.at\/hochnachhaltig\/wp-content\/uploads\/2023\/12\/IMPHnlmBaomW0-e1784289200895-1024x641.png\" \/>\n\t<meta property=\"og:image:width\" content=\"1024\" \/>\n\t<meta property=\"og:image:height\" content=\"641\" \/>\n\t<meta property=\"og:image:type\" content=\"image\/png\" \/>\n<meta name=\"author\" content=\"ckrieh\" \/>\n<meta name=\"twitter:card\" content=\"summary_large_image\" \/>\n<meta name=\"twitter:label1\" content=\"Verfasst von\" \/>\n\t<meta name=\"twitter:data1\" content=\"ckrieh\" \/>\n\t<meta name=\"twitter:label2\" content=\"Gesch\u00e4tzte Lesezeit\" \/>\n\t<meta name=\"twitter:data2\" content=\"3\u00a0Minuten\" \/>\n<script type=\"application\/ld+json\" class=\"yoast-schema-graph\">{\"@context\":\"https:\\\/\\\/schema.org\",\"@graph\":[{\"@type\":\"Article\",\"@id\":\"https:\\\/\\\/alpenlandmagazin.at\\\/hochnachhaltig\\\/windturbine-in-alpiner-lage\\\/#article\",\"isPartOf\":{\"@id\":\"https:\\\/\\\/alpenlandmagazin.at\\\/hochnachhaltig\\\/windturbine-in-alpiner-lage\\\/\"},\"author\":{\"name\":\"ckrieh\",\"@id\":\"https:\\\/\\\/alpenlandmagazin.at\\\/hochnachhaltig\\\/#\\\/schema\\\/person\\\/7f5ce1e0f5b51b3dc237c27155c063b6\"},\"headline\":\"Windturbine in alpiner Lage\",\"datePublished\":\"2023-12-23T11:10:01+00:00\",\"dateModified\":\"2026-07-17T11:53:33+00:00\",\"mainEntityOfPage\":{\"@id\":\"https:\\\/\\\/alpenlandmagazin.at\\\/hochnachhaltig\\\/windturbine-in-alpiner-lage\\\/\"},\"wordCount\":386,\"commentCount\":0,\"publisher\":{\"@id\":\"https:\\\/\\\/alpenlandmagazin.at\\\/hochnachhaltig\\\/#\\\/schema\\\/person\\\/cde7b4195499a8410a9ab4304ba1a6fe\"},\"image\":{\"@id\":\"https:\\\/\\\/alpenlandmagazin.at\\\/hochnachhaltig\\\/windturbine-in-alpiner-lage\\\/#primaryimage\"},\"thumbnailUrl\":\"https:\\\/\\\/alpenlandmagazin.at\\\/hochnachhaltig\\\/wp-content\\\/uploads\\\/2023\\\/12\\\/IMPHnlmBaomW0-e1784289200895.png\",\"inLanguage\":\"de\",\"potentialAction\":[{\"@type\":\"CommentAction\",\"name\":\"Comment\",\"target\":[\"https:\\\/\\\/alpenlandmagazin.at\\\/hochnachhaltig\\\/windturbine-in-alpiner-lage\\\/#respond\"]}]},{\"@type\":\"WebPage\",\"@id\":\"https:\\\/\\\/alpenlandmagazin.at\\\/hochnachhaltig\\\/windturbine-in-alpiner-lage\\\/\",\"url\":\"https:\\\/\\\/alpenlandmagazin.at\\\/hochnachhaltig\\\/windturbine-in-alpiner-lage\\\/\",\"name\":\"Windturbine in alpiner Lage - hoch.nachhaltig - Berge. Umwelt. Selbstwirksamkeit.\",\"isPartOf\":{\"@id\":\"https:\\\/\\\/alpenlandmagazin.at\\\/hochnachhaltig\\\/#website\"},\"primaryImageOfPage\":{\"@id\":\"https:\\\/\\\/alpenlandmagazin.at\\\/hochnachhaltig\\\/windturbine-in-alpiner-lage\\\/#primaryimage\"},\"image\":{\"@id\":\"https:\\\/\\\/alpenlandmagazin.at\\\/hochnachhaltig\\\/windturbine-in-alpiner-lage\\\/#primaryimage\"},\"thumbnailUrl\":\"https:\\\/\\\/alpenlandmagazin.at\\\/hochnachhaltig\\\/wp-content\\\/uploads\\\/2023\\\/12\\\/IMPHnlmBaomW0-e1784289200895.png\",\"datePublished\":\"2023-12-23T11:10:01+00:00\",\"dateModified\":\"2026-07-17T11:53:33+00:00\",\"description\":\"Windturbine in alpiner Lage. Die Windturbine am Stuhleck hat eine t\u00e4gliche Stromerzeugung von 4 Kilowattstunden.\",\"breadcrumb\":{\"@id\":\"https:\\\/\\\/alpenlandmagazin.at\\\/hochnachhaltig\\\/windturbine-in-alpiner-lage\\\/#breadcrumb\"},\"inLanguage\":\"de\",\"potentialAction\":[{\"@type\":\"ReadAction\",\"target\":[\"https:\\\/\\\/alpenlandmagazin.at\\\/hochnachhaltig\\\/windturbine-in-alpiner-lage\\\/\"]}]},{\"@type\":\"ImageObject\",\"inLanguage\":\"de\",\"@id\":\"https:\\\/\\\/alpenlandmagazin.at\\\/hochnachhaltig\\\/windturbine-in-alpiner-lage\\\/#primaryimage\",\"url\":\"https:\\\/\\\/alpenlandmagazin.at\\\/hochnachhaltig\\\/wp-content\\\/uploads\\\/2023\\\/12\\\/IMPHnlmBaomW0-e1784289200895.png\",\"contentUrl\":\"https:\\\/\\\/alpenlandmagazin.at\\\/hochnachhaltig\\\/wp-content\\\/uploads\\\/2023\\\/12\\\/IMPHnlmBaomW0-e1784289200895.png\",\"width\":1226,\"height\":768},{\"@type\":\"BreadcrumbList\",\"@id\":\"https:\\\/\\\/alpenlandmagazin.at\\\/hochnachhaltig\\\/windturbine-in-alpiner-lage\\\/#breadcrumb\",\"itemListElement\":[{\"@type\":\"ListItem\",\"position\":1,\"name\":\"Startseite\",\"item\":\"https:\\\/\\\/alpenlandmagazin.at\\\/hochnachhaltig\\\/\"},{\"@type\":\"ListItem\",\"position\":2,\"name\":\"Windturbine in alpiner Lage\"}]},{\"@type\":\"WebSite\",\"@id\":\"https:\\\/\\\/alpenlandmagazin.at\\\/hochnachhaltig\\\/#website\",\"url\":\"https:\\\/\\\/alpenlandmagazin.at\\\/hochnachhaltig\\\/\",\"name\":\"hoch.nachhaltig - Berge. Umwelt. Selbstwirksamkeit.\",\"description\":\"Wie man die Welt rettet und dabei Geld spart.\",\"publisher\":{\"@id\":\"https:\\\/\\\/alpenlandmagazin.at\\\/hochnachhaltig\\\/#\\\/schema\\\/person\\\/cde7b4195499a8410a9ab4304ba1a6fe\"},\"alternateName\":\"hoch.nachhaltig\",\"potentialAction\":[{\"@type\":\"SearchAction\",\"target\":{\"@type\":\"EntryPoint\",\"urlTemplate\":\"https:\\\/\\\/alpenlandmagazin.at\\\/hochnachhaltig\\\/?s={search_term_string}\"},\"query-input\":{\"@type\":\"PropertyValueSpecification\",\"valueRequired\":true,\"valueName\":\"search_term_string\"}}],\"inLanguage\":\"de\"},{\"@type\":[\"Person\",\"Organization\"],\"@id\":\"https:\\\/\\\/alpenlandmagazin.at\\\/hochnachhaltig\\\/#\\\/schema\\\/person\\\/cde7b4195499a8410a9ab4304ba1a6fe\",\"name\":\"Christian Schreiter\",\"image\":{\"@type\":\"ImageObject\",\"inLanguage\":\"de\",\"@id\":\"https:\\\/\\\/alpenlandmagazin.at\\\/hochnachhaltig\\\/wp-content\\\/uploads\\\/2023\\\/12\\\/logo11_4_172949.png\",\"url\":\"https:\\\/\\\/alpenlandmagazin.at\\\/hochnachhaltig\\\/wp-content\\\/uploads\\\/2023\\\/12\\\/logo11_4_172949.png\",\"contentUrl\":\"https:\\\/\\\/alpenlandmagazin.at\\\/hochnachhaltig\\\/wp-content\\\/uploads\\\/2023\\\/12\\\/logo11_4_172949.png\",\"width\":2000,\"height\":2000,\"caption\":\"Christian Schreiter\"},\"logo\":{\"@id\":\"https:\\\/\\\/alpenlandmagazin.at\\\/hochnachhaltig\\\/wp-content\\\/uploads\\\/2023\\\/12\\\/logo11_4_172949.png\"}},{\"@type\":\"Person\",\"@id\":\"https:\\\/\\\/alpenlandmagazin.at\\\/hochnachhaltig\\\/#\\\/schema\\\/person\\\/7f5ce1e0f5b51b3dc237c27155c063b6\",\"name\":\"ckrieh\",\"image\":{\"@type\":\"ImageObject\",\"inLanguage\":\"de\",\"@id\":\"https:\\\/\\\/secure.gravatar.com\\\/avatar\\\/1a61d60ff2b88bcf2b98ce01b7ba9fe7685606d7822c85153b9262eac30a2c74?s=96&d=mm&r=g\",\"url\":\"https:\\\/\\\/secure.gravatar.com\\\/avatar\\\/1a61d60ff2b88bcf2b98ce01b7ba9fe7685606d7822c85153b9262eac30a2c74?s=96&d=mm&r=g\",\"contentUrl\":\"https:\\\/\\\/secure.gravatar.com\\\/avatar\\\/1a61d60ff2b88bcf2b98ce01b7ba9fe7685606d7822c85153b9262eac30a2c74?s=96&d=mm&r=g\",\"caption\":\"ckrieh\"},\"sameAs\":[\"https:\\\/\\\/alpenlandmagazin.at\\\/hochnachhaltig\"],\"url\":\"https:\\\/\\\/alpenlandmagazin.at\\\/hochnachhaltig\\\/author\\\/ckrieh\\\/\"}]}<\/script>\n<!-- \/ Yoast SEO plugin. -->","yoast_head_json":{"title":"Windturbine in alpiner Lage - hoch.nachhaltig - Berge. Umwelt. Selbstwirksamkeit.","description":"Windturbine in alpiner Lage. Die Windturbine am Stuhleck hat eine t\u00e4gliche Stromerzeugung von 4 Kilowattstunden.","robots":{"index":"index","follow":"follow","max-snippet":"max-snippet:-1","max-image-preview":"max-image-preview:large","max-video-preview":"max-video-preview:-1"},"canonical":"https:\/\/alpenlandmagazin.at\/hochnachhaltig\/windturbine-in-alpiner-lage\/","og_locale":"de_DE","og_type":"article","og_title":"Windturbine in alpiner Lage - hoch.nachhaltig - Berge. Umwelt. Selbstwirksamkeit.","og_description":"Windturbine in alpiner Lage. Die Windturbine am Stuhleck hat eine t\u00e4gliche Stromerzeugung von 4 Kilowattstunden.","og_url":"https:\/\/alpenlandmagazin.at\/hochnachhaltig\/windturbine-in-alpiner-lage\/","og_site_name":"hoch.nachhaltig - Berge. Umwelt. Selbstwirksamkeit.","article_published_time":"2023-12-23T11:10:01+00:00","article_modified_time":"2026-07-17T11:53:33+00:00","og_image":[{"width":1024,"height":641,"url":"https:\/\/alpenlandmagazin.at\/hochnachhaltig\/wp-content\/uploads\/2023\/12\/IMPHnlmBaomW0-e1784289200895-1024x641.png","type":"image\/png"}],"author":"ckrieh","twitter_card":"summary_large_image","twitter_misc":{"Verfasst von":"ckrieh","Gesch\u00e4tzte Lesezeit":"3\u00a0Minuten"},"schema":{"@context":"https:\/\/schema.org","@graph":[{"@type":"Article","@id":"https:\/\/alpenlandmagazin.at\/hochnachhaltig\/windturbine-in-alpiner-lage\/#article","isPartOf":{"@id":"https:\/\/alpenlandmagazin.at\/hochnachhaltig\/windturbine-in-alpiner-lage\/"},"author":{"name":"ckrieh","@id":"https:\/\/alpenlandmagazin.at\/hochnachhaltig\/#\/schema\/person\/7f5ce1e0f5b51b3dc237c27155c063b6"},"headline":"Windturbine in alpiner Lage","datePublished":"2023-12-23T11:10:01+00:00","dateModified":"2026-07-17T11:53:33+00:00","mainEntityOfPage":{"@id":"https:\/\/alpenlandmagazin.at\/hochnachhaltig\/windturbine-in-alpiner-lage\/"},"wordCount":386,"commentCount":0,"publisher":{"@id":"https:\/\/alpenlandmagazin.at\/hochnachhaltig\/#\/schema\/person\/cde7b4195499a8410a9ab4304ba1a6fe"},"image":{"@id":"https:\/\/alpenlandmagazin.at\/hochnachhaltig\/windturbine-in-alpiner-lage\/#primaryimage"},"thumbnailUrl":"https:\/\/alpenlandmagazin.at\/hochnachhaltig\/wp-content\/uploads\/2023\/12\/IMPHnlmBaomW0-e1784289200895.png","inLanguage":"de","potentialAction":[{"@type":"CommentAction","name":"Comment","target":["https:\/\/alpenlandmagazin.at\/hochnachhaltig\/windturbine-in-alpiner-lage\/#respond"]}]},{"@type":"WebPage","@id":"https:\/\/alpenlandmagazin.at\/hochnachhaltig\/windturbine-in-alpiner-lage\/","url":"https:\/\/alpenlandmagazin.at\/hochnachhaltig\/windturbine-in-alpiner-lage\/","name":"Windturbine in alpiner Lage - hoch.nachhaltig - Berge. Umwelt. Selbstwirksamkeit.","isPartOf":{"@id":"https:\/\/alpenlandmagazin.at\/hochnachhaltig\/#website"},"primaryImageOfPage":{"@id":"https:\/\/alpenlandmagazin.at\/hochnachhaltig\/windturbine-in-alpiner-lage\/#primaryimage"},"image":{"@id":"https:\/\/alpenlandmagazin.at\/hochnachhaltig\/windturbine-in-alpiner-lage\/#primaryimage"},"thumbnailUrl":"https:\/\/alpenlandmagazin.at\/hochnachhaltig\/wp-content\/uploads\/2023\/12\/IMPHnlmBaomW0-e1784289200895.png","datePublished":"2023-12-23T11:10:01+00:00","dateModified":"2026-07-17T11:53:33+00:00","description":"Windturbine in alpiner Lage. Die Windturbine am Stuhleck hat eine t\u00e4gliche Stromerzeugung von 4 Kilowattstunden.","breadcrumb":{"@id":"https:\/\/alpenlandmagazin.at\/hochnachhaltig\/windturbine-in-alpiner-lage\/#breadcrumb"},"inLanguage":"de","potentialAction":[{"@type":"ReadAction","target":["https:\/\/alpenlandmagazin.at\/hochnachhaltig\/windturbine-in-alpiner-lage\/"]}]},{"@type":"ImageObject","inLanguage":"de","@id":"https:\/\/alpenlandmagazin.at\/hochnachhaltig\/windturbine-in-alpiner-lage\/#primaryimage","url":"https:\/\/alpenlandmagazin.at\/hochnachhaltig\/wp-content\/uploads\/2023\/12\/IMPHnlmBaomW0-e1784289200895.png","contentUrl":"https:\/\/alpenlandmagazin.at\/hochnachhaltig\/wp-content\/uploads\/2023\/12\/IMPHnlmBaomW0-e1784289200895.png","width":1226,"height":768},{"@type":"BreadcrumbList","@id":"https:\/\/alpenlandmagazin.at\/hochnachhaltig\/windturbine-in-alpiner-lage\/#breadcrumb","itemListElement":[{"@type":"ListItem","position":1,"name":"Startseite","item":"https:\/\/alpenlandmagazin.at\/hochnachhaltig\/"},{"@type":"ListItem","position":2,"name":"Windturbine in alpiner Lage"}]},{"@type":"WebSite","@id":"https:\/\/alpenlandmagazin.at\/hochnachhaltig\/#website","url":"https:\/\/alpenlandmagazin.at\/hochnachhaltig\/","name":"hoch.nachhaltig - Berge. Umwelt. Selbstwirksamkeit.","description":"Wie man die Welt rettet und dabei Geld spart.","publisher":{"@id":"https:\/\/alpenlandmagazin.at\/hochnachhaltig\/#\/schema\/person\/cde7b4195499a8410a9ab4304ba1a6fe"},"alternateName":"hoch.nachhaltig","potentialAction":[{"@type":"SearchAction","target":{"@type":"EntryPoint","urlTemplate":"https:\/\/alpenlandmagazin.at\/hochnachhaltig\/?s={search_term_string}"},"query-input":{"@type":"PropertyValueSpecification","valueRequired":true,"valueName":"search_term_string"}}],"inLanguage":"de"},{"@type":["Person","Organization"],"@id":"https:\/\/alpenlandmagazin.at\/hochnachhaltig\/#\/schema\/person\/cde7b4195499a8410a9ab4304ba1a6fe","name":"Christian Schreiter","image":{"@type":"ImageObject","inLanguage":"de","@id":"https:\/\/alpenlandmagazin.at\/hochnachhaltig\/wp-content\/uploads\/2023\/12\/logo11_4_172949.png","url":"https:\/\/alpenlandmagazin.at\/hochnachhaltig\/wp-content\/uploads\/2023\/12\/logo11_4_172949.png","contentUrl":"https:\/\/alpenlandmagazin.at\/hochnachhaltig\/wp-content\/uploads\/2023\/12\/logo11_4_172949.png","width":2000,"height":2000,"caption":"Christian Schreiter"},"logo":{"@id":"https:\/\/alpenlandmagazin.at\/hochnachhaltig\/wp-content\/uploads\/2023\/12\/logo11_4_172949.png"}},{"@type":"Person","@id":"https:\/\/alpenlandmagazin.at\/hochnachhaltig\/#\/schema\/person\/7f5ce1e0f5b51b3dc237c27155c063b6","name":"ckrieh","image":{"@type":"ImageObject","inLanguage":"de","@id":"https:\/\/secure.gravatar.com\/avatar\/1a61d60ff2b88bcf2b98ce01b7ba9fe7685606d7822c85153b9262eac30a2c74?s=96&d=mm&r=g","url":"https:\/\/secure.gravatar.com\/avatar\/1a61d60ff2b88bcf2b98ce01b7ba9fe7685606d7822c85153b9262eac30a2c74?s=96&d=mm&r=g","contentUrl":"https:\/\/secure.gravatar.com\/avatar\/1a61d60ff2b88bcf2b98ce01b7ba9fe7685606d7822c85153b9262eac30a2c74?s=96&d=mm&r=g","caption":"ckrieh"},"sameAs":["https:\/\/alpenlandmagazin.at\/hochnachhaltig"],"url":"https:\/\/alpenlandmagazin.at\/hochnachhaltig\/author\/ckrieh\/"}]}},"_links":{"self":[{"href":"https:\/\/alpenlandmagazin.at\/hochnachhaltig\/wp-json\/wp\/v2\/posts\/110","targetHints":{"allow":["GET"]}}],"collection":[{"href":"https:\/\/alpenlandmagazin.at\/hochnachhaltig\/wp-json\/wp\/v2\/posts"}],"about":[{"href":"https:\/\/alpenlandmagazin.at\/hochnachhaltig\/wp-json\/wp\/v2\/types\/post"}],"author":[{"embeddable":true,"href":"https:\/\/alpenlandmagazin.at\/hochnachhaltig\/wp-json\/wp\/v2\/users\/1"}],"replies":[{"embeddable":true,"href":"https:\/\/alpenlandmagazin.at\/hochnachhaltig\/wp-json\/wp\/v2\/comments?post=110"}],"version-history":[{"count":3,"href":"https:\/\/alpenlandmagazin.at\/hochnachhaltig\/wp-json\/wp\/v2\/posts\/110\/revisions"}],"predecessor-version":[{"id":135,"href":"https:\/\/alpenlandmagazin.at\/hochnachhaltig\/wp-json\/wp\/v2\/posts\/110\/revisions\/135"}],"wp:featuredmedia":[{"embeddable":true,"href":"https:\/\/alpenlandmagazin.at\/hochnachhaltig\/wp-json\/wp\/v2\/media\/444"}],"wp:attachment":[{"href":"https:\/\/alpenlandmagazin.at\/hochnachhaltig\/wp-json\/wp\/v2\/media?parent=110"}],"wp:term":[{"taxonomy":"category","embeddable":true,"href":"https:\/\/alpenlandmagazin.at\/hochnachhaltig\/wp-json\/wp\/v2\/categories?post=110"},{"taxonomy":"post_tag","embeddable":true,"href":"https:\/\/alpenlandmagazin.at\/hochnachhaltig\/wp-json\/wp\/v2\/tags?post=110"}],"curies":[{"name":"wp","href":"https:\/\/api.w.org\/{rel}","templated":true}]}}