{"id":138,"date":"2024-01-01T17:58:22","date_gmt":"2024-01-01T16:58:22","guid":{"rendered":"https:\/\/alpenlandmagazin.at\/hochnachhaltig\/?p=138"},"modified":"2024-01-01T18:08:10","modified_gmt":"2024-01-01T17:08:10","slug":"waermepumpe-und-photovoltaik-im-winter-lohnt-das-mein-fazit-fuer-dezember","status":"publish","type":"post","link":"https:\/\/alpenlandmagazin.at\/hochnachhaltig\/waermepumpe-und-photovoltaik-im-winter-lohnt-das-mein-fazit-fuer-dezember\/","title":{"rendered":"W\u00e4rmepumpe und Photovoltaik im Winter. Lohnt das? Mein Fazit f\u00fcr Dezember."},"content":{"rendered":"<div class=\"epyt-video-wrapper\"><div  id=\"_ytid_11167\"  width=\"1200\" height=\"675\"  data-origwidth=\"1200\" data-origheight=\"675\" data-facadesrc=\"https:\/\/www.youtube.com\/embed\/40fKeGMDyhc?enablejsapi=1&#038;origin=https:\/\/alpenlandmagazin.at&#038;autoplay=0&#038;cc_load_policy=0&#038;cc_lang_pref=de&#038;iv_load_policy=1&#038;loop=0&#038;rel=0&#038;fs=1&#038;playsinline=1&#038;autohide=2&#038;theme=dark&#038;color=red&#038;controls=1&#038;disablekb=0&#038;\" class=\"__youtube_prefs__ epyt-facade no-lazyload\" data-epautoplay=\"1\" ><img decoding=\"async\" data-spai-excluded=\"true\" class=\"epyt-facade-poster skip-lazy\" loading=\"lazy\"  alt=\"YouTube player\"  src=\"https:\/\/i.ytimg.com\/vi\/40fKeGMDyhc\/maxresdefault.jpg\"  \/><button class=\"epyt-facade-play\" aria-label=\"Play\"><svg data-no-lazy=\"1\" height=\"100%\" version=\"1.1\" viewBox=\"0 0 68 48\" width=\"100%\"><path class=\"ytp-large-play-button-bg\" d=\"M66.52,7.74c-0.78-2.93-2.49-5.41-5.42-6.19C55.79,.13,34,0,34,0S12.21,.13,6.9,1.55 C3.97,2.33,2.27,4.81,1.48,7.74C0.06,13.05,0,24,0,24s0.06,10.95,1.48,16.26c0.78,2.93,2.49,5.41,5.42,6.19 C12.21,47.87,34,48,34,48s21.79-0.13,27.1-1.55c2.93-0.78,4.64-3.26,5.42-6.19C67.94,34.95,68,24,68,24S67.94,13.05,66.52,7.74z\" fill=\"#f00\"><\/path><path d=\"M 45,24 27,14 27,34\" fill=\"#fff\"><\/path><\/svg><\/button><\/div><\/div>\n\n\n<p><\/p>\n\n\n\n<p>Nun also Teil II meiner Serie &#8222;W\u00e4rmepumpe und Photovoltaik im Winter. Lohnt das?&#8220; Teil I findet Ihr hier: <a href=\"https:\/\/alpenlandmagazin.at\/hochnachhaltig\/waermepumpe-und-photovoltaik-im-winter-lohnt-das-mein-fazit-fuer-november\/\">W\u00e4rmepumpe und Photovoltaik im Winter. Lohnt das? Mein Fazit f\u00fcr November.<\/a><\/p>\n\n\n\n<p>Ich lasse wieder die Hosen runter und helfe Euch dabei, die Frage zu beantworten, ob eine W\u00e4rmepumpe in Verbindung mit einer Photovoltaikanlage nur ein plumper Verkaufsschm\u00e4h ist, oder ob sich das wirklich lohnt.<\/p>\n\n\n\n<p>Wir erinnern uns an mein <a href=\"https:\/\/alpenlandmagazin.at\/hochnachhaltig\/waermepumpe-und-photovoltaik-im-winter-lohnt-das-mein-fazit-fuer-november\/\">November-V<\/a><a href=\"https:\/\/youtu.be\/5nYWT_Ll2HU\" target=\"_blank\" rel=\"noreferrer noopener\">ideo<\/a>. Wir haben dort festgestellt, dass es von ein paar Parametern abh\u00e4ngt, ob Photovoltaik und W\u00e4rmepumpe eine gute Kombination sind, oder eher doch nicht. Einerseits ist es ein Unterschied, ob man im hohen Norden Deutschlands wohnt, oder im Osten \u00d6sterreichs, so wie ich. Andererseits ist die Frage, von welcher Art W\u00e4rmepumpe wir reden. Ich heize mit einer Luft-Luft-W\u00e4rmepumpe, vulgo Klimaanlage. Damit erzeuge ich nat\u00fcrlich kein Warmwasser, was die Bilanz hier rechnerisch um ca. 15% verbessert. Das m\u00fcsst Ihr wissen. Dennoch ist meine Bilanz nat\u00fcrlich auf alle Arten und Settings von W\u00e4rmepumpen umlegbar, solange sie ordentlich und professionell installiert sind.<\/p>\n\n\n\n<p>Wir erinnern uns auch, dass ich mit der Klimaanlage durchheize, den Bedarf aber durch Absenkung der Temperatur bei Nichtanwesenheit der Bewohnerinnen und Bewohner des Hauses bzw. nat\u00fcrlich auch in den Nachtstunden steuere. Wir ben\u00f6tigen bei uns zuhause tags\u00fcber und in der Nacht im Winter weniger Energie als an den Tagesr\u00e4ndern.<\/p>\n\n\n\n<h3 class=\"wp-block-heading\">Kommen wir wieder zu den Zahlen f\u00fcr Dezember und der Frage: W\u00e4rmepumpe und Photovoltaik im Winter. Lohnt das? Ja oder nein?<\/h3>\n\n\n\n<p>Ich habe wieder den ganzen Monat durchgeheizt und es sprang niemals die Gas-Brennwerttherme an. Das w\u00e4re ja der Fall, wenn der Strom viermal so teuer w\u00e4re, wie das Gas. Ein seltenes Ereignis. Warum dieser Fall relevant ist, habe ich <a href=\"https:\/\/alpenlandmagazin.at\/hochnachhaltig\/heizen-mit-klimaanlage-top-oder-flop\/\">hier<\/a> schon beschrieben.<\/p>\n\n\n\n<figure class=\"wp-block-image size-full\"><img loading=\"lazy\" decoding=\"async\" width=\"943\" height=\"276\" src=\"https:\/\/alpenlandmagazin.at\/hochnachhaltig\/wp-content\/uploads\/2024\/01\/Screenshot-2024-01-01-175227.png\" alt=\"W\u00e4rmepumpe und Photovoltaik im Winter. Lohnt das? - Klimaarchiv Dezember\" class=\"wp-image-144\" srcset=\"https:\/\/alpenlandmagazin.at\/hochnachhaltig\/wp-content\/uploads\/2024\/01\/Screenshot-2024-01-01-175227.png 943w, https:\/\/alpenlandmagazin.at\/hochnachhaltig\/wp-content\/uploads\/2024\/01\/Screenshot-2024-01-01-175227-300x88.png 300w, https:\/\/alpenlandmagazin.at\/hochnachhaltig\/wp-content\/uploads\/2024\/01\/Screenshot-2024-01-01-175227-768x225.png 768w\" sizes=\"auto, (max-width: 943px) 100vw, 943px\" \/><figcaption class=\"wp-element-caption\"><sup>Quelle: <a href=\"https:\/\/www.meteoblue.com\/de\/wetter\/historyclimate\/weatherarchive\/neud%c3%b6rfl_%c3%96sterreich_2770803?fcstlength=1m&amp;year=2023&amp;month=12\" target=\"_blank\" rel=\"noreferrer noopener\">https:\/\/www.meteoblue.com\/de\/wetter\/historyclimate\/weatherarchive\/neud%c3%b6rfl_%c3%96sterreich_2770803?fcstlength=1m&amp;year=2023&amp;month=12<\/a><\/sup><\/figcaption><\/figure>\n\n\n\n<p>Die erste Monatsh\u00e4lfte war gepr\u00e4gt von recht viel Schneefall und Minusgraden. Ab der Monatsmitte wurde es f\u00fcr die Jahreszeit ungew\u00f6hnlich warm und jetzt gegen Ende wurden Tagestemperaturen von um die 10 Grad plus erreicht. Auch Nachts gab es ab der Monatsmitte keinen Frost mehr.<\/p>\n\n\n\n<p>Wie Ihr aus dem November-Beitrag wisst, hat meine PV-Anlage 5,32kWp wobei 2\/3 davon nach SO und 1\/3 nach NW zeigt. Genau genommen reden wir von SSO und NNW. Das NNW-Drittel ist im Winter &#8211; wie man sich denken kann &#8211; nicht unbedingt der Renner, aber es erzeugt dennoch ein bisschen Strom.<\/p>\n\n\n\n<figure class=\"wp-block-image size-full is-resized\"><img loading=\"lazy\" decoding=\"async\" width=\"831\" height=\"335\" src=\"https:\/\/alpenlandmagazin.at\/hochnachhaltig\/wp-content\/uploads\/2024\/01\/Screenshot-2024-01-01-175415.png\" alt=\"W\u00e4rmepumpe und Photovoltaik im Winter. Lohnt das? - Stromerzeugung Dezember\" class=\"wp-image-145\" style=\"width:819px;height:auto\" srcset=\"https:\/\/alpenlandmagazin.at\/hochnachhaltig\/wp-content\/uploads\/2024\/01\/Screenshot-2024-01-01-175415.png 831w, https:\/\/alpenlandmagazin.at\/hochnachhaltig\/wp-content\/uploads\/2024\/01\/Screenshot-2024-01-01-175415-300x121.png 300w, https:\/\/alpenlandmagazin.at\/hochnachhaltig\/wp-content\/uploads\/2024\/01\/Screenshot-2024-01-01-175415-768x310.png 768w\" sizes=\"auto, (max-width: 831px) 100vw, 831px\" \/><\/figure>\n\n\n\n<p><strong>Meine PV-Anlage hat im Dezember \u00fcberraschend viel Strom erzeugt, n\u00e4mlich 128kWh.<\/strong> Damit h\u00e4tte ich vom Gef\u00fchl her nicht gerechnet, weil die Produktion um diese Jahreszeit erst gegen 8:30 startet und quasi um 14:30 schon wieder g\u00e4nzlich vorbei ist. Noch dazu lag doch eine Zeit lang, wie gesagt, eine Menge Schnee am Dach. Aber: <strong>die Dachneigung von 45% ist im Winter nat\u00fcrlich ein Vorteil. Und au\u00dferdem auch die niedrigen Temperaturen, die bei Sonnenschein nat\u00fcrlich ein Optimum aus der Anlage rausholen.<\/strong><\/p>\n\n\n\n<p>F\u00fcr das Haus und Heizen mit der Klimaanlage hatte ich im Dezember einen Gesamtstrombedarf von 483kWh. Davon brauchte ich rund 130kWh f\u00fcrs Heizen.<\/p>\n\n\n\n<p>63kWh habe ich eingespeist, d.h. 65kWh meines erzeugten Stroms wurden direkt verbraucht. 2\/3 davon f\u00fcr die WP, macht also rund 43kWh, die ich direkt verheizt habe.<\/p>\n\n\n\n<p>Fazit: <strong>33% des Heizstrombedarfs konnte ich im Dezember direkt vom eigenen Dach beziehen.<\/strong> Die PV erzeugte insgesamt fast genauso viel Strom, als die W\u00e4rmepumpe \u00fcberhaupt ben\u00f6tigte. <strong>Auch im Dezember hat das Verkaufsargument, dass eine W\u00e4rmepumpe mit PV-Anlage besonders viel Sinn hat, also zumindest in meinem Setting wieder gestimmt.<\/strong><\/p>\n\n\n\n<p>Nun d\u00fcrfen wir gespannt sein, was der J\u00e4nner bringt. Es kann dabei allerdings nur aufw\u00e4rts gehen, denn die dunkelste Zeit ist vorbei und ich rechne mit keinem gro\u00dfartigen Wintereinbruch mehr in meiner Gegend. Mal sehen. Es bleibt spannend!<\/p>\n","protected":false},"excerpt":{"rendered":"<p>Nun also Teil II meiner Serie &#8222;W\u00e4rmepumpe und Photovoltaik im Winter. Lohnt das?&#8220; Teil I findet Ihr hier: W\u00e4rmepumpe und Photovoltaik im Winter. Lohnt das? Mein Fazit f\u00fcr November. Ich lasse wieder die Hosen runter und helfe Euch dabei, die Frage zu beantworten, ob eine W\u00e4rmepumpe in Verbindung mit einer Photovoltaikanlage nur ein plumper Verkaufsschm\u00e4h&hellip;&nbsp;<a href=\"https:\/\/alpenlandmagazin.at\/hochnachhaltig\/waermepumpe-und-photovoltaik-im-winter-lohnt-das-mein-fazit-fuer-dezember\/\" rel=\"bookmark\">Weiterlesen &raquo;<span class=\"screen-reader-text\">W\u00e4rmepumpe und Photovoltaik im Winter. Lohnt das? Mein Fazit f\u00fcr Dezember.<\/span><\/a><\/p>\n","protected":false},"author":1,"featured_media":140,"comment_status":"open","ping_status":"open","sticky":false,"template":"","format":"standard","meta":{"neve_meta_sidebar":"","neve_meta_container":"","neve_meta_enable_content_width":"","neve_meta_content_width":0,"neve_meta_title_alignment":"","neve_meta_author_avatar":"","neve_post_elements_order":"","neve_meta_disable_header":"","neve_meta_disable_footer":"","neve_meta_disable_title":"","footnotes":""},"categories":[1],"tags":[],"class_list":["post-138","post","type-post","status-publish","format-standard","has-post-thumbnail","hentry","category-allgemein"],"yoast_head":"<!-- This site is optimized with the Yoast SEO plugin v26.6 - https:\/\/yoast.com\/wordpress\/plugins\/seo\/ -->\n<title>W\u00e4rmepumpe und Photovoltaik im Winter. Lohnt das? Mein Fazit f\u00fcr Dezember. - hoch.nachhaltig - Berge. Umwelt. Selbstwirksamkeit.<\/title>\n<meta name=\"description\" content=\"W\u00e4rmepumpe und Photovoltaik im Winter. Lohnt das? Meine PV-Anlage hat im Dezember \u00fcberraschend viel Strom erzeugt.\" \/>\n<meta name=\"robots\" content=\"index, follow, max-snippet:-1, max-image-preview:large, max-video-preview:-1\" \/>\n<link rel=\"canonical\" href=\"https:\/\/alpenlandmagazin.at\/hochnachhaltig\/waermepumpe-und-photovoltaik-im-winter-lohnt-das-mein-fazit-fuer-dezember\/\" \/>\n<meta property=\"og:locale\" content=\"de_DE\" \/>\n<meta property=\"og:type\" content=\"article\" \/>\n<meta property=\"og:title\" content=\"W\u00e4rmepumpe und Photovoltaik im Winter. Lohnt das? Mein Fazit f\u00fcr Dezember. - hoch.nachhaltig - Berge. Umwelt. Selbstwirksamkeit.\" \/>\n<meta property=\"og:description\" content=\"W\u00e4rmepumpe und Photovoltaik im Winter. Lohnt das? Meine PV-Anlage hat im Dezember \u00fcberraschend viel Strom erzeugt.\" \/>\n<meta property=\"og:url\" content=\"https:\/\/alpenlandmagazin.at\/hochnachhaltig\/waermepumpe-und-photovoltaik-im-winter-lohnt-das-mein-fazit-fuer-dezember\/\" \/>\n<meta property=\"og:site_name\" content=\"hoch.nachhaltig - Berge. Umwelt. Selbstwirksamkeit.\" \/>\n<meta property=\"article:published_time\" content=\"2024-01-01T16:58:22+00:00\" \/>\n<meta property=\"article:modified_time\" content=\"2024-01-01T17:08:10+00:00\" \/>\n<meta property=\"og:image\" content=\"https:\/\/alpenlandmagazin.at\/hochnachhaltig\/wp-content\/uploads\/2023\/12\/Titel-3-1024x683.png\" \/>\n\t<meta property=\"og:image:width\" content=\"1024\" \/>\n\t<meta property=\"og:image:height\" content=\"683\" \/>\n\t<meta property=\"og:image:type\" content=\"image\/png\" \/>\n<meta name=\"author\" content=\"ckrieh\" \/>\n<meta name=\"twitter:card\" content=\"summary_large_image\" \/>\n<meta name=\"twitter:label1\" content=\"Verfasst von\" \/>\n\t<meta name=\"twitter:data1\" content=\"ckrieh\" \/>\n\t<meta name=\"twitter:label2\" content=\"Gesch\u00e4tzte Lesezeit\" \/>\n\t<meta name=\"twitter:data2\" content=\"4 Minuten\" \/>\n<script type=\"application\/ld+json\" class=\"yoast-schema-graph\">{\"@context\":\"https:\/\/schema.org\",\"@graph\":[{\"@type\":\"Article\",\"@id\":\"https:\/\/alpenlandmagazin.at\/hochnachhaltig\/waermepumpe-und-photovoltaik-im-winter-lohnt-das-mein-fazit-fuer-dezember\/#article\",\"isPartOf\":{\"@id\":\"https:\/\/alpenlandmagazin.at\/hochnachhaltig\/waermepumpe-und-photovoltaik-im-winter-lohnt-das-mein-fazit-fuer-dezember\/\"},\"author\":{\"name\":\"ckrieh\",\"@id\":\"https:\/\/alpenlandmagazin.at\/hochnachhaltig\/#\/schema\/person\/7f5ce1e0f5b51b3dc237c27155c063b6\"},\"headline\":\"W\u00e4rmepumpe und Photovoltaik im Winter. Lohnt das? Mein Fazit f\u00fcr Dezember.\",\"datePublished\":\"2024-01-01T16:58:22+00:00\",\"dateModified\":\"2024-01-01T17:08:10+00:00\",\"mainEntityOfPage\":{\"@id\":\"https:\/\/alpenlandmagazin.at\/hochnachhaltig\/waermepumpe-und-photovoltaik-im-winter-lohnt-das-mein-fazit-fuer-dezember\/\"},\"wordCount\":666,\"commentCount\":0,\"publisher\":{\"@id\":\"https:\/\/alpenlandmagazin.at\/hochnachhaltig\/#\/schema\/person\/cde7b4195499a8410a9ab4304ba1a6fe\"},\"image\":{\"@id\":\"https:\/\/alpenlandmagazin.at\/hochnachhaltig\/waermepumpe-und-photovoltaik-im-winter-lohnt-das-mein-fazit-fuer-dezember\/#primaryimage\"},\"thumbnailUrl\":\"https:\/\/alpenlandmagazin.at\/hochnachhaltig\/wp-content\/uploads\/2023\/12\/Titel-3.png\",\"inLanguage\":\"de-AT\",\"potentialAction\":[{\"@type\":\"CommentAction\",\"name\":\"Comment\",\"target\":[\"https:\/\/alpenlandmagazin.at\/hochnachhaltig\/waermepumpe-und-photovoltaik-im-winter-lohnt-das-mein-fazit-fuer-dezember\/#respond\"]}]},{\"@type\":\"WebPage\",\"@id\":\"https:\/\/alpenlandmagazin.at\/hochnachhaltig\/waermepumpe-und-photovoltaik-im-winter-lohnt-das-mein-fazit-fuer-dezember\/\",\"url\":\"https:\/\/alpenlandmagazin.at\/hochnachhaltig\/waermepumpe-und-photovoltaik-im-winter-lohnt-das-mein-fazit-fuer-dezember\/\",\"name\":\"W\u00e4rmepumpe und Photovoltaik im Winter. Lohnt das? Mein Fazit f\u00fcr Dezember. - hoch.nachhaltig - Berge. Umwelt. Selbstwirksamkeit.\",\"isPartOf\":{\"@id\":\"https:\/\/alpenlandmagazin.at\/hochnachhaltig\/#website\"},\"primaryImageOfPage\":{\"@id\":\"https:\/\/alpenlandmagazin.at\/hochnachhaltig\/waermepumpe-und-photovoltaik-im-winter-lohnt-das-mein-fazit-fuer-dezember\/#primaryimage\"},\"image\":{\"@id\":\"https:\/\/alpenlandmagazin.at\/hochnachhaltig\/waermepumpe-und-photovoltaik-im-winter-lohnt-das-mein-fazit-fuer-dezember\/#primaryimage\"},\"thumbnailUrl\":\"https:\/\/alpenlandmagazin.at\/hochnachhaltig\/wp-content\/uploads\/2023\/12\/Titel-3.png\",\"datePublished\":\"2024-01-01T16:58:22+00:00\",\"dateModified\":\"2024-01-01T17:08:10+00:00\",\"description\":\"W\u00e4rmepumpe und Photovoltaik im Winter. Lohnt das? Meine PV-Anlage hat im Dezember \u00fcberraschend viel Strom erzeugt.\",\"breadcrumb\":{\"@id\":\"https:\/\/alpenlandmagazin.at\/hochnachhaltig\/waermepumpe-und-photovoltaik-im-winter-lohnt-das-mein-fazit-fuer-dezember\/#breadcrumb\"},\"inLanguage\":\"de-AT\",\"potentialAction\":[{\"@type\":\"ReadAction\",\"target\":[\"https:\/\/alpenlandmagazin.at\/hochnachhaltig\/waermepumpe-und-photovoltaik-im-winter-lohnt-das-mein-fazit-fuer-dezember\/\"]}]},{\"@type\":\"ImageObject\",\"inLanguage\":\"de-AT\",\"@id\":\"https:\/\/alpenlandmagazin.at\/hochnachhaltig\/waermepumpe-und-photovoltaik-im-winter-lohnt-das-mein-fazit-fuer-dezember\/#primaryimage\",\"url\":\"https:\/\/alpenlandmagazin.at\/hochnachhaltig\/wp-content\/uploads\/2023\/12\/Titel-3.png\",\"contentUrl\":\"https:\/\/alpenlandmagazin.at\/hochnachhaltig\/wp-content\/uploads\/2023\/12\/Titel-3.png\",\"width\":5472,\"height\":3648},{\"@type\":\"BreadcrumbList\",\"@id\":\"https:\/\/alpenlandmagazin.at\/hochnachhaltig\/waermepumpe-und-photovoltaik-im-winter-lohnt-das-mein-fazit-fuer-dezember\/#breadcrumb\",\"itemListElement\":[{\"@type\":\"ListItem\",\"position\":1,\"name\":\"Startseite\",\"item\":\"https:\/\/alpenlandmagazin.at\/hochnachhaltig\/\"},{\"@type\":\"ListItem\",\"position\":2,\"name\":\"W\u00e4rmepumpe und Photovoltaik im Winter. Lohnt das? Mein Fazit f\u00fcr Dezember.\"}]},{\"@type\":\"WebSite\",\"@id\":\"https:\/\/alpenlandmagazin.at\/hochnachhaltig\/#website\",\"url\":\"https:\/\/alpenlandmagazin.at\/hochnachhaltig\/\",\"name\":\"hoch.nachhaltig - Berge. Umwelt. Selbstwirksamkeit.\",\"description\":\"Wie man die Welt rettet und dabei Geld spart.\",\"publisher\":{\"@id\":\"https:\/\/alpenlandmagazin.at\/hochnachhaltig\/#\/schema\/person\/cde7b4195499a8410a9ab4304ba1a6fe\"},\"alternateName\":\"hoch.nachhaltig\",\"potentialAction\":[{\"@type\":\"SearchAction\",\"target\":{\"@type\":\"EntryPoint\",\"urlTemplate\":\"https:\/\/alpenlandmagazin.at\/hochnachhaltig\/?s={search_term_string}\"},\"query-input\":{\"@type\":\"PropertyValueSpecification\",\"valueRequired\":true,\"valueName\":\"search_term_string\"}}],\"inLanguage\":\"de-AT\"},{\"@type\":[\"Person\",\"Organization\"],\"@id\":\"https:\/\/alpenlandmagazin.at\/hochnachhaltig\/#\/schema\/person\/cde7b4195499a8410a9ab4304ba1a6fe\",\"name\":\"Christian Schreiter\",\"image\":{\"@type\":\"ImageObject\",\"inLanguage\":\"de-AT\",\"@id\":\"https:\/\/alpenlandmagazin.at\/hochnachhaltig\/#\/schema\/person\/image\/\",\"url\":\"https:\/\/alpenlandmagazin.at\/hochnachhaltig\/wp-content\/uploads\/2023\/12\/logo11_4_172949.png\",\"contentUrl\":\"https:\/\/alpenlandmagazin.at\/hochnachhaltig\/wp-content\/uploads\/2023\/12\/logo11_4_172949.png\",\"width\":2000,\"height\":2000,\"caption\":\"Christian Schreiter\"},\"logo\":{\"@id\":\"https:\/\/alpenlandmagazin.at\/hochnachhaltig\/#\/schema\/person\/image\/\"}},{\"@type\":\"Person\",\"@id\":\"https:\/\/alpenlandmagazin.at\/hochnachhaltig\/#\/schema\/person\/7f5ce1e0f5b51b3dc237c27155c063b6\",\"name\":\"ckrieh\",\"image\":{\"@type\":\"ImageObject\",\"inLanguage\":\"de-AT\",\"@id\":\"https:\/\/alpenlandmagazin.at\/hochnachhaltig\/#\/schema\/person\/image\/\",\"url\":\"https:\/\/secure.gravatar.com\/avatar\/1a61d60ff2b88bcf2b98ce01b7ba9fe7685606d7822c85153b9262eac30a2c74?s=96&d=mm&r=g\",\"contentUrl\":\"https:\/\/secure.gravatar.com\/avatar\/1a61d60ff2b88bcf2b98ce01b7ba9fe7685606d7822c85153b9262eac30a2c74?s=96&d=mm&r=g\",\"caption\":\"ckrieh\"},\"sameAs\":[\"https:\/\/alpenlandmagazin.at\/hochnachhaltig\"],\"url\":\"https:\/\/alpenlandmagazin.at\/hochnachhaltig\/author\/ckrieh\/\"}]}<\/script>\n<!-- \/ Yoast SEO plugin. -->","yoast_head_json":{"title":"W\u00e4rmepumpe und Photovoltaik im Winter. Lohnt das? Mein Fazit f\u00fcr Dezember. - hoch.nachhaltig - Berge. Umwelt. Selbstwirksamkeit.","description":"W\u00e4rmepumpe und Photovoltaik im Winter. Lohnt das? Meine PV-Anlage hat im Dezember \u00fcberraschend viel Strom erzeugt.","robots":{"index":"index","follow":"follow","max-snippet":"max-snippet:-1","max-image-preview":"max-image-preview:large","max-video-preview":"max-video-preview:-1"},"canonical":"https:\/\/alpenlandmagazin.at\/hochnachhaltig\/waermepumpe-und-photovoltaik-im-winter-lohnt-das-mein-fazit-fuer-dezember\/","og_locale":"de_DE","og_type":"article","og_title":"W\u00e4rmepumpe und Photovoltaik im Winter. Lohnt das? Mein Fazit f\u00fcr Dezember. - hoch.nachhaltig - Berge. Umwelt. Selbstwirksamkeit.","og_description":"W\u00e4rmepumpe und Photovoltaik im Winter. Lohnt das? Meine PV-Anlage hat im Dezember \u00fcberraschend viel Strom erzeugt.","og_url":"https:\/\/alpenlandmagazin.at\/hochnachhaltig\/waermepumpe-und-photovoltaik-im-winter-lohnt-das-mein-fazit-fuer-dezember\/","og_site_name":"hoch.nachhaltig - Berge. Umwelt. Selbstwirksamkeit.","article_published_time":"2024-01-01T16:58:22+00:00","article_modified_time":"2024-01-01T17:08:10+00:00","og_image":[{"width":1024,"height":683,"url":"https:\/\/alpenlandmagazin.at\/hochnachhaltig\/wp-content\/uploads\/2023\/12\/Titel-3-1024x683.png","type":"image\/png"}],"author":"ckrieh","twitter_card":"summary_large_image","twitter_misc":{"Verfasst von":"ckrieh","Gesch\u00e4tzte Lesezeit":"4 Minuten"},"schema":{"@context":"https:\/\/schema.org","@graph":[{"@type":"Article","@id":"https:\/\/alpenlandmagazin.at\/hochnachhaltig\/waermepumpe-und-photovoltaik-im-winter-lohnt-das-mein-fazit-fuer-dezember\/#article","isPartOf":{"@id":"https:\/\/alpenlandmagazin.at\/hochnachhaltig\/waermepumpe-und-photovoltaik-im-winter-lohnt-das-mein-fazit-fuer-dezember\/"},"author":{"name":"ckrieh","@id":"https:\/\/alpenlandmagazin.at\/hochnachhaltig\/#\/schema\/person\/7f5ce1e0f5b51b3dc237c27155c063b6"},"headline":"W\u00e4rmepumpe und Photovoltaik im Winter. Lohnt das? Mein Fazit f\u00fcr Dezember.","datePublished":"2024-01-01T16:58:22+00:00","dateModified":"2024-01-01T17:08:10+00:00","mainEntityOfPage":{"@id":"https:\/\/alpenlandmagazin.at\/hochnachhaltig\/waermepumpe-und-photovoltaik-im-winter-lohnt-das-mein-fazit-fuer-dezember\/"},"wordCount":666,"commentCount":0,"publisher":{"@id":"https:\/\/alpenlandmagazin.at\/hochnachhaltig\/#\/schema\/person\/cde7b4195499a8410a9ab4304ba1a6fe"},"image":{"@id":"https:\/\/alpenlandmagazin.at\/hochnachhaltig\/waermepumpe-und-photovoltaik-im-winter-lohnt-das-mein-fazit-fuer-dezember\/#primaryimage"},"thumbnailUrl":"https:\/\/alpenlandmagazin.at\/hochnachhaltig\/wp-content\/uploads\/2023\/12\/Titel-3.png","inLanguage":"de-AT","potentialAction":[{"@type":"CommentAction","name":"Comment","target":["https:\/\/alpenlandmagazin.at\/hochnachhaltig\/waermepumpe-und-photovoltaik-im-winter-lohnt-das-mein-fazit-fuer-dezember\/#respond"]}]},{"@type":"WebPage","@id":"https:\/\/alpenlandmagazin.at\/hochnachhaltig\/waermepumpe-und-photovoltaik-im-winter-lohnt-das-mein-fazit-fuer-dezember\/","url":"https:\/\/alpenlandmagazin.at\/hochnachhaltig\/waermepumpe-und-photovoltaik-im-winter-lohnt-das-mein-fazit-fuer-dezember\/","name":"W\u00e4rmepumpe und Photovoltaik im Winter. Lohnt das? Mein Fazit f\u00fcr Dezember. - hoch.nachhaltig - Berge. Umwelt. Selbstwirksamkeit.","isPartOf":{"@id":"https:\/\/alpenlandmagazin.at\/hochnachhaltig\/#website"},"primaryImageOfPage":{"@id":"https:\/\/alpenlandmagazin.at\/hochnachhaltig\/waermepumpe-und-photovoltaik-im-winter-lohnt-das-mein-fazit-fuer-dezember\/#primaryimage"},"image":{"@id":"https:\/\/alpenlandmagazin.at\/hochnachhaltig\/waermepumpe-und-photovoltaik-im-winter-lohnt-das-mein-fazit-fuer-dezember\/#primaryimage"},"thumbnailUrl":"https:\/\/alpenlandmagazin.at\/hochnachhaltig\/wp-content\/uploads\/2023\/12\/Titel-3.png","datePublished":"2024-01-01T16:58:22+00:00","dateModified":"2024-01-01T17:08:10+00:00","description":"W\u00e4rmepumpe und Photovoltaik im Winter. Lohnt das? Meine PV-Anlage hat im Dezember \u00fcberraschend viel Strom erzeugt.","breadcrumb":{"@id":"https:\/\/alpenlandmagazin.at\/hochnachhaltig\/waermepumpe-und-photovoltaik-im-winter-lohnt-das-mein-fazit-fuer-dezember\/#breadcrumb"},"inLanguage":"de-AT","potentialAction":[{"@type":"ReadAction","target":["https:\/\/alpenlandmagazin.at\/hochnachhaltig\/waermepumpe-und-photovoltaik-im-winter-lohnt-das-mein-fazit-fuer-dezember\/"]}]},{"@type":"ImageObject","inLanguage":"de-AT","@id":"https:\/\/alpenlandmagazin.at\/hochnachhaltig\/waermepumpe-und-photovoltaik-im-winter-lohnt-das-mein-fazit-fuer-dezember\/#primaryimage","url":"https:\/\/alpenlandmagazin.at\/hochnachhaltig\/wp-content\/uploads\/2023\/12\/Titel-3.png","contentUrl":"https:\/\/alpenlandmagazin.at\/hochnachhaltig\/wp-content\/uploads\/2023\/12\/Titel-3.png","width":5472,"height":3648},{"@type":"BreadcrumbList","@id":"https:\/\/alpenlandmagazin.at\/hochnachhaltig\/waermepumpe-und-photovoltaik-im-winter-lohnt-das-mein-fazit-fuer-dezember\/#breadcrumb","itemListElement":[{"@type":"ListItem","position":1,"name":"Startseite","item":"https:\/\/alpenlandmagazin.at\/hochnachhaltig\/"},{"@type":"ListItem","position":2,"name":"W\u00e4rmepumpe und Photovoltaik im Winter. Lohnt das? Mein Fazit f\u00fcr Dezember."}]},{"@type":"WebSite","@id":"https:\/\/alpenlandmagazin.at\/hochnachhaltig\/#website","url":"https:\/\/alpenlandmagazin.at\/hochnachhaltig\/","name":"hoch.nachhaltig - Berge. Umwelt. Selbstwirksamkeit.","description":"Wie man die Welt rettet und dabei Geld spart.","publisher":{"@id":"https:\/\/alpenlandmagazin.at\/hochnachhaltig\/#\/schema\/person\/cde7b4195499a8410a9ab4304ba1a6fe"},"alternateName":"hoch.nachhaltig","potentialAction":[{"@type":"SearchAction","target":{"@type":"EntryPoint","urlTemplate":"https:\/\/alpenlandmagazin.at\/hochnachhaltig\/?s={search_term_string}"},"query-input":{"@type":"PropertyValueSpecification","valueRequired":true,"valueName":"search_term_string"}}],"inLanguage":"de-AT"},{"@type":["Person","Organization"],"@id":"https:\/\/alpenlandmagazin.at\/hochnachhaltig\/#\/schema\/person\/cde7b4195499a8410a9ab4304ba1a6fe","name":"Christian Schreiter","image":{"@type":"ImageObject","inLanguage":"de-AT","@id":"https:\/\/alpenlandmagazin.at\/hochnachhaltig\/#\/schema\/person\/image\/","url":"https:\/\/alpenlandmagazin.at\/hochnachhaltig\/wp-content\/uploads\/2023\/12\/logo11_4_172949.png","contentUrl":"https:\/\/alpenlandmagazin.at\/hochnachhaltig\/wp-content\/uploads\/2023\/12\/logo11_4_172949.png","width":2000,"height":2000,"caption":"Christian Schreiter"},"logo":{"@id":"https:\/\/alpenlandmagazin.at\/hochnachhaltig\/#\/schema\/person\/image\/"}},{"@type":"Person","@id":"https:\/\/alpenlandmagazin.at\/hochnachhaltig\/#\/schema\/person\/7f5ce1e0f5b51b3dc237c27155c063b6","name":"ckrieh","image":{"@type":"ImageObject","inLanguage":"de-AT","@id":"https:\/\/alpenlandmagazin.at\/hochnachhaltig\/#\/schema\/person\/image\/","url":"https:\/\/secure.gravatar.com\/avatar\/1a61d60ff2b88bcf2b98ce01b7ba9fe7685606d7822c85153b9262eac30a2c74?s=96&d=mm&r=g","contentUrl":"https:\/\/secure.gravatar.com\/avatar\/1a61d60ff2b88bcf2b98ce01b7ba9fe7685606d7822c85153b9262eac30a2c74?s=96&d=mm&r=g","caption":"ckrieh"},"sameAs":["https:\/\/alpenlandmagazin.at\/hochnachhaltig"],"url":"https:\/\/alpenlandmagazin.at\/hochnachhaltig\/author\/ckrieh\/"}]}},"_links":{"self":[{"href":"https:\/\/alpenlandmagazin.at\/hochnachhaltig\/wp-json\/wp\/v2\/posts\/138","targetHints":{"allow":["GET"]}}],"collection":[{"href":"https:\/\/alpenlandmagazin.at\/hochnachhaltig\/wp-json\/wp\/v2\/posts"}],"about":[{"href":"https:\/\/alpenlandmagazin.at\/hochnachhaltig\/wp-json\/wp\/v2\/types\/post"}],"author":[{"embeddable":true,"href":"https:\/\/alpenlandmagazin.at\/hochnachhaltig\/wp-json\/wp\/v2\/users\/1"}],"replies":[{"embeddable":true,"href":"https:\/\/alpenlandmagazin.at\/hochnachhaltig\/wp-json\/wp\/v2\/comments?post=138"}],"version-history":[{"count":5,"href":"https:\/\/alpenlandmagazin.at\/hochnachhaltig\/wp-json\/wp\/v2\/posts\/138\/revisions"}],"predecessor-version":[{"id":148,"href":"https:\/\/alpenlandmagazin.at\/hochnachhaltig\/wp-json\/wp\/v2\/posts\/138\/revisions\/148"}],"wp:featuredmedia":[{"embeddable":true,"href":"https:\/\/alpenlandmagazin.at\/hochnachhaltig\/wp-json\/wp\/v2\/media\/140"}],"wp:attachment":[{"href":"https:\/\/alpenlandmagazin.at\/hochnachhaltig\/wp-json\/wp\/v2\/media?parent=138"}],"wp:term":[{"taxonomy":"category","embeddable":true,"href":"https:\/\/alpenlandmagazin.at\/hochnachhaltig\/wp-json\/wp\/v2\/categories?post=138"},{"taxonomy":"post_tag","embeddable":true,"href":"https:\/\/alpenlandmagazin.at\/hochnachhaltig\/wp-json\/wp\/v2\/tags?post=138"}],"curies":[{"name":"wp","href":"https:\/\/api.w.org\/{rel}","templated":true}]}}