{"id":162,"date":"2024-02-03T17:12:22","date_gmt":"2024-02-03T16:12:22","guid":{"rendered":"https:\/\/alpenlandmagazin.at\/hochnachhaltig\/?p=162"},"modified":"2024-02-03T21:24:54","modified_gmt":"2024-02-03T20:24:54","slug":"waermepumpe-und-photovoltaik-im-winter-lohnt-das-mein-fazit-fuer-jaenner","status":"publish","type":"post","link":"https:\/\/alpenlandmagazin.at\/hochnachhaltig\/waermepumpe-und-photovoltaik-im-winter-lohnt-das-mein-fazit-fuer-jaenner\/","title":{"rendered":"W\u00e4rmepumpe und Photovoltaik im Winter. Lohnt das? Mein Fazit f\u00fcr J\u00e4nner."},"content":{"rendered":"<div class=\"epyt-video-wrapper\"><div  id=\"_ytid_50352\"  width=\"1200\" height=\"675\"  data-origwidth=\"1200\" data-origheight=\"675\" data-facadesrc=\"https:\/\/www.youtube.com\/embed\/RMtDHxsMK1k?enablejsapi=1&#038;origin=https:\/\/alpenlandmagazin.at&#038;autoplay=0&#038;cc_load_policy=0&#038;cc_lang_pref=de&#038;iv_load_policy=1&#038;loop=0&#038;rel=0&#038;fs=1&#038;playsinline=1&#038;autohide=2&#038;theme=dark&#038;color=red&#038;controls=1&#038;disablekb=0&#038;\" class=\"__youtube_prefs__ epyt-facade no-lazyload\" data-epautoplay=\"1\" ><img decoding=\"async\" data-spai-excluded=\"true\" class=\"epyt-facade-poster skip-lazy\" loading=\"lazy\"  alt=\"YouTube player\"  src=\"https:\/\/i.ytimg.com\/vi\/RMtDHxsMK1k\/maxresdefault.jpg\"  \/><button class=\"epyt-facade-play\" aria-label=\"Play\"><svg data-no-lazy=\"1\" height=\"100%\" version=\"1.1\" viewBox=\"0 0 68 48\" width=\"100%\"><path class=\"ytp-large-play-button-bg\" d=\"M66.52,7.74c-0.78-2.93-2.49-5.41-5.42-6.19C55.79,.13,34,0,34,0S12.21,.13,6.9,1.55 C3.97,2.33,2.27,4.81,1.48,7.74C0.06,13.05,0,24,0,24s0.06,10.95,1.48,16.26c0.78,2.93,2.49,5.41,5.42,6.19 C12.21,47.87,34,48,34,48s21.79-0.13,27.1-1.55c2.93-0.78,4.64-3.26,5.42-6.19C67.94,34.95,68,24,68,24S67.94,13.05,66.52,7.74z\" fill=\"#f00\"><\/path><path d=\"M 45,24 27,14 27,34\" fill=\"#fff\"><\/path><\/svg><\/button><\/div><\/div>\n\n\n<p><\/p>\n\n\n\n<p>Dies ist Folge drei meiner vierteiligen Reihe &#8222;W\u00e4rmepumpe und Photovoltaik im Winter. Lohnt das?&#8220;, bei der ich von November bis inklusive Feber der Frage nachgehen will, ob eine W\u00e4rmepumpe mit Photovoltaik Sinn hat, oder blo\u00df ein bl\u00f6der Werbegag ist.<\/p>\n\n\n\n<p>F\u00fcr Neueinsteiger hier nochmals mein Setting. Meine PV-Anlage hat 5,32kWp und ist zu 2\/3 nach SSO und zu 1\/3 nach NNW ausgerichtet. Nicht gerade optimal f\u00fcr die Wintermonate, sollte man meinen.<\/p>\n\n\n\n<h3 class=\"wp-block-heading\">Mein Setting<\/h3>\n\n\n\n<p>Ich heize 75% meines Wohnraums mit einer Luft-Luft-W\u00e4rmepumpe, also einer Klimaanlage. Die restlichen 25% (das sind vor allem WC, Bad, Vorraum und ein kleineres Zimmer) werden mit einer Gas-Brennwerttherme beheizt. Oder anders gesagt, mit der Klimaanlage beheize ich ein gr\u00f6\u00dferes Zimmer, das Schlafzimmer und den gro\u00dfen offenen Bereich aus Wohnzimmer, Esszimmer, K\u00fcche und Diele. Den Rest beheize ich mit einer Gas-Brennwerttherme, die auch das Warmwasser macht.<\/p>\n\n\n\n<p>Die Klimaanlage ist eine extrem effiziente Form einer W\u00e4rmepumpe. Einerseits, weil meine Anlage besonders f\u00fcrs Heizen dimensioniert wurde, andererseits aber nat\u00fcrlich auch aus allgemein technischen Gr\u00fcnden. Ihr Nachteil ist, das diese Form der W\u00e4rmepumpe nat\u00fcrlich kein Warmwasser erzeugen kann.<\/p>\n\n\n\n<p>Das alles spielt aber bei der Fragestellung, ob eine PV-Anlage eine W\u00e4rmepumpe im Winter hinreichend unterst\u00fcrzen kann, nur sehr bedingt eine Rolle. Wichtiger ist hier das pers\u00f6nliche Setting. Wann wird Strom bzw. W\u00e4rme ben\u00f6tigt, wie geht man mit den Einstellungen um &#8211; Thema Nachtabsenkung und Absenkung w\u00e4hrend der Zeit, wo niemand zuhause ist. Ich habe dazu in den letzten <a href=\"https:\/\/alpenlandmagazin.at\/hochnachhaltig\/waermepumpe-und-photovoltaik-im-winter-lohnt-das-mein-fazit-fuer-dezember\/\">Videos<\/a> bereits erz\u00e4hlt, wie wir das machen.<\/p>\n\n\n\n<p>Allerdings hat sich diesbez\u00fcglich auch was ge\u00e4ndert und ich denke, ich mache dazu einen 5. Teil der Serie, in dem ich \u00fcber die sinnvollen Einstellungsszenarien in meinem Setting abschlie\u00dfend berichte.<\/p>\n\n\n\n<h3 class=\"wp-block-heading\">W\u00e4rmepumpe und Photovoltaik im Winter. Lohnt das? Mein Fazit f\u00fcr J\u00e4nner.<\/h3>\n\n\n\n<p>Dieser Monat war gepr\u00e4gt von wirklich niedrigen Temperaturen in der ersten J\u00e4nnerh\u00e4lfte bzw. in der Mitte des Monats. Mehrere Tage hintereinander hatte es in der Nacht an die -10 Grad und auch tags\u00fcber blieb das Thermometer unter 0 Grad. In dieser Zeit experimentierten wir auch insgesamt acht Stunden an drei verschiedenen Tagen damit rum, wie im nach NO ausgerichteten Eckzimmer die Beheizung am sinnvollsten ist und ob eine Absenkung z.B. in der Nacht dort bei klirrender K\u00e4lte \u00f6konomisch Sinn hat. Das wird aber Thema des angek\u00fcndigten 5. Teils der vierteiligen Serie. F\u00fcr diesen Beitrag ist nur wichtig zu wissen, dass der Raum in dieser Zeit u.a. stundenweise auch hybrid beheizt wurde &#8211; also teilweise zus\u00e4tzlich mit Gas. Daher rechne ich zum Heizenergiebedarf pauschal 5 Kilowattstunden (kWh) bei der nachfolgenden Rechnung hinzu. Ich denke, das ist angebracht und entspricht auch der Realit\u00e4t auf Basis der bisherigen Erfahrungen.<\/p>\n\n\n\n<figure class=\"wp-block-image size-full\"><img loading=\"lazy\" decoding=\"async\" width=\"977\" height=\"345\" src=\"https:\/\/alpenlandmagazin.at\/hochnachhaltig\/wp-content\/uploads\/2024\/02\/meteoblue.png\" alt=\"W\u00e4rmepumpe und Photovoltaik im Winter. Lohnt das? Mein Fazit f\u00fcr J\u00e4nner. - Die Temperaturen.\" class=\"wp-image-165\" srcset=\"https:\/\/alpenlandmagazin.at\/hochnachhaltig\/wp-content\/uploads\/2024\/02\/meteoblue.png 977w, https:\/\/alpenlandmagazin.at\/hochnachhaltig\/wp-content\/uploads\/2024\/02\/meteoblue-300x106.png 300w, https:\/\/alpenlandmagazin.at\/hochnachhaltig\/wp-content\/uploads\/2024\/02\/meteoblue-768x271.png 768w\" sizes=\"auto, (max-width: 977px) 100vw, 977px\" \/><figcaption class=\"wp-element-caption\"><sup>Quelle: <a href=\"https:\/\/www.meteoblue.com\/de\/wetter\/historyclimate\/weatherarchive\/neud%c3%b6rfl_%c3%96sterreich_2770803?fcstlength=1m&amp;year=2024&amp;month=1\" target=\"_blank\" rel=\"noreferrer noopener\">https:\/\/www.meteoblue.com\/de\/wetter\/historyclimate\/weatherarchive\/neud%c3%b6rfl_%c3%96sterreich_2770803?fcstlength=1m&amp;year=2024&amp;month=1<\/a><\/sup><\/figcaption><\/figure>\n\n\n\n<p><strong>Ich sag mal so: der J\u00e4nner war saukalt, aber hier in Ost\u00f6sterreich auch ziemlich sonnig.<\/strong> Das ist gut &#8211; vor allem auch verglichen mit dem Dezember.<\/p>\n\n\n\n<figure class=\"wp-block-image size-full\"><img loading=\"lazy\" decoding=\"async\" width=\"812\" height=\"332\" src=\"https:\/\/alpenlandmagazin.at\/hochnachhaltig\/wp-content\/uploads\/2024\/02\/Fusuion.png\" alt=\"W\u00e4rmepumpe und Photovoltaik im Winter. Lohnt das? Mein Fazit f\u00fcr J\u00e4nner. - Die Stromerzeugung.\" class=\"wp-image-167\" srcset=\"https:\/\/alpenlandmagazin.at\/hochnachhaltig\/wp-content\/uploads\/2024\/02\/Fusuion.png 812w, https:\/\/alpenlandmagazin.at\/hochnachhaltig\/wp-content\/uploads\/2024\/02\/Fusuion-300x123.png 300w, https:\/\/alpenlandmagazin.at\/hochnachhaltig\/wp-content\/uploads\/2024\/02\/Fusuion-768x314.png 768w\" sizes=\"auto, (max-width: 812px) 100vw, 812px\" \/><\/figure>\n\n\n\n<p>Wir erzeugten 217 kWh Strom. Davon wurden 116 kWh Strom &#8211; also etwas mehr als die H\u00e4lfte &#8211; eingespeist. 101 kWh verbrauchten wir direkt selbst.<\/p>\n\n\n\n<p>453 kWh Strom bezogen wir vom Netz. Der Gesamtenergiebedarf im J\u00e4nner lag daher zzgl. der oben erw\u00e4hnten 5 kWh bei 559 kWh. Davon gingen 241 kWh Strom in die Erzeugung von W\u00e4rme. Das ist doch signifikant mehr als die 130 kWh im Dezember, was aber nat\u00fcrlich mit der gro\u00dfen K\u00e4lte zusammenh\u00e4ngt. Wobei man dazusagen muss, dass die 2. Monatsh\u00e4lfte wiederum relativ warm war.<\/p>\n\n\n\n<p>Es wurden auch diesmal zwei Drittel des nicht eingespeisten Stroms direkt verheizt. Das entspricht rund 67 kWh. Das sind immerhin <strong>nahezu 25% des Strombedarfs der W\u00e4rmepumpe,<\/strong> der <strong>direkt vom Dach<\/strong> kam. Dabei erzeugte die PV-Anlage insgesamt nur 10% weniger Strom, als f\u00fcr das Heizen ben\u00f6tigt wurde.<\/p>\n\n\n\n<p><strong>Fazit: Auch im kalten J\u00e4nner ist es so, dass eine W\u00e4rmepumpe mit Photovoltaikanlage jedenfalls Sinn hat und es sich keinesfalls um einen Werbegag handelt.<\/strong><\/p>\n\n\n\n<p>Man k\u00f6nnte jetzt einwerfen: ja, aber Du hast ja &#8222;nur&#8220; eine Klimaanlage. Stimmt. H\u00e4tte ich eine andere Art von W\u00e4rmepumpe, ben\u00f6tigte ich rund das Doppelte oder Dreifache an Strom. Aber dann h\u00e4tte ich mich nicht f\u00fcr eine 5,32kWp-PV-Anlage entschieden, sondern f\u00fcr eine mit entsprechend mehr Leistung. Die Relation bliebe also dieselbe.<\/p>\n","protected":false},"excerpt":{"rendered":"<p>Dies ist Folge drei meiner vierteiligen Reihe &#8222;W\u00e4rmepumpe und Photovoltaik im Winter. Lohnt das?&#8220;, bei der ich von November bis inklusive Feber der Frage nachgehen will, ob eine W\u00e4rmepumpe mit Photovoltaik Sinn hat, oder blo\u00df ein bl\u00f6der Werbegag ist. F\u00fcr Neueinsteiger hier nochmals mein Setting. Meine PV-Anlage hat 5,32kWp und ist zu 2\/3 nach SSO&hellip;&nbsp;<a href=\"https:\/\/alpenlandmagazin.at\/hochnachhaltig\/waermepumpe-und-photovoltaik-im-winter-lohnt-das-mein-fazit-fuer-jaenner\/\" rel=\"bookmark\">Weiterlesen &raquo;<span class=\"screen-reader-text\">W\u00e4rmepumpe und Photovoltaik im Winter. Lohnt das? Mein Fazit f\u00fcr J\u00e4nner.<\/span><\/a><\/p>\n","protected":false},"author":1,"featured_media":163,"comment_status":"open","ping_status":"open","sticky":false,"template":"","format":"standard","meta":{"neve_meta_sidebar":"","neve_meta_container":"","neve_meta_enable_content_width":"","neve_meta_content_width":0,"neve_meta_title_alignment":"","neve_meta_author_avatar":"","neve_post_elements_order":"","neve_meta_disable_header":"","neve_meta_disable_footer":"","neve_meta_disable_title":"","footnotes":""},"categories":[1],"tags":[],"class_list":["post-162","post","type-post","status-publish","format-standard","has-post-thumbnail","hentry","category-allgemein"],"yoast_head":"<!-- This site is optimized with the Yoast SEO plugin v26.6 - https:\/\/yoast.com\/wordpress\/plugins\/seo\/ -->\n<title>W\u00e4rmepumpe und Photovoltaik im Winter. Lohnt das? Mein Fazit f\u00fcr J\u00e4nner. - hoch.nachhaltig - Berge. Umwelt. Selbstwirksamkeit.<\/title>\n<meta name=\"description\" content=\"W\u00e4rmepumpe und Photovoltaik im J\u00e4nner. Lohnt das? Fakt ist: 25% des Heizstrombedarfs kamen direkt vom Dach.\" \/>\n<meta name=\"robots\" content=\"index, follow, max-snippet:-1, max-image-preview:large, max-video-preview:-1\" \/>\n<link rel=\"canonical\" href=\"https:\/\/alpenlandmagazin.at\/hochnachhaltig\/waermepumpe-und-photovoltaik-im-winter-lohnt-das-mein-fazit-fuer-jaenner\/\" \/>\n<meta property=\"og:locale\" content=\"de_DE\" \/>\n<meta property=\"og:type\" content=\"article\" \/>\n<meta property=\"og:title\" content=\"W\u00e4rmepumpe und Photovoltaik im Winter. Lohnt das? Mein Fazit f\u00fcr J\u00e4nner. - hoch.nachhaltig - Berge. Umwelt. Selbstwirksamkeit.\" \/>\n<meta property=\"og:description\" content=\"W\u00e4rmepumpe und Photovoltaik im J\u00e4nner. Lohnt das? Fakt ist: 25% des Heizstrombedarfs kamen direkt vom Dach.\" \/>\n<meta property=\"og:url\" content=\"https:\/\/alpenlandmagazin.at\/hochnachhaltig\/waermepumpe-und-photovoltaik-im-winter-lohnt-das-mein-fazit-fuer-jaenner\/\" \/>\n<meta property=\"og:site_name\" content=\"hoch.nachhaltig - Berge. Umwelt. Selbstwirksamkeit.\" \/>\n<meta property=\"article:published_time\" content=\"2024-02-03T16:12:22+00:00\" \/>\n<meta property=\"article:modified_time\" content=\"2024-02-03T20:24:54+00:00\" \/>\n<meta property=\"og:image\" content=\"https:\/\/alpenlandmagazin.at\/hochnachhaltig\/wp-content\/uploads\/2024\/02\/Titel-e1706976972571-1024x659.png\" \/>\n\t<meta property=\"og:image:width\" content=\"1024\" \/>\n\t<meta property=\"og:image:height\" content=\"659\" \/>\n\t<meta property=\"og:image:type\" content=\"image\/png\" \/>\n<meta name=\"author\" content=\"ckrieh\" \/>\n<meta name=\"twitter:card\" content=\"summary_large_image\" \/>\n<meta name=\"twitter:label1\" content=\"Verfasst von\" \/>\n\t<meta name=\"twitter:data1\" content=\"ckrieh\" \/>\n\t<meta name=\"twitter:label2\" content=\"Gesch\u00e4tzte Lesezeit\" \/>\n\t<meta name=\"twitter:data2\" content=\"5 Minuten\" \/>\n<script type=\"application\/ld+json\" class=\"yoast-schema-graph\">{\"@context\":\"https:\/\/schema.org\",\"@graph\":[{\"@type\":\"Article\",\"@id\":\"https:\/\/alpenlandmagazin.at\/hochnachhaltig\/waermepumpe-und-photovoltaik-im-winter-lohnt-das-mein-fazit-fuer-jaenner\/#article\",\"isPartOf\":{\"@id\":\"https:\/\/alpenlandmagazin.at\/hochnachhaltig\/waermepumpe-und-photovoltaik-im-winter-lohnt-das-mein-fazit-fuer-jaenner\/\"},\"author\":{\"name\":\"ckrieh\",\"@id\":\"https:\/\/alpenlandmagazin.at\/hochnachhaltig\/#\/schema\/person\/7f5ce1e0f5b51b3dc237c27155c063b6\"},\"headline\":\"W\u00e4rmepumpe und Photovoltaik im Winter. Lohnt das? Mein Fazit f\u00fcr J\u00e4nner.\",\"datePublished\":\"2024-02-03T16:12:22+00:00\",\"dateModified\":\"2024-02-03T20:24:54+00:00\",\"mainEntityOfPage\":{\"@id\":\"https:\/\/alpenlandmagazin.at\/hochnachhaltig\/waermepumpe-und-photovoltaik-im-winter-lohnt-das-mein-fazit-fuer-jaenner\/\"},\"wordCount\":752,\"commentCount\":0,\"publisher\":{\"@id\":\"https:\/\/alpenlandmagazin.at\/hochnachhaltig\/#\/schema\/person\/cde7b4195499a8410a9ab4304ba1a6fe\"},\"image\":{\"@id\":\"https:\/\/alpenlandmagazin.at\/hochnachhaltig\/waermepumpe-und-photovoltaik-im-winter-lohnt-das-mein-fazit-fuer-jaenner\/#primaryimage\"},\"thumbnailUrl\":\"https:\/\/alpenlandmagazin.at\/hochnachhaltig\/wp-content\/uploads\/2024\/02\/Titel-e1706976972571.png\",\"inLanguage\":\"de-AT\",\"potentialAction\":[{\"@type\":\"CommentAction\",\"name\":\"Comment\",\"target\":[\"https:\/\/alpenlandmagazin.at\/hochnachhaltig\/waermepumpe-und-photovoltaik-im-winter-lohnt-das-mein-fazit-fuer-jaenner\/#respond\"]}]},{\"@type\":\"WebPage\",\"@id\":\"https:\/\/alpenlandmagazin.at\/hochnachhaltig\/waermepumpe-und-photovoltaik-im-winter-lohnt-das-mein-fazit-fuer-jaenner\/\",\"url\":\"https:\/\/alpenlandmagazin.at\/hochnachhaltig\/waermepumpe-und-photovoltaik-im-winter-lohnt-das-mein-fazit-fuer-jaenner\/\",\"name\":\"W\u00e4rmepumpe und Photovoltaik im Winter. Lohnt das? Mein Fazit f\u00fcr J\u00e4nner. - hoch.nachhaltig - Berge. Umwelt. Selbstwirksamkeit.\",\"isPartOf\":{\"@id\":\"https:\/\/alpenlandmagazin.at\/hochnachhaltig\/#website\"},\"primaryImageOfPage\":{\"@id\":\"https:\/\/alpenlandmagazin.at\/hochnachhaltig\/waermepumpe-und-photovoltaik-im-winter-lohnt-das-mein-fazit-fuer-jaenner\/#primaryimage\"},\"image\":{\"@id\":\"https:\/\/alpenlandmagazin.at\/hochnachhaltig\/waermepumpe-und-photovoltaik-im-winter-lohnt-das-mein-fazit-fuer-jaenner\/#primaryimage\"},\"thumbnailUrl\":\"https:\/\/alpenlandmagazin.at\/hochnachhaltig\/wp-content\/uploads\/2024\/02\/Titel-e1706976972571.png\",\"datePublished\":\"2024-02-03T16:12:22+00:00\",\"dateModified\":\"2024-02-03T20:24:54+00:00\",\"description\":\"W\u00e4rmepumpe und Photovoltaik im J\u00e4nner. Lohnt das? Fakt ist: 25% des Heizstrombedarfs kamen direkt vom Dach.\",\"breadcrumb\":{\"@id\":\"https:\/\/alpenlandmagazin.at\/hochnachhaltig\/waermepumpe-und-photovoltaik-im-winter-lohnt-das-mein-fazit-fuer-jaenner\/#breadcrumb\"},\"inLanguage\":\"de-AT\",\"potentialAction\":[{\"@type\":\"ReadAction\",\"target\":[\"https:\/\/alpenlandmagazin.at\/hochnachhaltig\/waermepumpe-und-photovoltaik-im-winter-lohnt-das-mein-fazit-fuer-jaenner\/\"]}]},{\"@type\":\"ImageObject\",\"inLanguage\":\"de-AT\",\"@id\":\"https:\/\/alpenlandmagazin.at\/hochnachhaltig\/waermepumpe-und-photovoltaik-im-winter-lohnt-das-mein-fazit-fuer-jaenner\/#primaryimage\",\"url\":\"https:\/\/alpenlandmagazin.at\/hochnachhaltig\/wp-content\/uploads\/2024\/02\/Titel-e1706976972571.png\",\"contentUrl\":\"https:\/\/alpenlandmagazin.at\/hochnachhaltig\/wp-content\/uploads\/2024\/02\/Titel-e1706976972571.png\",\"width\":1746,\"height\":1124},{\"@type\":\"BreadcrumbList\",\"@id\":\"https:\/\/alpenlandmagazin.at\/hochnachhaltig\/waermepumpe-und-photovoltaik-im-winter-lohnt-das-mein-fazit-fuer-jaenner\/#breadcrumb\",\"itemListElement\":[{\"@type\":\"ListItem\",\"position\":1,\"name\":\"Startseite\",\"item\":\"https:\/\/alpenlandmagazin.at\/hochnachhaltig\/\"},{\"@type\":\"ListItem\",\"position\":2,\"name\":\"W\u00e4rmepumpe und Photovoltaik im Winter. Lohnt das? Mein Fazit f\u00fcr J\u00e4nner.\"}]},{\"@type\":\"WebSite\",\"@id\":\"https:\/\/alpenlandmagazin.at\/hochnachhaltig\/#website\",\"url\":\"https:\/\/alpenlandmagazin.at\/hochnachhaltig\/\",\"name\":\"hoch.nachhaltig - Berge. Umwelt. Selbstwirksamkeit.\",\"description\":\"Wie man die Welt rettet und dabei Geld spart.\",\"publisher\":{\"@id\":\"https:\/\/alpenlandmagazin.at\/hochnachhaltig\/#\/schema\/person\/cde7b4195499a8410a9ab4304ba1a6fe\"},\"alternateName\":\"hoch.nachhaltig\",\"potentialAction\":[{\"@type\":\"SearchAction\",\"target\":{\"@type\":\"EntryPoint\",\"urlTemplate\":\"https:\/\/alpenlandmagazin.at\/hochnachhaltig\/?s={search_term_string}\"},\"query-input\":{\"@type\":\"PropertyValueSpecification\",\"valueRequired\":true,\"valueName\":\"search_term_string\"}}],\"inLanguage\":\"de-AT\"},{\"@type\":[\"Person\",\"Organization\"],\"@id\":\"https:\/\/alpenlandmagazin.at\/hochnachhaltig\/#\/schema\/person\/cde7b4195499a8410a9ab4304ba1a6fe\",\"name\":\"Christian Schreiter\",\"image\":{\"@type\":\"ImageObject\",\"inLanguage\":\"de-AT\",\"@id\":\"https:\/\/alpenlandmagazin.at\/hochnachhaltig\/#\/schema\/person\/image\/\",\"url\":\"https:\/\/alpenlandmagazin.at\/hochnachhaltig\/wp-content\/uploads\/2023\/12\/logo11_4_172949.png\",\"contentUrl\":\"https:\/\/alpenlandmagazin.at\/hochnachhaltig\/wp-content\/uploads\/2023\/12\/logo11_4_172949.png\",\"width\":2000,\"height\":2000,\"caption\":\"Christian Schreiter\"},\"logo\":{\"@id\":\"https:\/\/alpenlandmagazin.at\/hochnachhaltig\/#\/schema\/person\/image\/\"}},{\"@type\":\"Person\",\"@id\":\"https:\/\/alpenlandmagazin.at\/hochnachhaltig\/#\/schema\/person\/7f5ce1e0f5b51b3dc237c27155c063b6\",\"name\":\"ckrieh\",\"image\":{\"@type\":\"ImageObject\",\"inLanguage\":\"de-AT\",\"@id\":\"https:\/\/alpenlandmagazin.at\/hochnachhaltig\/#\/schema\/person\/image\/\",\"url\":\"https:\/\/secure.gravatar.com\/avatar\/1a61d60ff2b88bcf2b98ce01b7ba9fe7685606d7822c85153b9262eac30a2c74?s=96&d=mm&r=g\",\"contentUrl\":\"https:\/\/secure.gravatar.com\/avatar\/1a61d60ff2b88bcf2b98ce01b7ba9fe7685606d7822c85153b9262eac30a2c74?s=96&d=mm&r=g\",\"caption\":\"ckrieh\"},\"sameAs\":[\"https:\/\/alpenlandmagazin.at\/hochnachhaltig\"],\"url\":\"https:\/\/alpenlandmagazin.at\/hochnachhaltig\/author\/ckrieh\/\"}]}<\/script>\n<!-- \/ Yoast SEO plugin. -->","yoast_head_json":{"title":"W\u00e4rmepumpe und Photovoltaik im Winter. Lohnt das? Mein Fazit f\u00fcr J\u00e4nner. - hoch.nachhaltig - Berge. Umwelt. Selbstwirksamkeit.","description":"W\u00e4rmepumpe und Photovoltaik im J\u00e4nner. Lohnt das? Fakt ist: 25% des Heizstrombedarfs kamen direkt vom Dach.","robots":{"index":"index","follow":"follow","max-snippet":"max-snippet:-1","max-image-preview":"max-image-preview:large","max-video-preview":"max-video-preview:-1"},"canonical":"https:\/\/alpenlandmagazin.at\/hochnachhaltig\/waermepumpe-und-photovoltaik-im-winter-lohnt-das-mein-fazit-fuer-jaenner\/","og_locale":"de_DE","og_type":"article","og_title":"W\u00e4rmepumpe und Photovoltaik im Winter. Lohnt das? Mein Fazit f\u00fcr J\u00e4nner. - hoch.nachhaltig - Berge. Umwelt. Selbstwirksamkeit.","og_description":"W\u00e4rmepumpe und Photovoltaik im J\u00e4nner. Lohnt das? Fakt ist: 25% des Heizstrombedarfs kamen direkt vom Dach.","og_url":"https:\/\/alpenlandmagazin.at\/hochnachhaltig\/waermepumpe-und-photovoltaik-im-winter-lohnt-das-mein-fazit-fuer-jaenner\/","og_site_name":"hoch.nachhaltig - Berge. Umwelt. Selbstwirksamkeit.","article_published_time":"2024-02-03T16:12:22+00:00","article_modified_time":"2024-02-03T20:24:54+00:00","og_image":[{"width":1024,"height":659,"url":"https:\/\/alpenlandmagazin.at\/hochnachhaltig\/wp-content\/uploads\/2024\/02\/Titel-e1706976972571-1024x659.png","type":"image\/png"}],"author":"ckrieh","twitter_card":"summary_large_image","twitter_misc":{"Verfasst von":"ckrieh","Gesch\u00e4tzte Lesezeit":"5 Minuten"},"schema":{"@context":"https:\/\/schema.org","@graph":[{"@type":"Article","@id":"https:\/\/alpenlandmagazin.at\/hochnachhaltig\/waermepumpe-und-photovoltaik-im-winter-lohnt-das-mein-fazit-fuer-jaenner\/#article","isPartOf":{"@id":"https:\/\/alpenlandmagazin.at\/hochnachhaltig\/waermepumpe-und-photovoltaik-im-winter-lohnt-das-mein-fazit-fuer-jaenner\/"},"author":{"name":"ckrieh","@id":"https:\/\/alpenlandmagazin.at\/hochnachhaltig\/#\/schema\/person\/7f5ce1e0f5b51b3dc237c27155c063b6"},"headline":"W\u00e4rmepumpe und Photovoltaik im Winter. Lohnt das? Mein Fazit f\u00fcr J\u00e4nner.","datePublished":"2024-02-03T16:12:22+00:00","dateModified":"2024-02-03T20:24:54+00:00","mainEntityOfPage":{"@id":"https:\/\/alpenlandmagazin.at\/hochnachhaltig\/waermepumpe-und-photovoltaik-im-winter-lohnt-das-mein-fazit-fuer-jaenner\/"},"wordCount":752,"commentCount":0,"publisher":{"@id":"https:\/\/alpenlandmagazin.at\/hochnachhaltig\/#\/schema\/person\/cde7b4195499a8410a9ab4304ba1a6fe"},"image":{"@id":"https:\/\/alpenlandmagazin.at\/hochnachhaltig\/waermepumpe-und-photovoltaik-im-winter-lohnt-das-mein-fazit-fuer-jaenner\/#primaryimage"},"thumbnailUrl":"https:\/\/alpenlandmagazin.at\/hochnachhaltig\/wp-content\/uploads\/2024\/02\/Titel-e1706976972571.png","inLanguage":"de-AT","potentialAction":[{"@type":"CommentAction","name":"Comment","target":["https:\/\/alpenlandmagazin.at\/hochnachhaltig\/waermepumpe-und-photovoltaik-im-winter-lohnt-das-mein-fazit-fuer-jaenner\/#respond"]}]},{"@type":"WebPage","@id":"https:\/\/alpenlandmagazin.at\/hochnachhaltig\/waermepumpe-und-photovoltaik-im-winter-lohnt-das-mein-fazit-fuer-jaenner\/","url":"https:\/\/alpenlandmagazin.at\/hochnachhaltig\/waermepumpe-und-photovoltaik-im-winter-lohnt-das-mein-fazit-fuer-jaenner\/","name":"W\u00e4rmepumpe und Photovoltaik im Winter. Lohnt das? Mein Fazit f\u00fcr J\u00e4nner. - hoch.nachhaltig - Berge. Umwelt. Selbstwirksamkeit.","isPartOf":{"@id":"https:\/\/alpenlandmagazin.at\/hochnachhaltig\/#website"},"primaryImageOfPage":{"@id":"https:\/\/alpenlandmagazin.at\/hochnachhaltig\/waermepumpe-und-photovoltaik-im-winter-lohnt-das-mein-fazit-fuer-jaenner\/#primaryimage"},"image":{"@id":"https:\/\/alpenlandmagazin.at\/hochnachhaltig\/waermepumpe-und-photovoltaik-im-winter-lohnt-das-mein-fazit-fuer-jaenner\/#primaryimage"},"thumbnailUrl":"https:\/\/alpenlandmagazin.at\/hochnachhaltig\/wp-content\/uploads\/2024\/02\/Titel-e1706976972571.png","datePublished":"2024-02-03T16:12:22+00:00","dateModified":"2024-02-03T20:24:54+00:00","description":"W\u00e4rmepumpe und Photovoltaik im J\u00e4nner. Lohnt das? Fakt ist: 25% des Heizstrombedarfs kamen direkt vom Dach.","breadcrumb":{"@id":"https:\/\/alpenlandmagazin.at\/hochnachhaltig\/waermepumpe-und-photovoltaik-im-winter-lohnt-das-mein-fazit-fuer-jaenner\/#breadcrumb"},"inLanguage":"de-AT","potentialAction":[{"@type":"ReadAction","target":["https:\/\/alpenlandmagazin.at\/hochnachhaltig\/waermepumpe-und-photovoltaik-im-winter-lohnt-das-mein-fazit-fuer-jaenner\/"]}]},{"@type":"ImageObject","inLanguage":"de-AT","@id":"https:\/\/alpenlandmagazin.at\/hochnachhaltig\/waermepumpe-und-photovoltaik-im-winter-lohnt-das-mein-fazit-fuer-jaenner\/#primaryimage","url":"https:\/\/alpenlandmagazin.at\/hochnachhaltig\/wp-content\/uploads\/2024\/02\/Titel-e1706976972571.png","contentUrl":"https:\/\/alpenlandmagazin.at\/hochnachhaltig\/wp-content\/uploads\/2024\/02\/Titel-e1706976972571.png","width":1746,"height":1124},{"@type":"BreadcrumbList","@id":"https:\/\/alpenlandmagazin.at\/hochnachhaltig\/waermepumpe-und-photovoltaik-im-winter-lohnt-das-mein-fazit-fuer-jaenner\/#breadcrumb","itemListElement":[{"@type":"ListItem","position":1,"name":"Startseite","item":"https:\/\/alpenlandmagazin.at\/hochnachhaltig\/"},{"@type":"ListItem","position":2,"name":"W\u00e4rmepumpe und Photovoltaik im Winter. Lohnt das? Mein Fazit f\u00fcr J\u00e4nner."}]},{"@type":"WebSite","@id":"https:\/\/alpenlandmagazin.at\/hochnachhaltig\/#website","url":"https:\/\/alpenlandmagazin.at\/hochnachhaltig\/","name":"hoch.nachhaltig - Berge. Umwelt. Selbstwirksamkeit.","description":"Wie man die Welt rettet und dabei Geld spart.","publisher":{"@id":"https:\/\/alpenlandmagazin.at\/hochnachhaltig\/#\/schema\/person\/cde7b4195499a8410a9ab4304ba1a6fe"},"alternateName":"hoch.nachhaltig","potentialAction":[{"@type":"SearchAction","target":{"@type":"EntryPoint","urlTemplate":"https:\/\/alpenlandmagazin.at\/hochnachhaltig\/?s={search_term_string}"},"query-input":{"@type":"PropertyValueSpecification","valueRequired":true,"valueName":"search_term_string"}}],"inLanguage":"de-AT"},{"@type":["Person","Organization"],"@id":"https:\/\/alpenlandmagazin.at\/hochnachhaltig\/#\/schema\/person\/cde7b4195499a8410a9ab4304ba1a6fe","name":"Christian Schreiter","image":{"@type":"ImageObject","inLanguage":"de-AT","@id":"https:\/\/alpenlandmagazin.at\/hochnachhaltig\/#\/schema\/person\/image\/","url":"https:\/\/alpenlandmagazin.at\/hochnachhaltig\/wp-content\/uploads\/2023\/12\/logo11_4_172949.png","contentUrl":"https:\/\/alpenlandmagazin.at\/hochnachhaltig\/wp-content\/uploads\/2023\/12\/logo11_4_172949.png","width":2000,"height":2000,"caption":"Christian Schreiter"},"logo":{"@id":"https:\/\/alpenlandmagazin.at\/hochnachhaltig\/#\/schema\/person\/image\/"}},{"@type":"Person","@id":"https:\/\/alpenlandmagazin.at\/hochnachhaltig\/#\/schema\/person\/7f5ce1e0f5b51b3dc237c27155c063b6","name":"ckrieh","image":{"@type":"ImageObject","inLanguage":"de-AT","@id":"https:\/\/alpenlandmagazin.at\/hochnachhaltig\/#\/schema\/person\/image\/","url":"https:\/\/secure.gravatar.com\/avatar\/1a61d60ff2b88bcf2b98ce01b7ba9fe7685606d7822c85153b9262eac30a2c74?s=96&d=mm&r=g","contentUrl":"https:\/\/secure.gravatar.com\/avatar\/1a61d60ff2b88bcf2b98ce01b7ba9fe7685606d7822c85153b9262eac30a2c74?s=96&d=mm&r=g","caption":"ckrieh"},"sameAs":["https:\/\/alpenlandmagazin.at\/hochnachhaltig"],"url":"https:\/\/alpenlandmagazin.at\/hochnachhaltig\/author\/ckrieh\/"}]}},"_links":{"self":[{"href":"https:\/\/alpenlandmagazin.at\/hochnachhaltig\/wp-json\/wp\/v2\/posts\/162","targetHints":{"allow":["GET"]}}],"collection":[{"href":"https:\/\/alpenlandmagazin.at\/hochnachhaltig\/wp-json\/wp\/v2\/posts"}],"about":[{"href":"https:\/\/alpenlandmagazin.at\/hochnachhaltig\/wp-json\/wp\/v2\/types\/post"}],"author":[{"embeddable":true,"href":"https:\/\/alpenlandmagazin.at\/hochnachhaltig\/wp-json\/wp\/v2\/users\/1"}],"replies":[{"embeddable":true,"href":"https:\/\/alpenlandmagazin.at\/hochnachhaltig\/wp-json\/wp\/v2\/comments?post=162"}],"version-history":[{"count":12,"href":"https:\/\/alpenlandmagazin.at\/hochnachhaltig\/wp-json\/wp\/v2\/posts\/162\/revisions"}],"predecessor-version":[{"id":181,"href":"https:\/\/alpenlandmagazin.at\/hochnachhaltig\/wp-json\/wp\/v2\/posts\/162\/revisions\/181"}],"wp:featuredmedia":[{"embeddable":true,"href":"https:\/\/alpenlandmagazin.at\/hochnachhaltig\/wp-json\/wp\/v2\/media\/163"}],"wp:attachment":[{"href":"https:\/\/alpenlandmagazin.at\/hochnachhaltig\/wp-json\/wp\/v2\/media?parent=162"}],"wp:term":[{"taxonomy":"category","embeddable":true,"href":"https:\/\/alpenlandmagazin.at\/hochnachhaltig\/wp-json\/wp\/v2\/categories?post=162"},{"taxonomy":"post_tag","embeddable":true,"href":"https:\/\/alpenlandmagazin.at\/hochnachhaltig\/wp-json\/wp\/v2\/tags?post=162"}],"curies":[{"name":"wp","href":"https:\/\/api.w.org\/{rel}","templated":true}]}}