{"id":185,"date":"2024-03-01T17:08:42","date_gmt":"2024-03-01T16:08:42","guid":{"rendered":"https:\/\/alpenlandmagazin.at\/hochnachhaltig\/?p=185"},"modified":"2026-07-17T11:26:20","modified_gmt":"2026-07-17T09:26:20","slug":"waermepumpe-und-photovoltaik-im-winter-mein-fazit-fuer-feber","status":"publish","type":"post","link":"https:\/\/alpenlandmagazin.at\/hochnachhaltig\/waermepumpe-und-photovoltaik-im-winter-mein-fazit-fuer-feber\/","title":{"rendered":"W\u00e4rmepumpe und Photovoltaik im Winter. Lohnt das? Mein Fazit f\u00fcr Feber."},"content":{"rendered":"\n<p class=\"wp-block-paragraph\">Willkommen bei Folge IV meiner Serie mit dem heutigen Titel \u201cW\u00e4rmepumpe und Photovoltaik im Winter. Lohnt das? Mein Fazit f\u00fcr Feber.\u201d Ich will dabei von November bis inklusive Feber der Frage nachgehen, ob eine W\u00e4rmepumpe mit Photovoltaik im Winter Sinn hat, oder nur ein Werbeversprechen ist. Heute betrachten wir den Feber 2024 und schlie\u00dfen damit die Serie ab. In einer Bonus-Folge werde ich dann mein Gesamtfazit ziehen und auch auf eine Besonderheit aufmerksam machen.<\/p>\n\n\n<div class=\"epyt-video-wrapper\"><div  id=\"_ytid_14359\"  width=\"1200\" height=\"675\"  data-origwidth=\"1200\" data-origheight=\"675\" data-facadesrc=\"https:\/\/www.youtube.com\/embed\/0ET6jTaqfyA?enablejsapi=1&#038;origin=https:\/\/alpenlandmagazin.at&#038;autoplay=0&#038;cc_load_policy=0&#038;cc_lang_pref=de&#038;iv_load_policy=1&#038;loop=0&#038;rel=0&#038;fs=1&#038;playsinline=1&#038;autohide=2&#038;theme=dark&#038;color=red&#038;controls=1&#038;disablekb=0&#038;\" class=\"__youtube_prefs__ epyt-facade no-lazyload\" data-epautoplay=\"1\" ><img decoding=\"async\" data-spai-excluded=\"true\" class=\"epyt-facade-poster skip-lazy\" loading=\"lazy\"  alt=\"YouTube player\"  src=\"https:\/\/i.ytimg.com\/vi\/0ET6jTaqfyA\/maxresdefault.jpg\"  \/><button class=\"epyt-facade-play\" aria-label=\"Play\"><svg data-no-lazy=\"1\" height=\"100%\" version=\"1.1\" viewBox=\"0 0 68 48\" width=\"100%\"><path class=\"ytp-large-play-button-bg\" d=\"M66.52,7.74c-0.78-2.93-2.49-5.41-5.42-6.19C55.79,.13,34,0,34,0S12.21,.13,6.9,1.55 C3.97,2.33,2.27,4.81,1.48,7.74C0.06,13.05,0,24,0,24s0.06,10.95,1.48,16.26c0.78,2.93,2.49,5.41,5.42,6.19 C12.21,47.87,34,48,34,48s21.79-0.13,27.1-1.55c2.93-0.78,4.64-3.26,5.42-6.19C67.94,34.95,68,24,68,24S67.94,13.05,66.52,7.74z\" fill=\"#f00\"><\/path><path d=\"M 45,24 27,14 27,34\" fill=\"#fff\"><\/path><\/svg><\/button><\/div><\/div>\n\n\n<p class=\"wp-block-paragraph\"><\/p>\n\n\n\n<p class=\"wp-block-paragraph\">Wie ihr <a href=\"https:\/\/alpenlandmagazin.at\/hochnachhaltig\/waermepumpe-und-photovoltaik-im-winter-lohnt-das-mein-fazit-fuer-november\/\">bereits wisst<\/a>, habe ich eine 5,32 kWp-Photovoltaikanlage die zu 2\/3 nach SSO und zu 1\/3 nach NNW ausgerichtet ist. Allen Zweiflern aus dem hohen Norden Deutschlands, die mir entgegenschmettern, dass die PV-Anlage im Winter \u00fcberhaupt nichts br\u00e4chte, sei an dieser Stelle mitgeteilt, dass ich im Osten \u00d6sterreichs wohne und hier auch im Winter die Sonne scheint. Wenn auch nat\u00fcrlich k\u00fcrzer und mit einem weniger optimalen Einfallswinkel als im Sommer.<\/p>\n\n\n\n<p class=\"wp-block-paragraph\">Ich beheize &#8211; auch das zur Erinnerung &#8211; rund 75% meiner Wohnfl\u00e4che mit einer Luft-Luft-W\u00e4rmepumpe vulgo Klimaanlage. Warmwasser erzeuge ich damit nat\u00fcrlich nicht. H\u00e4tte ich eine andere W\u00e4rmepumpe, h\u00e4tte ich meine PV-Anlage auch anders dimensioniert.<\/p>\n\n\n\n<p class=\"wp-block-paragraph\">Ich habe die Heizung so gesteuert, dass sie die Temperatur Nachts absenkt. Das tut sie auch, wenn niemand zuhause ist.<\/p>\n\n\n\n<h3 class=\"wp-block-heading\">W\u00e4rmepumpe und Photovoltaik im Winter. Lohnt das? Mein Fazit f\u00fcr Feber.<\/h3>\n\n\n\n<p class=\"wp-block-paragraph\">Es war ein ausgesprochen warmer Feber, der unterm Strich ziemlich genau dem Februar des vergangenen Jahres glich, was die Stromerzeugung durch die PV-Anlage betrifft. <\/p>\n\n\n\n<figure class=\"wp-block-image size-full\"><img loading=\"lazy\" decoding=\"async\" width=\"971\" height=\"245\" src=\"https:\/\/alpenlandmagazin.at\/hochnachhaltig\/wp-content\/uploads\/2024\/03\/Wetter.png\" alt=\"W\u00e4rmepumpe und Photovoltaik im Winter. Lohnt das? Mein Fazit f\u00fcr Feber. - Wetterarchiv Feber\" class=\"wp-image-186\" srcset=\"https:\/\/alpenlandmagazin.at\/hochnachhaltig\/wp-content\/uploads\/2024\/03\/Wetter.png 971w, https:\/\/alpenlandmagazin.at\/hochnachhaltig\/wp-content\/uploads\/2024\/03\/Wetter-300x76.png 300w, https:\/\/alpenlandmagazin.at\/hochnachhaltig\/wp-content\/uploads\/2024\/03\/Wetter-768x194.png 768w\" sizes=\"auto, (max-width: 971px) 100vw, 971px\" \/><figcaption class=\"wp-element-caption\"><sup>Quelle: <a href=\"https:\/\/www.meteoblue.com\/de\/wetter\/historyclimate\/weatherarchive\/neud%c3%b6rfl_%c3%96sterreich_2770803?fcstlength=1m&amp;year=2024&amp;month=2\" target=\"_blank\" rel=\"noreferrer noopener\">https:\/\/www.meteoblue.com\/de\/wetter\/historyclimate\/weatherarchive\/neud%c3%b6rfl_%c3%96sterreich_2770803?fcstlength=1m&amp;year=2024&amp;month=2<\/a><\/sup><\/figcaption><\/figure>\n\n\n\n<p class=\"wp-block-paragraph\">So hat meine <strong>PV-Anlage 262 Kilowattstunden (kWh) Strom erzeugt.<\/strong> In das Netz eingespeist wurden davon 174 kWh, d.h. <strong>88 kWh wurden direkt im Haushalt verbraucht. Davon zwei Drittel f\u00fcrs Heizen, also 59 kWh.<\/strong><\/p>\n\n\n\n<figure class=\"wp-block-image size-full\"><img loading=\"lazy\" decoding=\"async\" width=\"815\" height=\"333\" src=\"https:\/\/alpenlandmagazin.at\/hochnachhaltig\/wp-content\/uploads\/2024\/03\/Energieertrag.png\" alt=\"W\u00e4rmepumpe und Photovoltaik im Winter. Lohnt das? Mein Fazit f\u00fcr Feber. - Photovoltaikertrag Feber\" class=\"wp-image-187\" srcset=\"https:\/\/alpenlandmagazin.at\/hochnachhaltig\/wp-content\/uploads\/2024\/03\/Energieertrag.png 815w, https:\/\/alpenlandmagazin.at\/hochnachhaltig\/wp-content\/uploads\/2024\/03\/Energieertrag-300x123.png 300w, https:\/\/alpenlandmagazin.at\/hochnachhaltig\/wp-content\/uploads\/2024\/03\/Energieertrag-768x314.png 768w\" sizes=\"auto, (max-width: 815px) 100vw, 815px\" \/><\/figure>\n\n\n\n<p class=\"wp-block-paragraph\">Mein Gesamtstromverbrauch lag bei 343 kWh. Wie an sieht, doch signifikant weniger als im <a href=\"https:\/\/alpenlandmagazin.at\/hochnachhaltig\/waermepumpe-und-photovoltaik-im-winter-lohnt-das-mein-fazit-fuer-jaenner\/\">kalten J\u00e4nner<\/a>.<\/p>\n\n\n\n<p class=\"wp-block-paragraph\">Aufgrund der warmen Tagestemperaturen ben\u00f6tigte ich <strong>insgesamt nur 92 kWh Strom f\u00fcr das Heizen<\/strong>, was schon ein arg geringer Wert ist. Vor allem ist es insgesamt viel weniger, als ich durch die Photovoltaikanlage im Feber erzeugen konnte. Hinzu kommt, dass ich <strong>mehr als die H\u00e4lfte (62%) des ben\u00f6tigten Heizstroms selbst erzeugen und direkt nutzen konnte!<\/strong><\/p>\n\n\n\n<p class=\"wp-block-paragraph\"><strong>Zusammenfassend kann ich sagen, dass das Werbeversprechen, dass eine PV-Anlage eine W\u00e4rmepumpe im Winter sehr gut unterst\u00fctzen kann, jedenfalls zutrifft.<\/strong> Vermutlich nicht in Norddeutschland, sicher aber in Ost\u00f6sterreich. Zus\u00e4tzlich freue ich mich einfach \u00fcber meine Entscheidung, mit Klimaanlage zu heizen. Effizienter und g\u00fcnstiger geht es einfach nicht.<\/p>\n","protected":false},"excerpt":{"rendered":"<p>Willkommen bei Folge IV meiner Serie mit dem heutigen Titel \u201cW\u00e4rmepumpe und Photovoltaik im Winter. Lohnt das? Mein Fazit f\u00fcr Feber.\u201d Ich will dabei von November bis inklusive Feber der Frage nachgehen, ob eine W\u00e4rmepumpe mit Photovoltaik im Winter Sinn hat, oder nur ein Werbeversprechen ist. Heute betrachten wir den Feber 2024 und schlie\u00dfen damit&hellip;&nbsp;<a href=\"https:\/\/alpenlandmagazin.at\/hochnachhaltig\/waermepumpe-und-photovoltaik-im-winter-mein-fazit-fuer-feber\/\" rel=\"bookmark\">Weiterlesen &raquo;<span class=\"screen-reader-text\">W\u00e4rmepumpe und Photovoltaik im Winter. Lohnt das? Mein Fazit f\u00fcr Feber.<\/span><\/a><\/p>\n","protected":false},"author":1,"featured_media":439,"comment_status":"open","ping_status":"open","sticky":false,"template":"","format":"standard","meta":{"neve_meta_sidebar":"","neve_meta_container":"","neve_meta_enable_content_width":"","neve_meta_content_width":0,"neve_meta_title_alignment":"","neve_meta_author_avatar":"","neve_post_elements_order":"","neve_meta_disable_header":"","neve_meta_disable_footer":"","neve_meta_disable_title":"","footnotes":""},"categories":[1],"tags":[],"class_list":["post-185","post","type-post","status-publish","format-standard","has-post-thumbnail","hentry","category-allgemein"],"yoast_head":"<!-- This site is optimized with the Yoast SEO plugin v28.2 - https:\/\/yoast.com\/product\/yoast-seo-wordpress\/ -->\n<title>W\u00e4rmepumpe und Photovoltaik im Winter. Lohnt das? Mein Fazit f\u00fcr Feber. - hoch.nachhaltig - Berge. Umwelt. Selbstwirksamkeit.<\/title>\n<meta name=\"description\" content=\"W\u00e4rmepumpe und Photovoltaik im Winter. Lohnt das? Mein Fazit f\u00fcr Feber. Mehr als die H\u00e4lfte des ben\u00f6tigten Heizstroms durch PV erzeugt.\" \/>\n<meta name=\"robots\" content=\"index, follow, max-snippet:-1, max-image-preview:large, max-video-preview:-1\" \/>\n<link rel=\"canonical\" href=\"https:\/\/alpenlandmagazin.at\/hochnachhaltig\/waermepumpe-und-photovoltaik-im-winter-mein-fazit-fuer-feber\/\" \/>\n<meta property=\"og:locale\" content=\"de_DE\" \/>\n<meta property=\"og:type\" content=\"article\" \/>\n<meta property=\"og:title\" content=\"W\u00e4rmepumpe und Photovoltaik im Winter. Lohnt das? Mein Fazit f\u00fcr Feber. - hoch.nachhaltig - Berge. Umwelt. Selbstwirksamkeit.\" \/>\n<meta property=\"og:description\" content=\"W\u00e4rmepumpe und Photovoltaik im Winter. Lohnt das? Mein Fazit f\u00fcr Feber. Mehr als die H\u00e4lfte des ben\u00f6tigten Heizstroms durch PV erzeugt.\" \/>\n<meta property=\"og:url\" content=\"https:\/\/alpenlandmagazin.at\/hochnachhaltig\/waermepumpe-und-photovoltaik-im-winter-mein-fazit-fuer-feber\/\" \/>\n<meta property=\"og:site_name\" content=\"hoch.nachhaltig - Berge. Umwelt. Selbstwirksamkeit.\" \/>\n<meta property=\"article:published_time\" content=\"2024-03-01T16:08:42+00:00\" \/>\n<meta property=\"article:modified_time\" content=\"2026-07-17T09:26:20+00:00\" \/>\n<meta property=\"og:image\" content=\"https:\/\/alpenlandmagazin.at\/hochnachhaltig\/wp-content\/uploads\/2024\/03\/IMB8ybb47MwwI-e1784280371708-1024x633.png\" \/>\n\t<meta property=\"og:image:width\" content=\"1024\" \/>\n\t<meta property=\"og:image:height\" content=\"633\" \/>\n\t<meta property=\"og:image:type\" content=\"image\/png\" \/>\n<meta name=\"author\" content=\"ckrieh\" \/>\n<meta name=\"twitter:card\" content=\"summary_large_image\" \/>\n<meta name=\"twitter:label1\" content=\"Verfasst von\" \/>\n\t<meta name=\"twitter:data1\" content=\"ckrieh\" \/>\n\t<meta name=\"twitter:label2\" content=\"Gesch\u00e4tzte Lesezeit\" \/>\n\t<meta name=\"twitter:data2\" content=\"3\u00a0Minuten\" \/>\n<script type=\"application\/ld+json\" class=\"yoast-schema-graph\">{\"@context\":\"https:\\\/\\\/schema.org\",\"@graph\":[{\"@type\":\"Article\",\"@id\":\"https:\\\/\\\/alpenlandmagazin.at\\\/hochnachhaltig\\\/waermepumpe-und-photovoltaik-im-winter-mein-fazit-fuer-feber\\\/#article\",\"isPartOf\":{\"@id\":\"https:\\\/\\\/alpenlandmagazin.at\\\/hochnachhaltig\\\/waermepumpe-und-photovoltaik-im-winter-mein-fazit-fuer-feber\\\/\"},\"author\":{\"name\":\"ckrieh\",\"@id\":\"https:\\\/\\\/alpenlandmagazin.at\\\/hochnachhaltig\\\/#\\\/schema\\\/person\\\/7f5ce1e0f5b51b3dc237c27155c063b6\"},\"headline\":\"W\u00e4rmepumpe und Photovoltaik im Winter. Lohnt das? Mein Fazit f\u00fcr Feber.\",\"datePublished\":\"2024-03-01T16:08:42+00:00\",\"dateModified\":\"2026-07-17T09:26:20+00:00\",\"mainEntityOfPage\":{\"@id\":\"https:\\\/\\\/alpenlandmagazin.at\\\/hochnachhaltig\\\/waermepumpe-und-photovoltaik-im-winter-mein-fazit-fuer-feber\\\/\"},\"wordCount\":445,\"commentCount\":0,\"publisher\":{\"@id\":\"https:\\\/\\\/alpenlandmagazin.at\\\/hochnachhaltig\\\/#\\\/schema\\\/person\\\/cde7b4195499a8410a9ab4304ba1a6fe\"},\"image\":{\"@id\":\"https:\\\/\\\/alpenlandmagazin.at\\\/hochnachhaltig\\\/waermepumpe-und-photovoltaik-im-winter-mein-fazit-fuer-feber\\\/#primaryimage\"},\"thumbnailUrl\":\"https:\\\/\\\/alpenlandmagazin.at\\\/hochnachhaltig\\\/wp-content\\\/uploads\\\/2024\\\/03\\\/IMB8ybb47MwwI-e1784280371708.png\",\"inLanguage\":\"de\",\"potentialAction\":[{\"@type\":\"CommentAction\",\"name\":\"Comment\",\"target\":[\"https:\\\/\\\/alpenlandmagazin.at\\\/hochnachhaltig\\\/waermepumpe-und-photovoltaik-im-winter-mein-fazit-fuer-feber\\\/#respond\"]}]},{\"@type\":\"WebPage\",\"@id\":\"https:\\\/\\\/alpenlandmagazin.at\\\/hochnachhaltig\\\/waermepumpe-und-photovoltaik-im-winter-mein-fazit-fuer-feber\\\/\",\"url\":\"https:\\\/\\\/alpenlandmagazin.at\\\/hochnachhaltig\\\/waermepumpe-und-photovoltaik-im-winter-mein-fazit-fuer-feber\\\/\",\"name\":\"W\u00e4rmepumpe und Photovoltaik im Winter. Lohnt das? Mein Fazit f\u00fcr Feber. - hoch.nachhaltig - Berge. Umwelt. Selbstwirksamkeit.\",\"isPartOf\":{\"@id\":\"https:\\\/\\\/alpenlandmagazin.at\\\/hochnachhaltig\\\/#website\"},\"primaryImageOfPage\":{\"@id\":\"https:\\\/\\\/alpenlandmagazin.at\\\/hochnachhaltig\\\/waermepumpe-und-photovoltaik-im-winter-mein-fazit-fuer-feber\\\/#primaryimage\"},\"image\":{\"@id\":\"https:\\\/\\\/alpenlandmagazin.at\\\/hochnachhaltig\\\/waermepumpe-und-photovoltaik-im-winter-mein-fazit-fuer-feber\\\/#primaryimage\"},\"thumbnailUrl\":\"https:\\\/\\\/alpenlandmagazin.at\\\/hochnachhaltig\\\/wp-content\\\/uploads\\\/2024\\\/03\\\/IMB8ybb47MwwI-e1784280371708.png\",\"datePublished\":\"2024-03-01T16:08:42+00:00\",\"dateModified\":\"2026-07-17T09:26:20+00:00\",\"description\":\"W\u00e4rmepumpe und Photovoltaik im Winter. Lohnt das? Mein Fazit f\u00fcr Feber. Mehr als die H\u00e4lfte des ben\u00f6tigten Heizstroms durch PV erzeugt.\",\"breadcrumb\":{\"@id\":\"https:\\\/\\\/alpenlandmagazin.at\\\/hochnachhaltig\\\/waermepumpe-und-photovoltaik-im-winter-mein-fazit-fuer-feber\\\/#breadcrumb\"},\"inLanguage\":\"de\",\"potentialAction\":[{\"@type\":\"ReadAction\",\"target\":[\"https:\\\/\\\/alpenlandmagazin.at\\\/hochnachhaltig\\\/waermepumpe-und-photovoltaik-im-winter-mein-fazit-fuer-feber\\\/\"]}]},{\"@type\":\"ImageObject\",\"inLanguage\":\"de\",\"@id\":\"https:\\\/\\\/alpenlandmagazin.at\\\/hochnachhaltig\\\/waermepumpe-und-photovoltaik-im-winter-mein-fazit-fuer-feber\\\/#primaryimage\",\"url\":\"https:\\\/\\\/alpenlandmagazin.at\\\/hochnachhaltig\\\/wp-content\\\/uploads\\\/2024\\\/03\\\/IMB8ybb47MwwI-e1784280371708.png\",\"contentUrl\":\"https:\\\/\\\/alpenlandmagazin.at\\\/hochnachhaltig\\\/wp-content\\\/uploads\\\/2024\\\/03\\\/IMB8ybb47MwwI-e1784280371708.png\",\"width\":1242,\"height\":768},{\"@type\":\"BreadcrumbList\",\"@id\":\"https:\\\/\\\/alpenlandmagazin.at\\\/hochnachhaltig\\\/waermepumpe-und-photovoltaik-im-winter-mein-fazit-fuer-feber\\\/#breadcrumb\",\"itemListElement\":[{\"@type\":\"ListItem\",\"position\":1,\"name\":\"Startseite\",\"item\":\"https:\\\/\\\/alpenlandmagazin.at\\\/hochnachhaltig\\\/\"},{\"@type\":\"ListItem\",\"position\":2,\"name\":\"W\u00e4rmepumpe und Photovoltaik im Winter. Lohnt das? Mein Fazit f\u00fcr Feber.\"}]},{\"@type\":\"WebSite\",\"@id\":\"https:\\\/\\\/alpenlandmagazin.at\\\/hochnachhaltig\\\/#website\",\"url\":\"https:\\\/\\\/alpenlandmagazin.at\\\/hochnachhaltig\\\/\",\"name\":\"hoch.nachhaltig - Berge. Umwelt. Selbstwirksamkeit.\",\"description\":\"Wie man die Welt rettet und dabei Geld spart.\",\"publisher\":{\"@id\":\"https:\\\/\\\/alpenlandmagazin.at\\\/hochnachhaltig\\\/#\\\/schema\\\/person\\\/cde7b4195499a8410a9ab4304ba1a6fe\"},\"alternateName\":\"hoch.nachhaltig\",\"potentialAction\":[{\"@type\":\"SearchAction\",\"target\":{\"@type\":\"EntryPoint\",\"urlTemplate\":\"https:\\\/\\\/alpenlandmagazin.at\\\/hochnachhaltig\\\/?s={search_term_string}\"},\"query-input\":{\"@type\":\"PropertyValueSpecification\",\"valueRequired\":true,\"valueName\":\"search_term_string\"}}],\"inLanguage\":\"de\"},{\"@type\":[\"Person\",\"Organization\"],\"@id\":\"https:\\\/\\\/alpenlandmagazin.at\\\/hochnachhaltig\\\/#\\\/schema\\\/person\\\/cde7b4195499a8410a9ab4304ba1a6fe\",\"name\":\"Christian Schreiter\",\"image\":{\"@type\":\"ImageObject\",\"inLanguage\":\"de\",\"@id\":\"https:\\\/\\\/alpenlandmagazin.at\\\/hochnachhaltig\\\/wp-content\\\/uploads\\\/2023\\\/12\\\/logo11_4_172949.png\",\"url\":\"https:\\\/\\\/alpenlandmagazin.at\\\/hochnachhaltig\\\/wp-content\\\/uploads\\\/2023\\\/12\\\/logo11_4_172949.png\",\"contentUrl\":\"https:\\\/\\\/alpenlandmagazin.at\\\/hochnachhaltig\\\/wp-content\\\/uploads\\\/2023\\\/12\\\/logo11_4_172949.png\",\"width\":2000,\"height\":2000,\"caption\":\"Christian Schreiter\"},\"logo\":{\"@id\":\"https:\\\/\\\/alpenlandmagazin.at\\\/hochnachhaltig\\\/wp-content\\\/uploads\\\/2023\\\/12\\\/logo11_4_172949.png\"}},{\"@type\":\"Person\",\"@id\":\"https:\\\/\\\/alpenlandmagazin.at\\\/hochnachhaltig\\\/#\\\/schema\\\/person\\\/7f5ce1e0f5b51b3dc237c27155c063b6\",\"name\":\"ckrieh\",\"image\":{\"@type\":\"ImageObject\",\"inLanguage\":\"de\",\"@id\":\"https:\\\/\\\/secure.gravatar.com\\\/avatar\\\/1a61d60ff2b88bcf2b98ce01b7ba9fe7685606d7822c85153b9262eac30a2c74?s=96&d=mm&r=g\",\"url\":\"https:\\\/\\\/secure.gravatar.com\\\/avatar\\\/1a61d60ff2b88bcf2b98ce01b7ba9fe7685606d7822c85153b9262eac30a2c74?s=96&d=mm&r=g\",\"contentUrl\":\"https:\\\/\\\/secure.gravatar.com\\\/avatar\\\/1a61d60ff2b88bcf2b98ce01b7ba9fe7685606d7822c85153b9262eac30a2c74?s=96&d=mm&r=g\",\"caption\":\"ckrieh\"},\"sameAs\":[\"https:\\\/\\\/alpenlandmagazin.at\\\/hochnachhaltig\"],\"url\":\"https:\\\/\\\/alpenlandmagazin.at\\\/hochnachhaltig\\\/author\\\/ckrieh\\\/\"}]}<\/script>\n<!-- \/ Yoast SEO plugin. -->","yoast_head_json":{"title":"W\u00e4rmepumpe und Photovoltaik im Winter. Lohnt das? Mein Fazit f\u00fcr Feber. - hoch.nachhaltig - Berge. Umwelt. Selbstwirksamkeit.","description":"W\u00e4rmepumpe und Photovoltaik im Winter. Lohnt das? Mein Fazit f\u00fcr Feber. Mehr als die H\u00e4lfte des ben\u00f6tigten Heizstroms durch PV erzeugt.","robots":{"index":"index","follow":"follow","max-snippet":"max-snippet:-1","max-image-preview":"max-image-preview:large","max-video-preview":"max-video-preview:-1"},"canonical":"https:\/\/alpenlandmagazin.at\/hochnachhaltig\/waermepumpe-und-photovoltaik-im-winter-mein-fazit-fuer-feber\/","og_locale":"de_DE","og_type":"article","og_title":"W\u00e4rmepumpe und Photovoltaik im Winter. Lohnt das? Mein Fazit f\u00fcr Feber. - hoch.nachhaltig - Berge. Umwelt. Selbstwirksamkeit.","og_description":"W\u00e4rmepumpe und Photovoltaik im Winter. Lohnt das? Mein Fazit f\u00fcr Feber. Mehr als die H\u00e4lfte des ben\u00f6tigten Heizstroms durch PV erzeugt.","og_url":"https:\/\/alpenlandmagazin.at\/hochnachhaltig\/waermepumpe-und-photovoltaik-im-winter-mein-fazit-fuer-feber\/","og_site_name":"hoch.nachhaltig - Berge. Umwelt. Selbstwirksamkeit.","article_published_time":"2024-03-01T16:08:42+00:00","article_modified_time":"2026-07-17T09:26:20+00:00","og_image":[{"width":1024,"height":633,"url":"https:\/\/alpenlandmagazin.at\/hochnachhaltig\/wp-content\/uploads\/2024\/03\/IMB8ybb47MwwI-e1784280371708-1024x633.png","type":"image\/png"}],"author":"ckrieh","twitter_card":"summary_large_image","twitter_misc":{"Verfasst von":"ckrieh","Gesch\u00e4tzte Lesezeit":"3\u00a0Minuten"},"schema":{"@context":"https:\/\/schema.org","@graph":[{"@type":"Article","@id":"https:\/\/alpenlandmagazin.at\/hochnachhaltig\/waermepumpe-und-photovoltaik-im-winter-mein-fazit-fuer-feber\/#article","isPartOf":{"@id":"https:\/\/alpenlandmagazin.at\/hochnachhaltig\/waermepumpe-und-photovoltaik-im-winter-mein-fazit-fuer-feber\/"},"author":{"name":"ckrieh","@id":"https:\/\/alpenlandmagazin.at\/hochnachhaltig\/#\/schema\/person\/7f5ce1e0f5b51b3dc237c27155c063b6"},"headline":"W\u00e4rmepumpe und Photovoltaik im Winter. Lohnt das? Mein Fazit f\u00fcr Feber.","datePublished":"2024-03-01T16:08:42+00:00","dateModified":"2026-07-17T09:26:20+00:00","mainEntityOfPage":{"@id":"https:\/\/alpenlandmagazin.at\/hochnachhaltig\/waermepumpe-und-photovoltaik-im-winter-mein-fazit-fuer-feber\/"},"wordCount":445,"commentCount":0,"publisher":{"@id":"https:\/\/alpenlandmagazin.at\/hochnachhaltig\/#\/schema\/person\/cde7b4195499a8410a9ab4304ba1a6fe"},"image":{"@id":"https:\/\/alpenlandmagazin.at\/hochnachhaltig\/waermepumpe-und-photovoltaik-im-winter-mein-fazit-fuer-feber\/#primaryimage"},"thumbnailUrl":"https:\/\/alpenlandmagazin.at\/hochnachhaltig\/wp-content\/uploads\/2024\/03\/IMB8ybb47MwwI-e1784280371708.png","inLanguage":"de","potentialAction":[{"@type":"CommentAction","name":"Comment","target":["https:\/\/alpenlandmagazin.at\/hochnachhaltig\/waermepumpe-und-photovoltaik-im-winter-mein-fazit-fuer-feber\/#respond"]}]},{"@type":"WebPage","@id":"https:\/\/alpenlandmagazin.at\/hochnachhaltig\/waermepumpe-und-photovoltaik-im-winter-mein-fazit-fuer-feber\/","url":"https:\/\/alpenlandmagazin.at\/hochnachhaltig\/waermepumpe-und-photovoltaik-im-winter-mein-fazit-fuer-feber\/","name":"W\u00e4rmepumpe und Photovoltaik im Winter. Lohnt das? Mein Fazit f\u00fcr Feber. - hoch.nachhaltig - Berge. Umwelt. Selbstwirksamkeit.","isPartOf":{"@id":"https:\/\/alpenlandmagazin.at\/hochnachhaltig\/#website"},"primaryImageOfPage":{"@id":"https:\/\/alpenlandmagazin.at\/hochnachhaltig\/waermepumpe-und-photovoltaik-im-winter-mein-fazit-fuer-feber\/#primaryimage"},"image":{"@id":"https:\/\/alpenlandmagazin.at\/hochnachhaltig\/waermepumpe-und-photovoltaik-im-winter-mein-fazit-fuer-feber\/#primaryimage"},"thumbnailUrl":"https:\/\/alpenlandmagazin.at\/hochnachhaltig\/wp-content\/uploads\/2024\/03\/IMB8ybb47MwwI-e1784280371708.png","datePublished":"2024-03-01T16:08:42+00:00","dateModified":"2026-07-17T09:26:20+00:00","description":"W\u00e4rmepumpe und Photovoltaik im Winter. Lohnt das? Mein Fazit f\u00fcr Feber. Mehr als die H\u00e4lfte des ben\u00f6tigten Heizstroms durch PV erzeugt.","breadcrumb":{"@id":"https:\/\/alpenlandmagazin.at\/hochnachhaltig\/waermepumpe-und-photovoltaik-im-winter-mein-fazit-fuer-feber\/#breadcrumb"},"inLanguage":"de","potentialAction":[{"@type":"ReadAction","target":["https:\/\/alpenlandmagazin.at\/hochnachhaltig\/waermepumpe-und-photovoltaik-im-winter-mein-fazit-fuer-feber\/"]}]},{"@type":"ImageObject","inLanguage":"de","@id":"https:\/\/alpenlandmagazin.at\/hochnachhaltig\/waermepumpe-und-photovoltaik-im-winter-mein-fazit-fuer-feber\/#primaryimage","url":"https:\/\/alpenlandmagazin.at\/hochnachhaltig\/wp-content\/uploads\/2024\/03\/IMB8ybb47MwwI-e1784280371708.png","contentUrl":"https:\/\/alpenlandmagazin.at\/hochnachhaltig\/wp-content\/uploads\/2024\/03\/IMB8ybb47MwwI-e1784280371708.png","width":1242,"height":768},{"@type":"BreadcrumbList","@id":"https:\/\/alpenlandmagazin.at\/hochnachhaltig\/waermepumpe-und-photovoltaik-im-winter-mein-fazit-fuer-feber\/#breadcrumb","itemListElement":[{"@type":"ListItem","position":1,"name":"Startseite","item":"https:\/\/alpenlandmagazin.at\/hochnachhaltig\/"},{"@type":"ListItem","position":2,"name":"W\u00e4rmepumpe und Photovoltaik im Winter. Lohnt das? Mein Fazit f\u00fcr Feber."}]},{"@type":"WebSite","@id":"https:\/\/alpenlandmagazin.at\/hochnachhaltig\/#website","url":"https:\/\/alpenlandmagazin.at\/hochnachhaltig\/","name":"hoch.nachhaltig - Berge. Umwelt. Selbstwirksamkeit.","description":"Wie man die Welt rettet und dabei Geld spart.","publisher":{"@id":"https:\/\/alpenlandmagazin.at\/hochnachhaltig\/#\/schema\/person\/cde7b4195499a8410a9ab4304ba1a6fe"},"alternateName":"hoch.nachhaltig","potentialAction":[{"@type":"SearchAction","target":{"@type":"EntryPoint","urlTemplate":"https:\/\/alpenlandmagazin.at\/hochnachhaltig\/?s={search_term_string}"},"query-input":{"@type":"PropertyValueSpecification","valueRequired":true,"valueName":"search_term_string"}}],"inLanguage":"de"},{"@type":["Person","Organization"],"@id":"https:\/\/alpenlandmagazin.at\/hochnachhaltig\/#\/schema\/person\/cde7b4195499a8410a9ab4304ba1a6fe","name":"Christian Schreiter","image":{"@type":"ImageObject","inLanguage":"de","@id":"https:\/\/alpenlandmagazin.at\/hochnachhaltig\/wp-content\/uploads\/2023\/12\/logo11_4_172949.png","url":"https:\/\/alpenlandmagazin.at\/hochnachhaltig\/wp-content\/uploads\/2023\/12\/logo11_4_172949.png","contentUrl":"https:\/\/alpenlandmagazin.at\/hochnachhaltig\/wp-content\/uploads\/2023\/12\/logo11_4_172949.png","width":2000,"height":2000,"caption":"Christian Schreiter"},"logo":{"@id":"https:\/\/alpenlandmagazin.at\/hochnachhaltig\/wp-content\/uploads\/2023\/12\/logo11_4_172949.png"}},{"@type":"Person","@id":"https:\/\/alpenlandmagazin.at\/hochnachhaltig\/#\/schema\/person\/7f5ce1e0f5b51b3dc237c27155c063b6","name":"ckrieh","image":{"@type":"ImageObject","inLanguage":"de","@id":"https:\/\/secure.gravatar.com\/avatar\/1a61d60ff2b88bcf2b98ce01b7ba9fe7685606d7822c85153b9262eac30a2c74?s=96&d=mm&r=g","url":"https:\/\/secure.gravatar.com\/avatar\/1a61d60ff2b88bcf2b98ce01b7ba9fe7685606d7822c85153b9262eac30a2c74?s=96&d=mm&r=g","contentUrl":"https:\/\/secure.gravatar.com\/avatar\/1a61d60ff2b88bcf2b98ce01b7ba9fe7685606d7822c85153b9262eac30a2c74?s=96&d=mm&r=g","caption":"ckrieh"},"sameAs":["https:\/\/alpenlandmagazin.at\/hochnachhaltig"],"url":"https:\/\/alpenlandmagazin.at\/hochnachhaltig\/author\/ckrieh\/"}]}},"_links":{"self":[{"href":"https:\/\/alpenlandmagazin.at\/hochnachhaltig\/wp-json\/wp\/v2\/posts\/185","targetHints":{"allow":["GET"]}}],"collection":[{"href":"https:\/\/alpenlandmagazin.at\/hochnachhaltig\/wp-json\/wp\/v2\/posts"}],"about":[{"href":"https:\/\/alpenlandmagazin.at\/hochnachhaltig\/wp-json\/wp\/v2\/types\/post"}],"author":[{"embeddable":true,"href":"https:\/\/alpenlandmagazin.at\/hochnachhaltig\/wp-json\/wp\/v2\/users\/1"}],"replies":[{"embeddable":true,"href":"https:\/\/alpenlandmagazin.at\/hochnachhaltig\/wp-json\/wp\/v2\/comments?post=185"}],"version-history":[{"count":9,"href":"https:\/\/alpenlandmagazin.at\/hochnachhaltig\/wp-json\/wp\/v2\/posts\/185\/revisions"}],"predecessor-version":[{"id":201,"href":"https:\/\/alpenlandmagazin.at\/hochnachhaltig\/wp-json\/wp\/v2\/posts\/185\/revisions\/201"}],"wp:featuredmedia":[{"embeddable":true,"href":"https:\/\/alpenlandmagazin.at\/hochnachhaltig\/wp-json\/wp\/v2\/media\/439"}],"wp:attachment":[{"href":"https:\/\/alpenlandmagazin.at\/hochnachhaltig\/wp-json\/wp\/v2\/media?parent=185"}],"wp:term":[{"taxonomy":"category","embeddable":true,"href":"https:\/\/alpenlandmagazin.at\/hochnachhaltig\/wp-json\/wp\/v2\/categories?post=185"},{"taxonomy":"post_tag","embeddable":true,"href":"https:\/\/alpenlandmagazin.at\/hochnachhaltig\/wp-json\/wp\/v2\/tags?post=185"}],"curies":[{"name":"wp","href":"https:\/\/api.w.org\/{rel}","templated":true}]}}