{"id":218,"date":"2024-04-15T16:56:27","date_gmt":"2024-04-15T14:56:27","guid":{"rendered":"https:\/\/alpenlandmagazin.at\/hochnachhaltig\/?p=218"},"modified":"2024-04-15T16:58:49","modified_gmt":"2024-04-15T14:58:49","slug":"so-fett-ist-mein-oekologischer-fussabdruck","status":"publish","type":"post","link":"https:\/\/alpenlandmagazin.at\/hochnachhaltig\/so-fett-ist-mein-oekologischer-fussabdruck\/","title":{"rendered":"So fett ist mein \u00f6kologischer Fu\u00dfabdruck"},"content":{"rendered":"<div class=\"epyt-video-wrapper\"><div  id=\"_ytid_79096\"  width=\"1200\" height=\"675\"  data-origwidth=\"1200\" data-origheight=\"675\" data-facadesrc=\"https:\/\/www.youtube.com\/embed\/Zm37IygPN38?enablejsapi=1&#038;origin=https:\/\/alpenlandmagazin.at&#038;autoplay=0&#038;cc_load_policy=0&#038;cc_lang_pref=de&#038;iv_load_policy=1&#038;loop=0&#038;rel=0&#038;fs=1&#038;playsinline=1&#038;autohide=2&#038;theme=dark&#038;color=red&#038;controls=1&#038;disablekb=0&#038;\" class=\"__youtube_prefs__ epyt-facade no-lazyload\" data-epautoplay=\"1\" ><img decoding=\"async\" data-spai-excluded=\"true\" class=\"epyt-facade-poster skip-lazy\" loading=\"lazy\"  alt=\"YouTube player\"  src=\"https:\/\/i.ytimg.com\/vi\/Zm37IygPN38\/maxresdefault.jpg\"  \/><button class=\"epyt-facade-play\" aria-label=\"Play\"><svg data-no-lazy=\"1\" height=\"100%\" version=\"1.1\" viewBox=\"0 0 68 48\" width=\"100%\"><path class=\"ytp-large-play-button-bg\" d=\"M66.52,7.74c-0.78-2.93-2.49-5.41-5.42-6.19C55.79,.13,34,0,34,0S12.21,.13,6.9,1.55 C3.97,2.33,2.27,4.81,1.48,7.74C0.06,13.05,0,24,0,24s0.06,10.95,1.48,16.26c0.78,2.93,2.49,5.41,5.42,6.19 C12.21,47.87,34,48,34,48s21.79-0.13,27.1-1.55c2.93-0.78,4.64-3.26,5.42-6.19C67.94,34.95,68,24,68,24S67.94,13.05,66.52,7.74z\" fill=\"#f00\"><\/path><path d=\"M 45,24 27,14 27,34\" fill=\"#fff\"><\/path><\/svg><\/button><\/div><\/div>\n\n\n<p><\/p>\n\n\n\n<p>Ich berechne in diesem Video meinen \u00f6kologischen Fu\u00dfabdruck mit dem Rechner des Bundesministeriums. Wie fett wird er sein und wie viele Erden w\u00fcrde die Menschheit verbrauchen, wenn alle so leben w\u00fcrden wie ich? <\/p>\n\n\n\n<p><a href=\"https:\/\/www.bmk.gv.at\/themen\/klima_umwelt\/nachhaltigkeit\/bildung\/fussabdruck_rechner.html\" target=\"_blank\" rel=\"noreferrer noopener\">https:\/\/www.bmk.gv.at\/themen\/klima_umwelt\/nachhaltigkeit\/bildung\/fussabdruck_rechner.html<\/a><\/p>\n","protected":false},"excerpt":{"rendered":"<p>Ich berechne in diesem Video meinen \u00f6kologischen Fu\u00dfabdruck mit dem Rechner des Bundesministeriums. Wie fett wird er sein und wie viele Erden w\u00fcrde die Menschheit verbrauchen, wenn alle so leben w\u00fcrden wie ich? https:\/\/www.bmk.gv.at\/themen\/klima_umwelt\/nachhaltigkeit\/bildung\/fussabdruck_rechner.html<\/p>\n","protected":false},"author":1,"featured_media":219,"comment_status":"open","ping_status":"open","sticky":false,"template":"","format":"standard","meta":{"neve_meta_sidebar":"","neve_meta_container":"","neve_meta_enable_content_width":"","neve_meta_content_width":0,"neve_meta_title_alignment":"","neve_meta_author_avatar":"","neve_post_elements_order":"","neve_meta_disable_header":"","neve_meta_disable_footer":"","neve_meta_disable_title":"","footnotes":""},"categories":[1],"tags":[],"class_list":["post-218","post","type-post","status-publish","format-standard","has-post-thumbnail","hentry","category-allgemein"],"yoast_head":"<!-- This site is optimized with the Yoast SEO plugin v26.6 - https:\/\/yoast.com\/wordpress\/plugins\/seo\/ -->\n<title>So fett ist mein \u00f6kologischer Fu\u00dfabdruck - hoch.nachhaltig - Berge. Umwelt. Selbstwirksamkeit.<\/title>\n<meta name=\"robots\" content=\"index, follow, max-snippet:-1, max-image-preview:large, max-video-preview:-1\" \/>\n<link rel=\"canonical\" href=\"https:\/\/alpenlandmagazin.at\/hochnachhaltig\/so-fett-ist-mein-oekologischer-fussabdruck\/\" \/>\n<meta property=\"og:locale\" content=\"de_DE\" \/>\n<meta property=\"og:type\" content=\"article\" \/>\n<meta property=\"og:title\" content=\"So fett ist mein \u00f6kologischer Fu\u00dfabdruck - hoch.nachhaltig - Berge. Umwelt. Selbstwirksamkeit.\" \/>\n<meta property=\"og:description\" content=\"Ich berechne in diesem Video meinen \u00f6kologischen Fu\u00dfabdruck mit dem Rechner des Bundesministeriums. Wie fett wird er sein und wie viele Erden w\u00fcrde die Menschheit verbrauchen, wenn alle so leben w\u00fcrden wie ich? https:\/\/www.bmk.gv.at\/themen\/klima_umwelt\/nachhaltigkeit\/bildung\/fussabdruck_rechner.html\" \/>\n<meta property=\"og:url\" content=\"https:\/\/alpenlandmagazin.at\/hochnachhaltig\/so-fett-ist-mein-oekologischer-fussabdruck\/\" \/>\n<meta property=\"og:site_name\" content=\"hoch.nachhaltig - Berge. Umwelt. Selbstwirksamkeit.\" \/>\n<meta property=\"article:published_time\" content=\"2024-04-15T14:56:27+00:00\" \/>\n<meta property=\"article:modified_time\" content=\"2024-04-15T14:58:49+00:00\" \/>\n<meta property=\"og:image\" content=\"https:\/\/alpenlandmagazin.at\/hochnachhaltig\/wp-content\/uploads\/2024\/04\/Titel-e1713193111921.png\" \/>\n\t<meta property=\"og:image:width\" content=\"1164\" \/>\n\t<meta property=\"og:image:height\" content=\"787\" \/>\n\t<meta property=\"og:image:type\" content=\"image\/png\" \/>\n<meta name=\"author\" content=\"ckrieh\" \/>\n<meta name=\"twitter:card\" content=\"summary_large_image\" \/>\n<meta name=\"twitter:label1\" content=\"Verfasst von\" \/>\n\t<meta name=\"twitter:data1\" content=\"ckrieh\" \/>\n\t<meta name=\"twitter:label2\" content=\"Gesch\u00e4tzte Lesezeit\" \/>\n\t<meta name=\"twitter:data2\" content=\"1 Minute\" \/>\n<script type=\"application\/ld+json\" class=\"yoast-schema-graph\">{\"@context\":\"https:\/\/schema.org\",\"@graph\":[{\"@type\":\"Article\",\"@id\":\"https:\/\/alpenlandmagazin.at\/hochnachhaltig\/so-fett-ist-mein-oekologischer-fussabdruck\/#article\",\"isPartOf\":{\"@id\":\"https:\/\/alpenlandmagazin.at\/hochnachhaltig\/so-fett-ist-mein-oekologischer-fussabdruck\/\"},\"author\":{\"name\":\"ckrieh\",\"@id\":\"https:\/\/alpenlandmagazin.at\/hochnachhaltig\/#\/schema\/person\/7f5ce1e0f5b51b3dc237c27155c063b6\"},\"headline\":\"So fett ist mein \u00f6kologischer Fu\u00dfabdruck\",\"datePublished\":\"2024-04-15T14:56:27+00:00\",\"dateModified\":\"2024-04-15T14:58:49+00:00\",\"mainEntityOfPage\":{\"@id\":\"https:\/\/alpenlandmagazin.at\/hochnachhaltig\/so-fett-ist-mein-oekologischer-fussabdruck\/\"},\"wordCount\":66,\"commentCount\":0,\"publisher\":{\"@id\":\"https:\/\/alpenlandmagazin.at\/hochnachhaltig\/#\/schema\/person\/cde7b4195499a8410a9ab4304ba1a6fe\"},\"image\":{\"@id\":\"https:\/\/alpenlandmagazin.at\/hochnachhaltig\/so-fett-ist-mein-oekologischer-fussabdruck\/#primaryimage\"},\"thumbnailUrl\":\"https:\/\/alpenlandmagazin.at\/hochnachhaltig\/wp-content\/uploads\/2024\/04\/Titel-e1713193111921.png\",\"inLanguage\":\"de-AT\",\"potentialAction\":[{\"@type\":\"CommentAction\",\"name\":\"Comment\",\"target\":[\"https:\/\/alpenlandmagazin.at\/hochnachhaltig\/so-fett-ist-mein-oekologischer-fussabdruck\/#respond\"]}]},{\"@type\":\"WebPage\",\"@id\":\"https:\/\/alpenlandmagazin.at\/hochnachhaltig\/so-fett-ist-mein-oekologischer-fussabdruck\/\",\"url\":\"https:\/\/alpenlandmagazin.at\/hochnachhaltig\/so-fett-ist-mein-oekologischer-fussabdruck\/\",\"name\":\"So fett ist mein \u00f6kologischer Fu\u00dfabdruck - hoch.nachhaltig - Berge. Umwelt. Selbstwirksamkeit.\",\"isPartOf\":{\"@id\":\"https:\/\/alpenlandmagazin.at\/hochnachhaltig\/#website\"},\"primaryImageOfPage\":{\"@id\":\"https:\/\/alpenlandmagazin.at\/hochnachhaltig\/so-fett-ist-mein-oekologischer-fussabdruck\/#primaryimage\"},\"image\":{\"@id\":\"https:\/\/alpenlandmagazin.at\/hochnachhaltig\/so-fett-ist-mein-oekologischer-fussabdruck\/#primaryimage\"},\"thumbnailUrl\":\"https:\/\/alpenlandmagazin.at\/hochnachhaltig\/wp-content\/uploads\/2024\/04\/Titel-e1713193111921.png\",\"datePublished\":\"2024-04-15T14:56:27+00:00\",\"dateModified\":\"2024-04-15T14:58:49+00:00\",\"breadcrumb\":{\"@id\":\"https:\/\/alpenlandmagazin.at\/hochnachhaltig\/so-fett-ist-mein-oekologischer-fussabdruck\/#breadcrumb\"},\"inLanguage\":\"de-AT\",\"potentialAction\":[{\"@type\":\"ReadAction\",\"target\":[\"https:\/\/alpenlandmagazin.at\/hochnachhaltig\/so-fett-ist-mein-oekologischer-fussabdruck\/\"]}]},{\"@type\":\"ImageObject\",\"inLanguage\":\"de-AT\",\"@id\":\"https:\/\/alpenlandmagazin.at\/hochnachhaltig\/so-fett-ist-mein-oekologischer-fussabdruck\/#primaryimage\",\"url\":\"https:\/\/alpenlandmagazin.at\/hochnachhaltig\/wp-content\/uploads\/2024\/04\/Titel-e1713193111921.png\",\"contentUrl\":\"https:\/\/alpenlandmagazin.at\/hochnachhaltig\/wp-content\/uploads\/2024\/04\/Titel-e1713193111921.png\",\"width\":1164,\"height\":787},{\"@type\":\"BreadcrumbList\",\"@id\":\"https:\/\/alpenlandmagazin.at\/hochnachhaltig\/so-fett-ist-mein-oekologischer-fussabdruck\/#breadcrumb\",\"itemListElement\":[{\"@type\":\"ListItem\",\"position\":1,\"name\":\"Startseite\",\"item\":\"https:\/\/alpenlandmagazin.at\/hochnachhaltig\/\"},{\"@type\":\"ListItem\",\"position\":2,\"name\":\"So fett ist mein \u00f6kologischer Fu\u00dfabdruck\"}]},{\"@type\":\"WebSite\",\"@id\":\"https:\/\/alpenlandmagazin.at\/hochnachhaltig\/#website\",\"url\":\"https:\/\/alpenlandmagazin.at\/hochnachhaltig\/\",\"name\":\"hoch.nachhaltig - Berge. Umwelt. Selbstwirksamkeit.\",\"description\":\"Wie man die Welt rettet und dabei Geld spart.\",\"publisher\":{\"@id\":\"https:\/\/alpenlandmagazin.at\/hochnachhaltig\/#\/schema\/person\/cde7b4195499a8410a9ab4304ba1a6fe\"},\"alternateName\":\"hoch.nachhaltig\",\"potentialAction\":[{\"@type\":\"SearchAction\",\"target\":{\"@type\":\"EntryPoint\",\"urlTemplate\":\"https:\/\/alpenlandmagazin.at\/hochnachhaltig\/?s={search_term_string}\"},\"query-input\":{\"@type\":\"PropertyValueSpecification\",\"valueRequired\":true,\"valueName\":\"search_term_string\"}}],\"inLanguage\":\"de-AT\"},{\"@type\":[\"Person\",\"Organization\"],\"@id\":\"https:\/\/alpenlandmagazin.at\/hochnachhaltig\/#\/schema\/person\/cde7b4195499a8410a9ab4304ba1a6fe\",\"name\":\"Christian Schreiter\",\"image\":{\"@type\":\"ImageObject\",\"inLanguage\":\"de-AT\",\"@id\":\"https:\/\/alpenlandmagazin.at\/hochnachhaltig\/#\/schema\/person\/image\/\",\"url\":\"https:\/\/alpenlandmagazin.at\/hochnachhaltig\/wp-content\/uploads\/2023\/12\/logo11_4_172949.png\",\"contentUrl\":\"https:\/\/alpenlandmagazin.at\/hochnachhaltig\/wp-content\/uploads\/2023\/12\/logo11_4_172949.png\",\"width\":2000,\"height\":2000,\"caption\":\"Christian Schreiter\"},\"logo\":{\"@id\":\"https:\/\/alpenlandmagazin.at\/hochnachhaltig\/#\/schema\/person\/image\/\"}},{\"@type\":\"Person\",\"@id\":\"https:\/\/alpenlandmagazin.at\/hochnachhaltig\/#\/schema\/person\/7f5ce1e0f5b51b3dc237c27155c063b6\",\"name\":\"ckrieh\",\"image\":{\"@type\":\"ImageObject\",\"inLanguage\":\"de-AT\",\"@id\":\"https:\/\/alpenlandmagazin.at\/hochnachhaltig\/#\/schema\/person\/image\/\",\"url\":\"https:\/\/secure.gravatar.com\/avatar\/1a61d60ff2b88bcf2b98ce01b7ba9fe7685606d7822c85153b9262eac30a2c74?s=96&d=mm&r=g\",\"contentUrl\":\"https:\/\/secure.gravatar.com\/avatar\/1a61d60ff2b88bcf2b98ce01b7ba9fe7685606d7822c85153b9262eac30a2c74?s=96&d=mm&r=g\",\"caption\":\"ckrieh\"},\"sameAs\":[\"https:\/\/alpenlandmagazin.at\/hochnachhaltig\"],\"url\":\"https:\/\/alpenlandmagazin.at\/hochnachhaltig\/author\/ckrieh\/\"}]}<\/script>\n<!-- \/ Yoast SEO plugin. -->","yoast_head_json":{"title":"So fett ist mein \u00f6kologischer Fu\u00dfabdruck - hoch.nachhaltig - Berge. Umwelt. Selbstwirksamkeit.","robots":{"index":"index","follow":"follow","max-snippet":"max-snippet:-1","max-image-preview":"max-image-preview:large","max-video-preview":"max-video-preview:-1"},"canonical":"https:\/\/alpenlandmagazin.at\/hochnachhaltig\/so-fett-ist-mein-oekologischer-fussabdruck\/","og_locale":"de_DE","og_type":"article","og_title":"So fett ist mein \u00f6kologischer Fu\u00dfabdruck - hoch.nachhaltig - Berge. Umwelt. Selbstwirksamkeit.","og_description":"Ich berechne in diesem Video meinen \u00f6kologischen Fu\u00dfabdruck mit dem Rechner des Bundesministeriums. Wie fett wird er sein und wie viele Erden w\u00fcrde die Menschheit verbrauchen, wenn alle so leben w\u00fcrden wie ich? https:\/\/www.bmk.gv.at\/themen\/klima_umwelt\/nachhaltigkeit\/bildung\/fussabdruck_rechner.html","og_url":"https:\/\/alpenlandmagazin.at\/hochnachhaltig\/so-fett-ist-mein-oekologischer-fussabdruck\/","og_site_name":"hoch.nachhaltig - Berge. Umwelt. Selbstwirksamkeit.","article_published_time":"2024-04-15T14:56:27+00:00","article_modified_time":"2024-04-15T14:58:49+00:00","og_image":[{"width":1164,"height":787,"url":"https:\/\/alpenlandmagazin.at\/hochnachhaltig\/wp-content\/uploads\/2024\/04\/Titel-e1713193111921.png","type":"image\/png"}],"author":"ckrieh","twitter_card":"summary_large_image","twitter_misc":{"Verfasst von":"ckrieh","Gesch\u00e4tzte Lesezeit":"1 Minute"},"schema":{"@context":"https:\/\/schema.org","@graph":[{"@type":"Article","@id":"https:\/\/alpenlandmagazin.at\/hochnachhaltig\/so-fett-ist-mein-oekologischer-fussabdruck\/#article","isPartOf":{"@id":"https:\/\/alpenlandmagazin.at\/hochnachhaltig\/so-fett-ist-mein-oekologischer-fussabdruck\/"},"author":{"name":"ckrieh","@id":"https:\/\/alpenlandmagazin.at\/hochnachhaltig\/#\/schema\/person\/7f5ce1e0f5b51b3dc237c27155c063b6"},"headline":"So fett ist mein \u00f6kologischer Fu\u00dfabdruck","datePublished":"2024-04-15T14:56:27+00:00","dateModified":"2024-04-15T14:58:49+00:00","mainEntityOfPage":{"@id":"https:\/\/alpenlandmagazin.at\/hochnachhaltig\/so-fett-ist-mein-oekologischer-fussabdruck\/"},"wordCount":66,"commentCount":0,"publisher":{"@id":"https:\/\/alpenlandmagazin.at\/hochnachhaltig\/#\/schema\/person\/cde7b4195499a8410a9ab4304ba1a6fe"},"image":{"@id":"https:\/\/alpenlandmagazin.at\/hochnachhaltig\/so-fett-ist-mein-oekologischer-fussabdruck\/#primaryimage"},"thumbnailUrl":"https:\/\/alpenlandmagazin.at\/hochnachhaltig\/wp-content\/uploads\/2024\/04\/Titel-e1713193111921.png","inLanguage":"de-AT","potentialAction":[{"@type":"CommentAction","name":"Comment","target":["https:\/\/alpenlandmagazin.at\/hochnachhaltig\/so-fett-ist-mein-oekologischer-fussabdruck\/#respond"]}]},{"@type":"WebPage","@id":"https:\/\/alpenlandmagazin.at\/hochnachhaltig\/so-fett-ist-mein-oekologischer-fussabdruck\/","url":"https:\/\/alpenlandmagazin.at\/hochnachhaltig\/so-fett-ist-mein-oekologischer-fussabdruck\/","name":"So fett ist mein \u00f6kologischer Fu\u00dfabdruck - hoch.nachhaltig - Berge. Umwelt. Selbstwirksamkeit.","isPartOf":{"@id":"https:\/\/alpenlandmagazin.at\/hochnachhaltig\/#website"},"primaryImageOfPage":{"@id":"https:\/\/alpenlandmagazin.at\/hochnachhaltig\/so-fett-ist-mein-oekologischer-fussabdruck\/#primaryimage"},"image":{"@id":"https:\/\/alpenlandmagazin.at\/hochnachhaltig\/so-fett-ist-mein-oekologischer-fussabdruck\/#primaryimage"},"thumbnailUrl":"https:\/\/alpenlandmagazin.at\/hochnachhaltig\/wp-content\/uploads\/2024\/04\/Titel-e1713193111921.png","datePublished":"2024-04-15T14:56:27+00:00","dateModified":"2024-04-15T14:58:49+00:00","breadcrumb":{"@id":"https:\/\/alpenlandmagazin.at\/hochnachhaltig\/so-fett-ist-mein-oekologischer-fussabdruck\/#breadcrumb"},"inLanguage":"de-AT","potentialAction":[{"@type":"ReadAction","target":["https:\/\/alpenlandmagazin.at\/hochnachhaltig\/so-fett-ist-mein-oekologischer-fussabdruck\/"]}]},{"@type":"ImageObject","inLanguage":"de-AT","@id":"https:\/\/alpenlandmagazin.at\/hochnachhaltig\/so-fett-ist-mein-oekologischer-fussabdruck\/#primaryimage","url":"https:\/\/alpenlandmagazin.at\/hochnachhaltig\/wp-content\/uploads\/2024\/04\/Titel-e1713193111921.png","contentUrl":"https:\/\/alpenlandmagazin.at\/hochnachhaltig\/wp-content\/uploads\/2024\/04\/Titel-e1713193111921.png","width":1164,"height":787},{"@type":"BreadcrumbList","@id":"https:\/\/alpenlandmagazin.at\/hochnachhaltig\/so-fett-ist-mein-oekologischer-fussabdruck\/#breadcrumb","itemListElement":[{"@type":"ListItem","position":1,"name":"Startseite","item":"https:\/\/alpenlandmagazin.at\/hochnachhaltig\/"},{"@type":"ListItem","position":2,"name":"So fett ist mein \u00f6kologischer Fu\u00dfabdruck"}]},{"@type":"WebSite","@id":"https:\/\/alpenlandmagazin.at\/hochnachhaltig\/#website","url":"https:\/\/alpenlandmagazin.at\/hochnachhaltig\/","name":"hoch.nachhaltig - Berge. Umwelt. Selbstwirksamkeit.","description":"Wie man die Welt rettet und dabei Geld spart.","publisher":{"@id":"https:\/\/alpenlandmagazin.at\/hochnachhaltig\/#\/schema\/person\/cde7b4195499a8410a9ab4304ba1a6fe"},"alternateName":"hoch.nachhaltig","potentialAction":[{"@type":"SearchAction","target":{"@type":"EntryPoint","urlTemplate":"https:\/\/alpenlandmagazin.at\/hochnachhaltig\/?s={search_term_string}"},"query-input":{"@type":"PropertyValueSpecification","valueRequired":true,"valueName":"search_term_string"}}],"inLanguage":"de-AT"},{"@type":["Person","Organization"],"@id":"https:\/\/alpenlandmagazin.at\/hochnachhaltig\/#\/schema\/person\/cde7b4195499a8410a9ab4304ba1a6fe","name":"Christian Schreiter","image":{"@type":"ImageObject","inLanguage":"de-AT","@id":"https:\/\/alpenlandmagazin.at\/hochnachhaltig\/#\/schema\/person\/image\/","url":"https:\/\/alpenlandmagazin.at\/hochnachhaltig\/wp-content\/uploads\/2023\/12\/logo11_4_172949.png","contentUrl":"https:\/\/alpenlandmagazin.at\/hochnachhaltig\/wp-content\/uploads\/2023\/12\/logo11_4_172949.png","width":2000,"height":2000,"caption":"Christian Schreiter"},"logo":{"@id":"https:\/\/alpenlandmagazin.at\/hochnachhaltig\/#\/schema\/person\/image\/"}},{"@type":"Person","@id":"https:\/\/alpenlandmagazin.at\/hochnachhaltig\/#\/schema\/person\/7f5ce1e0f5b51b3dc237c27155c063b6","name":"ckrieh","image":{"@type":"ImageObject","inLanguage":"de-AT","@id":"https:\/\/alpenlandmagazin.at\/hochnachhaltig\/#\/schema\/person\/image\/","url":"https:\/\/secure.gravatar.com\/avatar\/1a61d60ff2b88bcf2b98ce01b7ba9fe7685606d7822c85153b9262eac30a2c74?s=96&d=mm&r=g","contentUrl":"https:\/\/secure.gravatar.com\/avatar\/1a61d60ff2b88bcf2b98ce01b7ba9fe7685606d7822c85153b9262eac30a2c74?s=96&d=mm&r=g","caption":"ckrieh"},"sameAs":["https:\/\/alpenlandmagazin.at\/hochnachhaltig"],"url":"https:\/\/alpenlandmagazin.at\/hochnachhaltig\/author\/ckrieh\/"}]}},"_links":{"self":[{"href":"https:\/\/alpenlandmagazin.at\/hochnachhaltig\/wp-json\/wp\/v2\/posts\/218","targetHints":{"allow":["GET"]}}],"collection":[{"href":"https:\/\/alpenlandmagazin.at\/hochnachhaltig\/wp-json\/wp\/v2\/posts"}],"about":[{"href":"https:\/\/alpenlandmagazin.at\/hochnachhaltig\/wp-json\/wp\/v2\/types\/post"}],"author":[{"embeddable":true,"href":"https:\/\/alpenlandmagazin.at\/hochnachhaltig\/wp-json\/wp\/v2\/users\/1"}],"replies":[{"embeddable":true,"href":"https:\/\/alpenlandmagazin.at\/hochnachhaltig\/wp-json\/wp\/v2\/comments?post=218"}],"version-history":[{"count":1,"href":"https:\/\/alpenlandmagazin.at\/hochnachhaltig\/wp-json\/wp\/v2\/posts\/218\/revisions"}],"predecessor-version":[{"id":220,"href":"https:\/\/alpenlandmagazin.at\/hochnachhaltig\/wp-json\/wp\/v2\/posts\/218\/revisions\/220"}],"wp:featuredmedia":[{"embeddable":true,"href":"https:\/\/alpenlandmagazin.at\/hochnachhaltig\/wp-json\/wp\/v2\/media\/219"}],"wp:attachment":[{"href":"https:\/\/alpenlandmagazin.at\/hochnachhaltig\/wp-json\/wp\/v2\/media?parent=218"}],"wp:term":[{"taxonomy":"category","embeddable":true,"href":"https:\/\/alpenlandmagazin.at\/hochnachhaltig\/wp-json\/wp\/v2\/categories?post=218"},{"taxonomy":"post_tag","embeddable":true,"href":"https:\/\/alpenlandmagazin.at\/hochnachhaltig\/wp-json\/wp\/v2\/tags?post=218"}],"curies":[{"name":"wp","href":"https:\/\/api.w.org\/{rel}","templated":true}]}}