{"id":244,"date":"2024-06-08T18:27:48","date_gmt":"2024-06-08T16:27:48","guid":{"rendered":"https:\/\/alpenlandmagazin.at\/hochnachhaltig\/?p=244"},"modified":"2025-06-01T17:25:16","modified_gmt":"2025-06-01T15:25:16","slug":"smart-home-gardena-sileno-rasenroboter","status":"publish","type":"post","link":"https:\/\/alpenlandmagazin.at\/hochnachhaltig\/smart-home-gardena-sileno-rasenroboter\/","title":{"rendered":"Smart-Home: Gardena Sileno Rasenroboter"},"content":{"rendered":"\n<p>Zu einem ordentlichen <a href=\"https:\/\/alpenlandmagazin.at\/hochnachhaltig\/moechtegern-smarthomes-braucht-kein-mensch\/\" target=\"_blank\" rel=\"noreferrer noopener\">Smarthome<\/a> geh\u00f6rt nat\u00fcrlich auch ein Rasenroboter. Ich habe zwei <a href=\"https:\/\/www.gardena.com\/at\/c\/entdecke\/produkte\/rasenpflege\/maehroboter\" target=\"_blank\" rel=\"noreferrer noopener\">Gardena Sileno<\/a> Rasenroboter und wo diese ihre St\u00e4rken und Schw\u00e4chen haben, erkl\u00e4re ich in diesem Video.<\/p>\n\n\n<div class=\"epyt-video-wrapper\"><div  id=\"_ytid_37749\"  width=\"1200\" height=\"675\"  data-origwidth=\"1200\" data-origheight=\"675\" data-facadesrc=\"https:\/\/www.youtube.com\/embed\/IJHDLe8zaUQ?enablejsapi=1&#038;origin=https:\/\/alpenlandmagazin.at&#038;autoplay=0&#038;cc_load_policy=0&#038;cc_lang_pref=de&#038;iv_load_policy=1&#038;loop=0&#038;rel=0&#038;fs=1&#038;playsinline=1&#038;autohide=2&#038;theme=dark&#038;color=red&#038;controls=1&#038;disablekb=0&#038;\" class=\"__youtube_prefs__ epyt-facade no-lazyload\" data-epautoplay=\"1\" ><img decoding=\"async\" data-spai-excluded=\"true\" class=\"epyt-facade-poster skip-lazy\" loading=\"lazy\"  alt=\"YouTube player\"  src=\"https:\/\/i.ytimg.com\/vi\/IJHDLe8zaUQ\/maxresdefault.jpg\"  \/><button class=\"epyt-facade-play\" aria-label=\"Play\"><svg data-no-lazy=\"1\" height=\"100%\" version=\"1.1\" viewBox=\"0 0 68 48\" width=\"100%\"><path class=\"ytp-large-play-button-bg\" d=\"M66.52,7.74c-0.78-2.93-2.49-5.41-5.42-6.19C55.79,.13,34,0,34,0S12.21,.13,6.9,1.55 C3.97,2.33,2.27,4.81,1.48,7.74C0.06,13.05,0,24,0,24s0.06,10.95,1.48,16.26c0.78,2.93,2.49,5.41,5.42,6.19 C12.21,47.87,34,48,34,48s21.79-0.13,27.1-1.55c2.93-0.78,4.64-3.26,5.42-6.19C67.94,34.95,68,24,68,24S67.94,13.05,66.52,7.74z\" fill=\"#f00\"><\/path><path d=\"M 45,24 27,14 27,34\" fill=\"#fff\"><\/path><\/svg><\/button><\/div><\/div>\n\n\n<p><\/p>\n\n\n\n<p>Zun\u00e4chst muss festgehalten werden, dass Rasenroboter gar nicht wirklich so smart sind. Sie halten auf einem eher geringen &#8222;Intelligenzniveau&#8220; den Rasen kurz und das m\u00f6glichst ohne Zutun der Besitzer &#8211; und das ist auch schon das Smarte dran.<\/p>\n\n\n\n<p>Ich besitze einen Gardena Sileno Minimo 250 f\u00fcr den Wohngarten und einen Gardena Sileno Life 750 f\u00fcr den Gem\u00fcse- und Obstgarten. In beiden F\u00e4llen f\u00e4llt hier auch schon ein verbl\u00fcffendes Detail bei Gardena auf. Es ist n\u00e4mlich so: die Zahlen hinter der Baureihenangabe (also in meinem Fall 250 und 750) geben die Gr\u00f6\u00dfe der Fl\u00e4che wieder, die vom jeweiligen Roboter gem\u00e4ht werden kann. W\u00e4hrend ein Gardena Sileno Life 1250 also 1.250 m\u00b2 Rasen m\u00e4hen k\u00f6nnte, ist ein Gardena Sileno Life 750 f\u00fcr 750 m\u00b2 Garten ausgelegt. Die Ger\u00e4te unterscheiden sich dabei durch absolut nichts. Die Drosselung von 1.250 auf 750 m\u00b2 erfolgt \u00fcber t\u00e4gliche Betriebszeiten rein softwarem\u00e4\u00dfig. Meiner Meinung nach ist das ein ziemlich irrer Auswuchs der Gesch\u00e4ftemacherei.<\/p>\n\n\n\n<p>Gut ist, dass die Gardena Rasenroboter eigentlich Husqvarna-Ger\u00e4te sind. Das wird deutlich, wenn man die Bedienabdeckung \u00f6ffnet und auf der Plakette eben Huqvarna steht. Man hat hier also gute Ger\u00e4te zum fairen Preis und das ist sicherlich ein wichtiger Punkt.<\/p>\n\n\n\n<p>Die Rasenrobotermodelle von Gardena (zumindest die beiden hier genannten) ben\u00f6tigen ein F\u00fchrungskabel zur Begrenzung der M\u00e4hfl\u00e4che sowie f\u00fcr den Fall, dass man sie in verschiedene, abgegrenzte Bereiche eines Gartens f\u00fchren will. Es gibt heutzutage schon Roboter, die kein F\u00fchrungskabel mehr ben\u00f6tigen. Diese sind allerdings preislich weitgehend uninteressant und pers\u00f6nlich finde ich auch, dass der Verlegungsaufwand eines solchen F\u00fchrungs- oder Begrenzungskabels minimal ist. Man verankert das Kabel mit kleinen Hacken im Rasen, verbindet die Enden mit der Ladestation und das war es auch schon. In k\u00fcrzester Zeit verschwinden die Kabel von alleine unter dem Rasen bzw. in der Erde.<\/p>\n\n\n\n<p>Sehr selten, aber doch, m\u00e4ht ein Roboter das Kabel durch. Das ist kein Beinbruch, denn eine Reparatur gestaltet sich denkbar einfach. Im Grunde verbindet man die Schnittstelle mittels einer kleinen Klemme, die im Reparaturset enthalten ist, und das war es auch schon.<\/p>\n\n\n\n<p>Die Gardena-Rasenroboter kommen mit sehr ebenem Gel\u00e4nde sehr gut zurecht. Bei sehr unebenem Gel\u00e4nde tun sie sich manchmal schwerer. So bleibt der Roboter im Obstgarten fast jeden Tag irgendwo h\u00e4ngen. Mich selbst st\u00f6rt das nicht wirklich, denn ich schaue einfach vor dem Weg zu Arbeit, ob ich ihn &#8222;retten&#8220; muss (das dauert nur Sekunden) und danach verrichtet er wieder klaglos seinen Dienst. Das geht jedenfalls schneller, als selbst zu m\u00e4hen. Der Roboter im wirklich ebenen Wohngarten braucht meine Aufmerksamkeit hingegen nie.<\/p>\n\n\n\n<p>Zumindest der Sileno Life kommt auch mit diversen Betriebsprogrammen an Board. So w\u00fcrde er bei Aktivierung des entsprechenden Features seine Betriebszeiten an die H\u00f6he des Grases anpassen und stellt bei Frost auch seinen Betrieb ein, bis dieser wieder vorbei ist. Es gibt noch andere Features, aber dar\u00fcber kann ich nichts berichten, da ich s\u00e4mtliche &#8222;intelligenten&#8220; Features ausgeschaltet habe. Mein Roboter f\u00e4hrt einfach (au\u00dfer bei Frost) seine Runden und mehr brauche Funktion brauche ich pers\u00f6nlich nicht. Ob der Sileno Minimo solche Programme hat, wei\u00df ich das gar nicht sicher. <\/p>\n\n\n\n<h3 class=\"wp-block-heading\">Der Wartungsaufwand und die Betriebskosten<\/h3>\n\n\n\n<p>Abgesehen von der zeitweiligen Wiederinbetriebnahme nach einem &#8222;H\u00e4nger&#8220; im Gel\u00e4nde sind beide Robotermodelle de facto wartungsfrei. Das Einzige, was ich alle 1 bis 2 Wochen mache, ist die M\u00e4hmesser zu tauschen. Das dauert pro Roboter 3 Minuten und sorgt f\u00fcr einen guten Schnitt. G\u00fcnstige Messer, die im Grunde Rasierklingen gleichen, gibt es bei Amazon. Ich nehme meistens Titanmesser (30 Stk.) f\u00fcr rund 13 Euro die Packung. Da jeder M\u00e4her 3 solcher Messer verbaut hat, komme ich damit also rund 1,5 Monate aus. Die M\u00e4hsaison kostet mich von den Messern her somit rund 30 bis 40 Euro. Dazu kommt Strom in der H\u00f6he von vielleicht 40 Euro f\u00fcr beide Ger\u00e4te. Beide M\u00e4her erzeugen also j\u00e4hrliche Kosten von ca. 80 Euro bzw. 40 Euro je Roboter.<\/p>\n\n\n\n<p>Rasenroboter amortisieren sich vermutlich nie. Rechnet man jedoch die ersparte Arbeitszeit hinzu, so kommen sie doch viel g\u00fcnstiger als Rasenm\u00e4her, die man selbst durch den Garten schieben muss und sind daher alleine deshalb klar zu empfehlen, sofern man rund 500 bis 1.000 Euro f\u00fcr die Anschaffung in der Haushaltskasse hat.<\/p>\n\n\n\n<p>\u00d6fter h\u00f6rt man, dass Rasenroboter zur Vermoosung des Rasens beitragen. Das kann ich nicht best\u00e4tigen und ich halte dies f\u00fcr eine urbane Legende.<\/p>\n","protected":false},"excerpt":{"rendered":"<p>Zu einem ordentlichen Smarthome geh\u00f6rt nat\u00fcrlich auch ein Rasenroboter. Ich habe zwei Gardena Sileno Rasenroboter und wo diese ihre St\u00e4rken und Schw\u00e4chen haben, erkl\u00e4re ich in diesem Video. Zun\u00e4chst muss festgehalten werden, dass Rasenroboter gar nicht wirklich so smart sind. Sie halten auf einem eher geringen &#8222;Intelligenzniveau&#8220; den Rasen kurz und das m\u00f6glichst ohne Zutun&hellip;&nbsp;<a href=\"https:\/\/alpenlandmagazin.at\/hochnachhaltig\/smart-home-gardena-sileno-rasenroboter\/\" rel=\"bookmark\">Weiterlesen &raquo;<span class=\"screen-reader-text\">Smart-Home: Gardena Sileno Rasenroboter<\/span><\/a><\/p>\n","protected":false},"author":1,"featured_media":245,"comment_status":"open","ping_status":"open","sticky":false,"template":"","format":"standard","meta":{"neve_meta_sidebar":"","neve_meta_container":"","neve_meta_enable_content_width":"","neve_meta_content_width":0,"neve_meta_title_alignment":"","neve_meta_author_avatar":"","neve_post_elements_order":"","neve_meta_disable_header":"","neve_meta_disable_footer":"","neve_meta_disable_title":"","footnotes":""},"categories":[1],"tags":[],"class_list":["post-244","post","type-post","status-publish","format-standard","has-post-thumbnail","hentry","category-allgemein"],"yoast_head":"<!-- This site is optimized with the Yoast SEO plugin v26.6 - https:\/\/yoast.com\/wordpress\/plugins\/seo\/ -->\n<title>Smart-Home: Gardena Sileno Rasenroboter - hoch.nachhaltig - Berge. Umwelt. Selbstwirksamkeit.<\/title>\n<meta name=\"description\" content=\"Ich habe zwei Gardena Sileno Rasenroboter und wo diese ihre St\u00e4rken und Schw\u00e4chen haben, erkl\u00e4re ich in diesem Video.\" \/>\n<meta name=\"robots\" content=\"index, follow, max-snippet:-1, max-image-preview:large, max-video-preview:-1\" \/>\n<link rel=\"canonical\" href=\"https:\/\/alpenlandmagazin.at\/hochnachhaltig\/smart-home-gardena-sileno-rasenroboter\/\" \/>\n<meta property=\"og:locale\" content=\"de_DE\" \/>\n<meta property=\"og:type\" content=\"article\" \/>\n<meta property=\"og:title\" content=\"Smart-Home: Gardena Sileno Rasenroboter - hoch.nachhaltig - Berge. Umwelt. Selbstwirksamkeit.\" \/>\n<meta property=\"og:description\" content=\"Ich habe zwei Gardena Sileno Rasenroboter und wo diese ihre St\u00e4rken und Schw\u00e4chen haben, erkl\u00e4re ich in diesem Video.\" \/>\n<meta property=\"og:url\" content=\"https:\/\/alpenlandmagazin.at\/hochnachhaltig\/smart-home-gardena-sileno-rasenroboter\/\" \/>\n<meta property=\"og:site_name\" content=\"hoch.nachhaltig - Berge. Umwelt. Selbstwirksamkeit.\" \/>\n<meta property=\"article:published_time\" content=\"2024-06-08T16:27:48+00:00\" \/>\n<meta property=\"article:modified_time\" content=\"2025-06-01T15:25:16+00:00\" \/>\n<meta property=\"og:image\" content=\"https:\/\/alpenlandmagazin.at\/hochnachhaltig\/wp-content\/uploads\/2024\/07\/Titel-1.png\" \/>\n\t<meta property=\"og:image:width\" content=\"923\" \/>\n\t<meta property=\"og:image:height\" content=\"506\" \/>\n\t<meta property=\"og:image:type\" content=\"image\/png\" \/>\n<meta name=\"author\" content=\"ckrieh\" \/>\n<meta name=\"twitter:card\" content=\"summary_large_image\" \/>\n<meta name=\"twitter:label1\" content=\"Verfasst von\" \/>\n\t<meta name=\"twitter:data1\" content=\"ckrieh\" \/>\n\t<meta name=\"twitter:label2\" content=\"Gesch\u00e4tzte Lesezeit\" \/>\n\t<meta name=\"twitter:data2\" content=\"5 Minuten\" \/>\n<script type=\"application\/ld+json\" class=\"yoast-schema-graph\">{\"@context\":\"https:\/\/schema.org\",\"@graph\":[{\"@type\":\"Article\",\"@id\":\"https:\/\/alpenlandmagazin.at\/hochnachhaltig\/smart-home-gardena-sileno-rasenroboter\/#article\",\"isPartOf\":{\"@id\":\"https:\/\/alpenlandmagazin.at\/hochnachhaltig\/smart-home-gardena-sileno-rasenroboter\/\"},\"author\":{\"name\":\"ckrieh\",\"@id\":\"https:\/\/alpenlandmagazin.at\/hochnachhaltig\/#\/schema\/person\/7f5ce1e0f5b51b3dc237c27155c063b6\"},\"headline\":\"Smart-Home: Gardena Sileno Rasenroboter\",\"datePublished\":\"2024-06-08T16:27:48+00:00\",\"dateModified\":\"2025-06-01T15:25:16+00:00\",\"mainEntityOfPage\":{\"@id\":\"https:\/\/alpenlandmagazin.at\/hochnachhaltig\/smart-home-gardena-sileno-rasenroboter\/\"},\"wordCount\":795,\"commentCount\":0,\"publisher\":{\"@id\":\"https:\/\/alpenlandmagazin.at\/hochnachhaltig\/#\/schema\/person\/cde7b4195499a8410a9ab4304ba1a6fe\"},\"image\":{\"@id\":\"https:\/\/alpenlandmagazin.at\/hochnachhaltig\/smart-home-gardena-sileno-rasenroboter\/#primaryimage\"},\"thumbnailUrl\":\"https:\/\/alpenlandmagazin.at\/hochnachhaltig\/wp-content\/uploads\/2024\/07\/Titel-1.png\",\"inLanguage\":\"de-AT\",\"potentialAction\":[{\"@type\":\"CommentAction\",\"name\":\"Comment\",\"target\":[\"https:\/\/alpenlandmagazin.at\/hochnachhaltig\/smart-home-gardena-sileno-rasenroboter\/#respond\"]}]},{\"@type\":\"WebPage\",\"@id\":\"https:\/\/alpenlandmagazin.at\/hochnachhaltig\/smart-home-gardena-sileno-rasenroboter\/\",\"url\":\"https:\/\/alpenlandmagazin.at\/hochnachhaltig\/smart-home-gardena-sileno-rasenroboter\/\",\"name\":\"Smart-Home: Gardena Sileno Rasenroboter - hoch.nachhaltig - Berge. Umwelt. Selbstwirksamkeit.\",\"isPartOf\":{\"@id\":\"https:\/\/alpenlandmagazin.at\/hochnachhaltig\/#website\"},\"primaryImageOfPage\":{\"@id\":\"https:\/\/alpenlandmagazin.at\/hochnachhaltig\/smart-home-gardena-sileno-rasenroboter\/#primaryimage\"},\"image\":{\"@id\":\"https:\/\/alpenlandmagazin.at\/hochnachhaltig\/smart-home-gardena-sileno-rasenroboter\/#primaryimage\"},\"thumbnailUrl\":\"https:\/\/alpenlandmagazin.at\/hochnachhaltig\/wp-content\/uploads\/2024\/07\/Titel-1.png\",\"datePublished\":\"2024-06-08T16:27:48+00:00\",\"dateModified\":\"2025-06-01T15:25:16+00:00\",\"description\":\"Ich habe zwei Gardena Sileno Rasenroboter und wo diese ihre St\u00e4rken und Schw\u00e4chen haben, erkl\u00e4re ich in diesem Video.\",\"breadcrumb\":{\"@id\":\"https:\/\/alpenlandmagazin.at\/hochnachhaltig\/smart-home-gardena-sileno-rasenroboter\/#breadcrumb\"},\"inLanguage\":\"de-AT\",\"potentialAction\":[{\"@type\":\"ReadAction\",\"target\":[\"https:\/\/alpenlandmagazin.at\/hochnachhaltig\/smart-home-gardena-sileno-rasenroboter\/\"]}]},{\"@type\":\"ImageObject\",\"inLanguage\":\"de-AT\",\"@id\":\"https:\/\/alpenlandmagazin.at\/hochnachhaltig\/smart-home-gardena-sileno-rasenroboter\/#primaryimage\",\"url\":\"https:\/\/alpenlandmagazin.at\/hochnachhaltig\/wp-content\/uploads\/2024\/07\/Titel-1.png\",\"contentUrl\":\"https:\/\/alpenlandmagazin.at\/hochnachhaltig\/wp-content\/uploads\/2024\/07\/Titel-1.png\",\"width\":923,\"height\":506},{\"@type\":\"BreadcrumbList\",\"@id\":\"https:\/\/alpenlandmagazin.at\/hochnachhaltig\/smart-home-gardena-sileno-rasenroboter\/#breadcrumb\",\"itemListElement\":[{\"@type\":\"ListItem\",\"position\":1,\"name\":\"Startseite\",\"item\":\"https:\/\/alpenlandmagazin.at\/hochnachhaltig\/\"},{\"@type\":\"ListItem\",\"position\":2,\"name\":\"Smart-Home: Gardena Sileno Rasenroboter\"}]},{\"@type\":\"WebSite\",\"@id\":\"https:\/\/alpenlandmagazin.at\/hochnachhaltig\/#website\",\"url\":\"https:\/\/alpenlandmagazin.at\/hochnachhaltig\/\",\"name\":\"hoch.nachhaltig - Berge. Umwelt. Selbstwirksamkeit.\",\"description\":\"Wie man die Welt rettet und dabei Geld spart.\",\"publisher\":{\"@id\":\"https:\/\/alpenlandmagazin.at\/hochnachhaltig\/#\/schema\/person\/cde7b4195499a8410a9ab4304ba1a6fe\"},\"alternateName\":\"hoch.nachhaltig\",\"potentialAction\":[{\"@type\":\"SearchAction\",\"target\":{\"@type\":\"EntryPoint\",\"urlTemplate\":\"https:\/\/alpenlandmagazin.at\/hochnachhaltig\/?s={search_term_string}\"},\"query-input\":{\"@type\":\"PropertyValueSpecification\",\"valueRequired\":true,\"valueName\":\"search_term_string\"}}],\"inLanguage\":\"de-AT\"},{\"@type\":[\"Person\",\"Organization\"],\"@id\":\"https:\/\/alpenlandmagazin.at\/hochnachhaltig\/#\/schema\/person\/cde7b4195499a8410a9ab4304ba1a6fe\",\"name\":\"Christian Schreiter\",\"image\":{\"@type\":\"ImageObject\",\"inLanguage\":\"de-AT\",\"@id\":\"https:\/\/alpenlandmagazin.at\/hochnachhaltig\/#\/schema\/person\/image\/\",\"url\":\"https:\/\/alpenlandmagazin.at\/hochnachhaltig\/wp-content\/uploads\/2023\/12\/logo11_4_172949.png\",\"contentUrl\":\"https:\/\/alpenlandmagazin.at\/hochnachhaltig\/wp-content\/uploads\/2023\/12\/logo11_4_172949.png\",\"width\":2000,\"height\":2000,\"caption\":\"Christian Schreiter\"},\"logo\":{\"@id\":\"https:\/\/alpenlandmagazin.at\/hochnachhaltig\/#\/schema\/person\/image\/\"}},{\"@type\":\"Person\",\"@id\":\"https:\/\/alpenlandmagazin.at\/hochnachhaltig\/#\/schema\/person\/7f5ce1e0f5b51b3dc237c27155c063b6\",\"name\":\"ckrieh\",\"image\":{\"@type\":\"ImageObject\",\"inLanguage\":\"de-AT\",\"@id\":\"https:\/\/alpenlandmagazin.at\/hochnachhaltig\/#\/schema\/person\/image\/\",\"url\":\"https:\/\/secure.gravatar.com\/avatar\/1a61d60ff2b88bcf2b98ce01b7ba9fe7685606d7822c85153b9262eac30a2c74?s=96&d=mm&r=g\",\"contentUrl\":\"https:\/\/secure.gravatar.com\/avatar\/1a61d60ff2b88bcf2b98ce01b7ba9fe7685606d7822c85153b9262eac30a2c74?s=96&d=mm&r=g\",\"caption\":\"ckrieh\"},\"sameAs\":[\"https:\/\/alpenlandmagazin.at\/hochnachhaltig\"],\"url\":\"https:\/\/alpenlandmagazin.at\/hochnachhaltig\/author\/ckrieh\/\"}]}<\/script>\n<!-- \/ Yoast SEO plugin. -->","yoast_head_json":{"title":"Smart-Home: Gardena Sileno Rasenroboter - hoch.nachhaltig - Berge. Umwelt. Selbstwirksamkeit.","description":"Ich habe zwei Gardena Sileno Rasenroboter und wo diese ihre St\u00e4rken und Schw\u00e4chen haben, erkl\u00e4re ich in diesem Video.","robots":{"index":"index","follow":"follow","max-snippet":"max-snippet:-1","max-image-preview":"max-image-preview:large","max-video-preview":"max-video-preview:-1"},"canonical":"https:\/\/alpenlandmagazin.at\/hochnachhaltig\/smart-home-gardena-sileno-rasenroboter\/","og_locale":"de_DE","og_type":"article","og_title":"Smart-Home: Gardena Sileno Rasenroboter - hoch.nachhaltig - Berge. Umwelt. Selbstwirksamkeit.","og_description":"Ich habe zwei Gardena Sileno Rasenroboter und wo diese ihre St\u00e4rken und Schw\u00e4chen haben, erkl\u00e4re ich in diesem Video.","og_url":"https:\/\/alpenlandmagazin.at\/hochnachhaltig\/smart-home-gardena-sileno-rasenroboter\/","og_site_name":"hoch.nachhaltig - Berge. Umwelt. Selbstwirksamkeit.","article_published_time":"2024-06-08T16:27:48+00:00","article_modified_time":"2025-06-01T15:25:16+00:00","og_image":[{"width":923,"height":506,"url":"https:\/\/alpenlandmagazin.at\/hochnachhaltig\/wp-content\/uploads\/2024\/07\/Titel-1.png","type":"image\/png"}],"author":"ckrieh","twitter_card":"summary_large_image","twitter_misc":{"Verfasst von":"ckrieh","Gesch\u00e4tzte Lesezeit":"5 Minuten"},"schema":{"@context":"https:\/\/schema.org","@graph":[{"@type":"Article","@id":"https:\/\/alpenlandmagazin.at\/hochnachhaltig\/smart-home-gardena-sileno-rasenroboter\/#article","isPartOf":{"@id":"https:\/\/alpenlandmagazin.at\/hochnachhaltig\/smart-home-gardena-sileno-rasenroboter\/"},"author":{"name":"ckrieh","@id":"https:\/\/alpenlandmagazin.at\/hochnachhaltig\/#\/schema\/person\/7f5ce1e0f5b51b3dc237c27155c063b6"},"headline":"Smart-Home: Gardena Sileno Rasenroboter","datePublished":"2024-06-08T16:27:48+00:00","dateModified":"2025-06-01T15:25:16+00:00","mainEntityOfPage":{"@id":"https:\/\/alpenlandmagazin.at\/hochnachhaltig\/smart-home-gardena-sileno-rasenroboter\/"},"wordCount":795,"commentCount":0,"publisher":{"@id":"https:\/\/alpenlandmagazin.at\/hochnachhaltig\/#\/schema\/person\/cde7b4195499a8410a9ab4304ba1a6fe"},"image":{"@id":"https:\/\/alpenlandmagazin.at\/hochnachhaltig\/smart-home-gardena-sileno-rasenroboter\/#primaryimage"},"thumbnailUrl":"https:\/\/alpenlandmagazin.at\/hochnachhaltig\/wp-content\/uploads\/2024\/07\/Titel-1.png","inLanguage":"de-AT","potentialAction":[{"@type":"CommentAction","name":"Comment","target":["https:\/\/alpenlandmagazin.at\/hochnachhaltig\/smart-home-gardena-sileno-rasenroboter\/#respond"]}]},{"@type":"WebPage","@id":"https:\/\/alpenlandmagazin.at\/hochnachhaltig\/smart-home-gardena-sileno-rasenroboter\/","url":"https:\/\/alpenlandmagazin.at\/hochnachhaltig\/smart-home-gardena-sileno-rasenroboter\/","name":"Smart-Home: Gardena Sileno Rasenroboter - hoch.nachhaltig - Berge. Umwelt. Selbstwirksamkeit.","isPartOf":{"@id":"https:\/\/alpenlandmagazin.at\/hochnachhaltig\/#website"},"primaryImageOfPage":{"@id":"https:\/\/alpenlandmagazin.at\/hochnachhaltig\/smart-home-gardena-sileno-rasenroboter\/#primaryimage"},"image":{"@id":"https:\/\/alpenlandmagazin.at\/hochnachhaltig\/smart-home-gardena-sileno-rasenroboter\/#primaryimage"},"thumbnailUrl":"https:\/\/alpenlandmagazin.at\/hochnachhaltig\/wp-content\/uploads\/2024\/07\/Titel-1.png","datePublished":"2024-06-08T16:27:48+00:00","dateModified":"2025-06-01T15:25:16+00:00","description":"Ich habe zwei Gardena Sileno Rasenroboter und wo diese ihre St\u00e4rken und Schw\u00e4chen haben, erkl\u00e4re ich in diesem Video.","breadcrumb":{"@id":"https:\/\/alpenlandmagazin.at\/hochnachhaltig\/smart-home-gardena-sileno-rasenroboter\/#breadcrumb"},"inLanguage":"de-AT","potentialAction":[{"@type":"ReadAction","target":["https:\/\/alpenlandmagazin.at\/hochnachhaltig\/smart-home-gardena-sileno-rasenroboter\/"]}]},{"@type":"ImageObject","inLanguage":"de-AT","@id":"https:\/\/alpenlandmagazin.at\/hochnachhaltig\/smart-home-gardena-sileno-rasenroboter\/#primaryimage","url":"https:\/\/alpenlandmagazin.at\/hochnachhaltig\/wp-content\/uploads\/2024\/07\/Titel-1.png","contentUrl":"https:\/\/alpenlandmagazin.at\/hochnachhaltig\/wp-content\/uploads\/2024\/07\/Titel-1.png","width":923,"height":506},{"@type":"BreadcrumbList","@id":"https:\/\/alpenlandmagazin.at\/hochnachhaltig\/smart-home-gardena-sileno-rasenroboter\/#breadcrumb","itemListElement":[{"@type":"ListItem","position":1,"name":"Startseite","item":"https:\/\/alpenlandmagazin.at\/hochnachhaltig\/"},{"@type":"ListItem","position":2,"name":"Smart-Home: Gardena Sileno Rasenroboter"}]},{"@type":"WebSite","@id":"https:\/\/alpenlandmagazin.at\/hochnachhaltig\/#website","url":"https:\/\/alpenlandmagazin.at\/hochnachhaltig\/","name":"hoch.nachhaltig - Berge. Umwelt. Selbstwirksamkeit.","description":"Wie man die Welt rettet und dabei Geld spart.","publisher":{"@id":"https:\/\/alpenlandmagazin.at\/hochnachhaltig\/#\/schema\/person\/cde7b4195499a8410a9ab4304ba1a6fe"},"alternateName":"hoch.nachhaltig","potentialAction":[{"@type":"SearchAction","target":{"@type":"EntryPoint","urlTemplate":"https:\/\/alpenlandmagazin.at\/hochnachhaltig\/?s={search_term_string}"},"query-input":{"@type":"PropertyValueSpecification","valueRequired":true,"valueName":"search_term_string"}}],"inLanguage":"de-AT"},{"@type":["Person","Organization"],"@id":"https:\/\/alpenlandmagazin.at\/hochnachhaltig\/#\/schema\/person\/cde7b4195499a8410a9ab4304ba1a6fe","name":"Christian Schreiter","image":{"@type":"ImageObject","inLanguage":"de-AT","@id":"https:\/\/alpenlandmagazin.at\/hochnachhaltig\/#\/schema\/person\/image\/","url":"https:\/\/alpenlandmagazin.at\/hochnachhaltig\/wp-content\/uploads\/2023\/12\/logo11_4_172949.png","contentUrl":"https:\/\/alpenlandmagazin.at\/hochnachhaltig\/wp-content\/uploads\/2023\/12\/logo11_4_172949.png","width":2000,"height":2000,"caption":"Christian Schreiter"},"logo":{"@id":"https:\/\/alpenlandmagazin.at\/hochnachhaltig\/#\/schema\/person\/image\/"}},{"@type":"Person","@id":"https:\/\/alpenlandmagazin.at\/hochnachhaltig\/#\/schema\/person\/7f5ce1e0f5b51b3dc237c27155c063b6","name":"ckrieh","image":{"@type":"ImageObject","inLanguage":"de-AT","@id":"https:\/\/alpenlandmagazin.at\/hochnachhaltig\/#\/schema\/person\/image\/","url":"https:\/\/secure.gravatar.com\/avatar\/1a61d60ff2b88bcf2b98ce01b7ba9fe7685606d7822c85153b9262eac30a2c74?s=96&d=mm&r=g","contentUrl":"https:\/\/secure.gravatar.com\/avatar\/1a61d60ff2b88bcf2b98ce01b7ba9fe7685606d7822c85153b9262eac30a2c74?s=96&d=mm&r=g","caption":"ckrieh"},"sameAs":["https:\/\/alpenlandmagazin.at\/hochnachhaltig"],"url":"https:\/\/alpenlandmagazin.at\/hochnachhaltig\/author\/ckrieh\/"}]}},"_links":{"self":[{"href":"https:\/\/alpenlandmagazin.at\/hochnachhaltig\/wp-json\/wp\/v2\/posts\/244","targetHints":{"allow":["GET"]}}],"collection":[{"href":"https:\/\/alpenlandmagazin.at\/hochnachhaltig\/wp-json\/wp\/v2\/posts"}],"about":[{"href":"https:\/\/alpenlandmagazin.at\/hochnachhaltig\/wp-json\/wp\/v2\/types\/post"}],"author":[{"embeddable":true,"href":"https:\/\/alpenlandmagazin.at\/hochnachhaltig\/wp-json\/wp\/v2\/users\/1"}],"replies":[{"embeddable":true,"href":"https:\/\/alpenlandmagazin.at\/hochnachhaltig\/wp-json\/wp\/v2\/comments?post=244"}],"version-history":[{"count":3,"href":"https:\/\/alpenlandmagazin.at\/hochnachhaltig\/wp-json\/wp\/v2\/posts\/244\/revisions"}],"predecessor-version":[{"id":249,"href":"https:\/\/alpenlandmagazin.at\/hochnachhaltig\/wp-json\/wp\/v2\/posts\/244\/revisions\/249"}],"wp:featuredmedia":[{"embeddable":true,"href":"https:\/\/alpenlandmagazin.at\/hochnachhaltig\/wp-json\/wp\/v2\/media\/245"}],"wp:attachment":[{"href":"https:\/\/alpenlandmagazin.at\/hochnachhaltig\/wp-json\/wp\/v2\/media?parent=244"}],"wp:term":[{"taxonomy":"category","embeddable":true,"href":"https:\/\/alpenlandmagazin.at\/hochnachhaltig\/wp-json\/wp\/v2\/categories?post=244"},{"taxonomy":"post_tag","embeddable":true,"href":"https:\/\/alpenlandmagazin.at\/hochnachhaltig\/wp-json\/wp\/v2\/tags?post=244"}],"curies":[{"name":"wp","href":"https:\/\/api.w.org\/{rel}","templated":true}]}}