{"id":283,"date":"2024-11-23T15:00:22","date_gmt":"2024-11-23T14:00:22","guid":{"rendered":"https:\/\/alpenlandmagazin.at\/hochnachhaltig\/?p=283"},"modified":"2026-06-30T17:28:11","modified_gmt":"2026-06-30T15:28:11","slug":"dynamische-stromtarife-in-der-praxis-wer-davon-profitiert","status":"publish","type":"post","link":"https:\/\/alpenlandmagazin.at\/hochnachhaltig\/dynamische-stromtarife-in-der-praxis-wer-davon-profitiert\/","title":{"rendered":"Dynamische Stromtarife in der Praxis &amp; wer davon profitiert"},"content":{"rendered":"\n<p class=\"wp-block-paragraph\">Dynamische Stromtarife sind eine spannende M\u00f6glichkeit, beim Strombezug ordentlich Geld zu sparen \u2013 <em>aber<\/em> sie sind nicht f\u00fcr jeden Haushalt geeignet. In diesem Beitrag erf\u00e4hrst du, was dynamische Tarife eigentlich sind, f\u00fcr wen sie sich besonders lohnen und wann man besser die Finger davon lassen sollte. Au\u00dferdem gebe ich dir einen praktischen Einblick in meinen eigenen Stromverbrauch mit Photovoltaik, W\u00e4rmepumpe und intelligenter Steuerung.<\/p>\n\n\n<div class=\"epyt-video-wrapper\"><div  id=\"_ytid_64338\"  width=\"1200\" height=\"675\"  data-origwidth=\"1200\" data-origheight=\"675\" data-facadesrc=\"https:\/\/www.youtube.com\/embed\/De0YFRNKY2M?enablejsapi=1&#038;origin=https:\/\/alpenlandmagazin.at&#038;autoplay=0&#038;cc_load_policy=0&#038;cc_lang_pref=de&#038;iv_load_policy=1&#038;loop=0&#038;rel=0&#038;fs=1&#038;playsinline=1&#038;autohide=2&#038;theme=dark&#038;color=red&#038;controls=1&#038;disablekb=0&#038;\" class=\"__youtube_prefs__ epyt-facade no-lazyload\" data-epautoplay=\"1\" ><img decoding=\"async\" data-spai-excluded=\"true\" class=\"epyt-facade-poster skip-lazy\" loading=\"lazy\"  alt=\"YouTube player\"  src=\"https:\/\/i.ytimg.com\/vi\/De0YFRNKY2M\/maxresdefault.jpg\"  \/><button class=\"epyt-facade-play\" aria-label=\"Play\"><svg data-no-lazy=\"1\" height=\"100%\" version=\"1.1\" viewBox=\"0 0 68 48\" width=\"100%\"><path class=\"ytp-large-play-button-bg\" d=\"M66.52,7.74c-0.78-2.93-2.49-5.41-5.42-6.19C55.79,.13,34,0,34,0S12.21,.13,6.9,1.55 C3.97,2.33,2.27,4.81,1.48,7.74C0.06,13.05,0,24,0,24s0.06,10.95,1.48,16.26c0.78,2.93,2.49,5.41,5.42,6.19 C12.21,47.87,34,48,34,48s21.79-0.13,27.1-1.55c2.93-0.78,4.64-3.26,5.42-6.19C67.94,34.95,68,24,68,24S67.94,13.05,66.52,7.74z\" fill=\"#f00\"><\/path><path d=\"M 45,24 27,14 27,34\" fill=\"#fff\"><\/path><\/svg><\/button><\/div><\/div>\n\n\n<hr class=\"wp-block-separator has-alpha-channel-opacity\"\/>\n\n\n\n<h3 class=\"wp-block-heading\">Was sind dynamische Stromtarife?<\/h3>\n\n\n\n<p class=\"wp-block-paragraph\">Dynamische Stromtarife orientieren sich an den tats\u00e4chlichen Strompreisen an der B\u00f6rse \u2013 und diese schwanken st\u00fcndlich. Strom ist unterm Strich und vereinfacht gesagt dann am teuersten, wenn alle ihn brauchen: typischerweise morgens und abends. In der Mittagszeit hingegen, wenn Photovoltaikanlagen viel liefern und der Bedarf sinkt, ist Strom oft besonders g\u00fcnstig.<\/p>\n\n\n\n<h3 class=\"wp-block-heading\">Wer sollte <strong>keine<\/strong> dynamischen Tarife nutzen?<\/h3>\n\n\n\n<p class=\"wp-block-paragraph\">Nicht f\u00fcr jeden Haushalt haben dynamische Tarife Sinn. Besonders schwierig wird\u2019s, wenn du keine M\u00f6glichkeit hast, deinen Stromverbrauch flexibel zu gestalten. Das betrifft z.\u202fB.:<\/p>\n\n\n\n<ul class=\"wp-block-list\">\n<li>Haushalte ohne zeitversetzbare Ger\u00e4te (z.B. alte Waschmaschinen, Geschirrsp\u00fclern etc., die keine Startzeitvorwahl besitzen)<\/li>\n\n\n\n<li>Menschen, die ausschlie\u00dflich morgens oder abends Strom brauchen<\/li>\n\n\n\n<li>Haushalte ohne Smart-Home-L\u00f6sungen, die zeitgesteuerte Verbraucher automatisch ansprechen k\u00f6nnen<\/li>\n\n\n\n<li>Wenn das E-Auto nur abends geladen werden kann \u2013 dann leider meist zu H\u00f6chstpreisen<\/li>\n<\/ul>\n\n\n\n<p class=\"wp-block-paragraph\">In solchen F\u00e4llen k\u00f6nnen dynamische Tarife sogar teurer werden als herk\u00f6mmliche Fixpreis-Tarife.<\/p>\n\n\n\n<h3 class=\"wp-block-heading\">Wann lohnt sich ein dynamischer Tarif?<\/h3>\n\n\n\n<p class=\"wp-block-paragraph\">F\u00fcr alle, die ihren Stromverbrauch <em>aktiv steuern<\/em> k\u00f6nnen \u2013 entweder durch technische Systeme oder bewusste Verhaltens\u00e4nderung \u2013 sind dynamische Tarife eine hervorragende M\u00f6glichkeit, das Haushaltsbudget zu entlasten.<\/p>\n\n\n\n<p class=\"wp-block-paragraph\">Hier ein paar Beispiele:<\/p>\n\n\n\n<ul class=\"wp-block-list\">\n<li><strong>Geschirrsp\u00fcler oder Waschmaschine<\/strong> mit Startzeitvorwahl nutzen<\/li>\n\n\n\n<li><strong>E-Auto tags\u00fcber laden<\/strong>, wenn der Strom g\u00fcnstiger ist<\/li>\n\n\n\n<li><strong>Heizung oder Klimatisierung<\/strong> intelligent anpassen<\/li>\n\n\n\n<li><strong>Photovoltaikanlage<\/strong> mit Stromverbrauch kombinieren<\/li>\n<\/ul>\n\n\n\n<h3 class=\"wp-block-heading\">Dynamische Stromtarife in der Praxis: mein Alltag mit dynamischem Tarif<\/h3>\n\n\n\n<p class=\"wp-block-paragraph\">Ich nutze einen dynamischen Tarif vom Anbieter <a href=\"https:\/\/www.awattar.at\/\" target=\"_blank\" rel=\"noreferrer noopener\">aWattar<\/a> und kombiniere diesen mit meiner eigenen <strong>Photovoltaikanlage (5 kWp, S\u00fcd-S\u00fcdost- und Nord-Nordwestausrichtung)<\/strong>. Dazu habe ich eine <strong>Luft-Luft-W\u00e4rmepumpe<\/strong> (<a href=\"https:\/\/alpenlandmagazin.at\/hochnachhaltig\/heizen-mit-klimaanlage-top-oder-flop\/\">Klimaanlage, mit der ich auch heize<\/a>), intelligente Heizstrahler f\u00fcr Bad und Vorzimmer sowie ein E-Auto, das ich bei Bedarf flexibel laden kann.<\/p>\n\n\n\n<h4 class=\"wp-block-heading\">Ein typischer Wintertag<\/h4>\n\n\n\n<ul class=\"wp-block-list\">\n<li><strong>Stromproduktion<\/strong>: ca. 12,4 kWh an einem sonnigen Novembertag<\/li>\n\n\n\n<li><strong>Ziel<\/strong>: M\u00f6glichst viel Strom <em>selbst nutzen<\/em>, wenig ins Netz einspeisen<\/li>\n\n\n\n<li><strong>Verbrauchersteuerung<\/strong>:\n<ul class=\"wp-block-list\">\n<li>Heizstrahler laufen m\u00f6glichst nur, wenn Sonnenstrom da ist<\/li>\n\n\n\n<li>Klimaanlage reduziert Verbrauch durch leichte Heiztemperatursenkung bei niedriger Sonneneinstrahlung oder wenn niemand zuhause ist<\/li>\n\n\n\n<li>E-Auto hat Priorit\u00e4t \u2013 l\u00e4dt zuerst bei \u00dcberschussstrom<\/li>\n\n\n\n<li>Geschirrsp\u00fcler l\u00e4uft zu Mittag \u2013 oft ohne Netzbezug<\/li>\n<\/ul>\n<\/li>\n<\/ul>\n\n\n\n<p class=\"wp-block-paragraph\">Die Steuerung erfolgt gr\u00f6\u00dftenteils automatisch \u00fcber das mein &#8222;selbstgebasteltes&#8220; Smart-Home-System (FHEM), Go-e und CleverPV.<\/p>\n\n\n\n<h3 class=\"wp-block-heading\">Stromkosten im \u00dcberblick<\/h3>\n\n\n\n<p class=\"wp-block-paragraph\">Durch die gezielte Steuerung und Kombination von Eigenverbrauch und g\u00fcnstigen B\u00f6rsenstromzeiten habe ich im Schnitt folgende Stromkosten:<\/p>\n\n\n\n<ul class=\"wp-block-list\">\n<li><strong>9\u201310 Cent\/kWh<\/strong> reiner Strompreis<\/li>\n\n\n\n<li><strong>Inklusive aller Abgaben<\/strong> wie Netzgeb\u00fchren: ca. <strong>18 Cent\/kWh<\/strong><\/li>\n\n\n\n<li>Vergleich: Fixpreis-Tarife liegen derzeit bei <strong>23\u201324 Cent\/kWh<\/strong><\/li>\n<\/ul>\n\n\n\n<p class=\"wp-block-paragraph\"><strong>Fazit:<\/strong> Ich spare aktuell signifikant und nutze meinen Sonnenstrom bestm\u00f6glich aus \u2013 dank smarter Steuerung und dynamischem Tarif.<\/p>\n\n\n\n<hr class=\"wp-block-separator has-alpha-channel-opacity\"\/>\n\n\n\n<h3 class=\"wp-block-heading\">Fazit \u2013 Dynamische Tarife: Ja oder Nein?<\/h3>\n\n\n\n<figure class=\"wp-block-table\"><table class=\"has-fixed-layout\"><thead><tr><th>Vorteil<\/th><th>Nachteil<\/th><\/tr><\/thead><tbody><tr><td>G\u00fcnstiger Strom bei flexiblem Verbrauch<\/td><td>Preisrisiko bei fixen Verbrauchszeiten<\/td><\/tr><tr><td>Optimale Erg\u00e4nzung zur PV-Anlage<\/td><td>Technisches Verst\u00e4ndnis bzw. Smart-Home-Systeme n\u00f6tig<\/td><\/tr><tr><td>Mehr Eigenverantwortung &amp; Kontrolle<\/td><td>Nicht jeder Haushalt kann flexibel reagieren<\/td><\/tr><\/tbody><\/table><\/figure>\n\n\n\n<hr class=\"wp-block-separator has-alpha-channel-opacity\"\/>\n\n\n\n<p class=\"wp-block-paragraph\">Wenn du deinen Stromverbrauch bewusst steuern kannst oder in Zukunft intelligenter machen m\u00f6chtest, dann lohnt sich ein dynamischer Tarif f\u00fcr dich definitiv. Und keine Sorge: Es braucht nicht immer teure Smart-Home-Systeme \u2013 oft reicht schon eine <strong>Verhaltens\u00e4nderung<\/strong>.<\/p>\n\n\n\n<hr class=\"wp-block-separator has-alpha-channel-opacity\"\/>\n\n\n\n<h3 class=\"wp-block-heading\">Noch Fragen?<\/h3>\n\n\n\n<p class=\"wp-block-paragraph\">Hast du Fragen zu meiner Stromstrategie, m\u00f6chtest du mehr Details zu meiner Steuerung oder interessiert dich ein spezielles Thema rund um Strom, Photovoltaik oder nachhaltige Energie? Dann schreib&#8217;s mir gerne in die Kommentare!<\/p>\n","protected":false},"excerpt":{"rendered":"<p>Dynamische Stromtarife sind eine spannende M\u00f6glichkeit, beim Strombezug ordentlich Geld zu sparen \u2013 aber sie sind nicht f\u00fcr jeden Haushalt geeignet. In diesem Beitrag erf\u00e4hrst du, was dynamische Tarife eigentlich sind, f\u00fcr wen sie sich besonders lohnen und wann man besser die Finger davon lassen sollte. <\/p>\n","protected":false},"author":1,"featured_media":410,"comment_status":"open","ping_status":"open","sticky":false,"template":"","format":"standard","meta":{"neve_meta_sidebar":"","neve_meta_container":"","neve_meta_enable_content_width":"","neve_meta_content_width":0,"neve_meta_title_alignment":"","neve_meta_author_avatar":"","neve_post_elements_order":"","neve_meta_disable_header":"","neve_meta_disable_footer":"","neve_meta_disable_title":"","footnotes":""},"categories":[1],"tags":[],"class_list":["post-283","post","type-post","status-publish","format-standard","has-post-thumbnail","hentry","category-allgemein"],"yoast_head":"<!-- This site is optimized with the Yoast SEO plugin v28.2 - https:\/\/yoast.com\/product\/yoast-seo-wordpress\/ -->\n<title>Dynamische Stromtarife in der Praxis &amp; wer davon profitiert - hoch.nachhaltig - Berge. Umwelt. Selbstwirksamkeit.<\/title>\n<meta name=\"description\" content=\"Dynamische Stromtarife in der Praxis. Kann man damit sparen und sind sie f\u00fcr jeden Haushalt geeignet? Meine Empfehlungen.\" \/>\n<meta name=\"robots\" content=\"index, follow, max-snippet:-1, max-image-preview:large, max-video-preview:-1\" \/>\n<link rel=\"canonical\" href=\"https:\/\/alpenlandmagazin.at\/hochnachhaltig\/dynamische-stromtarife-in-der-praxis-wer-davon-profitiert\/\" \/>\n<meta property=\"og:locale\" content=\"de_DE\" \/>\n<meta property=\"og:type\" content=\"article\" \/>\n<meta property=\"og:title\" content=\"Dynamische Stromtarife in der Praxis &amp; wer davon profitiert - hoch.nachhaltig - Berge. Umwelt. Selbstwirksamkeit.\" \/>\n<meta property=\"og:description\" content=\"Dynamische Stromtarife in der Praxis. Kann man damit sparen und sind sie f\u00fcr jeden Haushalt geeignet? Meine Empfehlungen.\" \/>\n<meta property=\"og:url\" content=\"https:\/\/alpenlandmagazin.at\/hochnachhaltig\/dynamische-stromtarife-in-der-praxis-wer-davon-profitiert\/\" \/>\n<meta property=\"og:site_name\" content=\"hoch.nachhaltig - Berge. Umwelt. Selbstwirksamkeit.\" \/>\n<meta property=\"article:published_time\" content=\"2024-11-23T14:00:22+00:00\" \/>\n<meta property=\"article:modified_time\" content=\"2026-06-30T15:28:11+00:00\" \/>\n<meta property=\"og:image\" content=\"https:\/\/alpenlandmagazin.at\/hochnachhaltig\/wp-content\/uploads\/2024\/11\/IMXuPcE26seyU-e1782833278242.png\" \/>\n\t<meta property=\"og:image:width\" content=\"1206\" \/>\n\t<meta property=\"og:image:height\" content=\"768\" \/>\n\t<meta property=\"og:image:type\" content=\"image\/png\" \/>\n<meta name=\"author\" content=\"ckrieh\" \/>\n<meta name=\"twitter:card\" content=\"summary_large_image\" \/>\n<meta name=\"twitter:label1\" content=\"Verfasst von\" \/>\n\t<meta name=\"twitter:data1\" content=\"ckrieh\" \/>\n\t<meta name=\"twitter:label2\" content=\"Gesch\u00e4tzte Lesezeit\" \/>\n\t<meta name=\"twitter:data2\" content=\"4\u00a0Minuten\" \/>\n<script type=\"application\/ld+json\" class=\"yoast-schema-graph\">{\"@context\":\"https:\\\/\\\/schema.org\",\"@graph\":[{\"@type\":\"Article\",\"@id\":\"https:\\\/\\\/alpenlandmagazin.at\\\/hochnachhaltig\\\/dynamische-stromtarife-in-der-praxis-wer-davon-profitiert\\\/#article\",\"isPartOf\":{\"@id\":\"https:\\\/\\\/alpenlandmagazin.at\\\/hochnachhaltig\\\/dynamische-stromtarife-in-der-praxis-wer-davon-profitiert\\\/\"},\"author\":{\"name\":\"ckrieh\",\"@id\":\"https:\\\/\\\/alpenlandmagazin.at\\\/hochnachhaltig\\\/#\\\/schema\\\/person\\\/7f5ce1e0f5b51b3dc237c27155c063b6\"},\"headline\":\"Dynamische Stromtarife in der Praxis &amp; wer davon profitiert\",\"datePublished\":\"2024-11-23T14:00:22+00:00\",\"dateModified\":\"2026-06-30T15:28:11+00:00\",\"mainEntityOfPage\":{\"@id\":\"https:\\\/\\\/alpenlandmagazin.at\\\/hochnachhaltig\\\/dynamische-stromtarife-in-der-praxis-wer-davon-profitiert\\\/\"},\"wordCount\":624,\"commentCount\":0,\"publisher\":{\"@id\":\"https:\\\/\\\/alpenlandmagazin.at\\\/hochnachhaltig\\\/#\\\/schema\\\/person\\\/cde7b4195499a8410a9ab4304ba1a6fe\"},\"image\":{\"@id\":\"https:\\\/\\\/alpenlandmagazin.at\\\/hochnachhaltig\\\/dynamische-stromtarife-in-der-praxis-wer-davon-profitiert\\\/#primaryimage\"},\"thumbnailUrl\":\"https:\\\/\\\/alpenlandmagazin.at\\\/hochnachhaltig\\\/wp-content\\\/uploads\\\/2024\\\/11\\\/IMXuPcE26seyU-e1782833278242.png\",\"inLanguage\":\"de\",\"potentialAction\":[{\"@type\":\"CommentAction\",\"name\":\"Comment\",\"target\":[\"https:\\\/\\\/alpenlandmagazin.at\\\/hochnachhaltig\\\/dynamische-stromtarife-in-der-praxis-wer-davon-profitiert\\\/#respond\"]}]},{\"@type\":\"WebPage\",\"@id\":\"https:\\\/\\\/alpenlandmagazin.at\\\/hochnachhaltig\\\/dynamische-stromtarife-in-der-praxis-wer-davon-profitiert\\\/\",\"url\":\"https:\\\/\\\/alpenlandmagazin.at\\\/hochnachhaltig\\\/dynamische-stromtarife-in-der-praxis-wer-davon-profitiert\\\/\",\"name\":\"Dynamische Stromtarife in der Praxis &amp; wer davon profitiert - hoch.nachhaltig - Berge. Umwelt. Selbstwirksamkeit.\",\"isPartOf\":{\"@id\":\"https:\\\/\\\/alpenlandmagazin.at\\\/hochnachhaltig\\\/#website\"},\"primaryImageOfPage\":{\"@id\":\"https:\\\/\\\/alpenlandmagazin.at\\\/hochnachhaltig\\\/dynamische-stromtarife-in-der-praxis-wer-davon-profitiert\\\/#primaryimage\"},\"image\":{\"@id\":\"https:\\\/\\\/alpenlandmagazin.at\\\/hochnachhaltig\\\/dynamische-stromtarife-in-der-praxis-wer-davon-profitiert\\\/#primaryimage\"},\"thumbnailUrl\":\"https:\\\/\\\/alpenlandmagazin.at\\\/hochnachhaltig\\\/wp-content\\\/uploads\\\/2024\\\/11\\\/IMXuPcE26seyU-e1782833278242.png\",\"datePublished\":\"2024-11-23T14:00:22+00:00\",\"dateModified\":\"2026-06-30T15:28:11+00:00\",\"description\":\"Dynamische Stromtarife in der Praxis. Kann man damit sparen und sind sie f\u00fcr jeden Haushalt geeignet? Meine Empfehlungen.\",\"breadcrumb\":{\"@id\":\"https:\\\/\\\/alpenlandmagazin.at\\\/hochnachhaltig\\\/dynamische-stromtarife-in-der-praxis-wer-davon-profitiert\\\/#breadcrumb\"},\"inLanguage\":\"de\",\"potentialAction\":[{\"@type\":\"ReadAction\",\"target\":[\"https:\\\/\\\/alpenlandmagazin.at\\\/hochnachhaltig\\\/dynamische-stromtarife-in-der-praxis-wer-davon-profitiert\\\/\"]}]},{\"@type\":\"ImageObject\",\"inLanguage\":\"de\",\"@id\":\"https:\\\/\\\/alpenlandmagazin.at\\\/hochnachhaltig\\\/dynamische-stromtarife-in-der-praxis-wer-davon-profitiert\\\/#primaryimage\",\"url\":\"https:\\\/\\\/alpenlandmagazin.at\\\/hochnachhaltig\\\/wp-content\\\/uploads\\\/2024\\\/11\\\/IMXuPcE26seyU-e1782833278242.png\",\"contentUrl\":\"https:\\\/\\\/alpenlandmagazin.at\\\/hochnachhaltig\\\/wp-content\\\/uploads\\\/2024\\\/11\\\/IMXuPcE26seyU-e1782833278242.png\",\"width\":1206,\"height\":768},{\"@type\":\"BreadcrumbList\",\"@id\":\"https:\\\/\\\/alpenlandmagazin.at\\\/hochnachhaltig\\\/dynamische-stromtarife-in-der-praxis-wer-davon-profitiert\\\/#breadcrumb\",\"itemListElement\":[{\"@type\":\"ListItem\",\"position\":1,\"name\":\"Startseite\",\"item\":\"https:\\\/\\\/alpenlandmagazin.at\\\/hochnachhaltig\\\/\"},{\"@type\":\"ListItem\",\"position\":2,\"name\":\"Dynamische Stromtarife in der Praxis &amp; wer davon profitiert\"}]},{\"@type\":\"WebSite\",\"@id\":\"https:\\\/\\\/alpenlandmagazin.at\\\/hochnachhaltig\\\/#website\",\"url\":\"https:\\\/\\\/alpenlandmagazin.at\\\/hochnachhaltig\\\/\",\"name\":\"hoch.nachhaltig - Berge. Umwelt. Selbstwirksamkeit.\",\"description\":\"Wie man die Welt rettet und dabei Geld spart.\",\"publisher\":{\"@id\":\"https:\\\/\\\/alpenlandmagazin.at\\\/hochnachhaltig\\\/#\\\/schema\\\/person\\\/cde7b4195499a8410a9ab4304ba1a6fe\"},\"alternateName\":\"hoch.nachhaltig\",\"potentialAction\":[{\"@type\":\"SearchAction\",\"target\":{\"@type\":\"EntryPoint\",\"urlTemplate\":\"https:\\\/\\\/alpenlandmagazin.at\\\/hochnachhaltig\\\/?s={search_term_string}\"},\"query-input\":{\"@type\":\"PropertyValueSpecification\",\"valueRequired\":true,\"valueName\":\"search_term_string\"}}],\"inLanguage\":\"de\"},{\"@type\":[\"Person\",\"Organization\"],\"@id\":\"https:\\\/\\\/alpenlandmagazin.at\\\/hochnachhaltig\\\/#\\\/schema\\\/person\\\/cde7b4195499a8410a9ab4304ba1a6fe\",\"name\":\"Christian Schreiter\",\"image\":{\"@type\":\"ImageObject\",\"inLanguage\":\"de\",\"@id\":\"https:\\\/\\\/alpenlandmagazin.at\\\/hochnachhaltig\\\/wp-content\\\/uploads\\\/2023\\\/12\\\/logo11_4_172949.png\",\"url\":\"https:\\\/\\\/alpenlandmagazin.at\\\/hochnachhaltig\\\/wp-content\\\/uploads\\\/2023\\\/12\\\/logo11_4_172949.png\",\"contentUrl\":\"https:\\\/\\\/alpenlandmagazin.at\\\/hochnachhaltig\\\/wp-content\\\/uploads\\\/2023\\\/12\\\/logo11_4_172949.png\",\"width\":2000,\"height\":2000,\"caption\":\"Christian Schreiter\"},\"logo\":{\"@id\":\"https:\\\/\\\/alpenlandmagazin.at\\\/hochnachhaltig\\\/wp-content\\\/uploads\\\/2023\\\/12\\\/logo11_4_172949.png\"}},{\"@type\":\"Person\",\"@id\":\"https:\\\/\\\/alpenlandmagazin.at\\\/hochnachhaltig\\\/#\\\/schema\\\/person\\\/7f5ce1e0f5b51b3dc237c27155c063b6\",\"name\":\"ckrieh\",\"image\":{\"@type\":\"ImageObject\",\"inLanguage\":\"de\",\"@id\":\"https:\\\/\\\/secure.gravatar.com\\\/avatar\\\/1a61d60ff2b88bcf2b98ce01b7ba9fe7685606d7822c85153b9262eac30a2c74?s=96&d=mm&r=g\",\"url\":\"https:\\\/\\\/secure.gravatar.com\\\/avatar\\\/1a61d60ff2b88bcf2b98ce01b7ba9fe7685606d7822c85153b9262eac30a2c74?s=96&d=mm&r=g\",\"contentUrl\":\"https:\\\/\\\/secure.gravatar.com\\\/avatar\\\/1a61d60ff2b88bcf2b98ce01b7ba9fe7685606d7822c85153b9262eac30a2c74?s=96&d=mm&r=g\",\"caption\":\"ckrieh\"},\"sameAs\":[\"https:\\\/\\\/alpenlandmagazin.at\\\/hochnachhaltig\"],\"url\":\"https:\\\/\\\/alpenlandmagazin.at\\\/hochnachhaltig\\\/author\\\/ckrieh\\\/\"}]}<\/script>\n<!-- \/ Yoast SEO plugin. -->","yoast_head_json":{"title":"Dynamische Stromtarife in der Praxis &amp; wer davon profitiert - hoch.nachhaltig - Berge. Umwelt. Selbstwirksamkeit.","description":"Dynamische Stromtarife in der Praxis. Kann man damit sparen und sind sie f\u00fcr jeden Haushalt geeignet? Meine Empfehlungen.","robots":{"index":"index","follow":"follow","max-snippet":"max-snippet:-1","max-image-preview":"max-image-preview:large","max-video-preview":"max-video-preview:-1"},"canonical":"https:\/\/alpenlandmagazin.at\/hochnachhaltig\/dynamische-stromtarife-in-der-praxis-wer-davon-profitiert\/","og_locale":"de_DE","og_type":"article","og_title":"Dynamische Stromtarife in der Praxis &amp; wer davon profitiert - hoch.nachhaltig - Berge. Umwelt. Selbstwirksamkeit.","og_description":"Dynamische Stromtarife in der Praxis. Kann man damit sparen und sind sie f\u00fcr jeden Haushalt geeignet? Meine Empfehlungen.","og_url":"https:\/\/alpenlandmagazin.at\/hochnachhaltig\/dynamische-stromtarife-in-der-praxis-wer-davon-profitiert\/","og_site_name":"hoch.nachhaltig - Berge. Umwelt. Selbstwirksamkeit.","article_published_time":"2024-11-23T14:00:22+00:00","article_modified_time":"2026-06-30T15:28:11+00:00","og_image":[{"width":1206,"height":768,"url":"https:\/\/alpenlandmagazin.at\/hochnachhaltig\/wp-content\/uploads\/2024\/11\/IMXuPcE26seyU-e1782833278242.png","type":"image\/png"}],"author":"ckrieh","twitter_card":"summary_large_image","twitter_misc":{"Verfasst von":"ckrieh","Gesch\u00e4tzte Lesezeit":"4\u00a0Minuten"},"schema":{"@context":"https:\/\/schema.org","@graph":[{"@type":"Article","@id":"https:\/\/alpenlandmagazin.at\/hochnachhaltig\/dynamische-stromtarife-in-der-praxis-wer-davon-profitiert\/#article","isPartOf":{"@id":"https:\/\/alpenlandmagazin.at\/hochnachhaltig\/dynamische-stromtarife-in-der-praxis-wer-davon-profitiert\/"},"author":{"name":"ckrieh","@id":"https:\/\/alpenlandmagazin.at\/hochnachhaltig\/#\/schema\/person\/7f5ce1e0f5b51b3dc237c27155c063b6"},"headline":"Dynamische Stromtarife in der Praxis &amp; wer davon profitiert","datePublished":"2024-11-23T14:00:22+00:00","dateModified":"2026-06-30T15:28:11+00:00","mainEntityOfPage":{"@id":"https:\/\/alpenlandmagazin.at\/hochnachhaltig\/dynamische-stromtarife-in-der-praxis-wer-davon-profitiert\/"},"wordCount":624,"commentCount":0,"publisher":{"@id":"https:\/\/alpenlandmagazin.at\/hochnachhaltig\/#\/schema\/person\/cde7b4195499a8410a9ab4304ba1a6fe"},"image":{"@id":"https:\/\/alpenlandmagazin.at\/hochnachhaltig\/dynamische-stromtarife-in-der-praxis-wer-davon-profitiert\/#primaryimage"},"thumbnailUrl":"https:\/\/alpenlandmagazin.at\/hochnachhaltig\/wp-content\/uploads\/2024\/11\/IMXuPcE26seyU-e1782833278242.png","inLanguage":"de","potentialAction":[{"@type":"CommentAction","name":"Comment","target":["https:\/\/alpenlandmagazin.at\/hochnachhaltig\/dynamische-stromtarife-in-der-praxis-wer-davon-profitiert\/#respond"]}]},{"@type":"WebPage","@id":"https:\/\/alpenlandmagazin.at\/hochnachhaltig\/dynamische-stromtarife-in-der-praxis-wer-davon-profitiert\/","url":"https:\/\/alpenlandmagazin.at\/hochnachhaltig\/dynamische-stromtarife-in-der-praxis-wer-davon-profitiert\/","name":"Dynamische Stromtarife in der Praxis &amp; wer davon profitiert - hoch.nachhaltig - Berge. Umwelt. Selbstwirksamkeit.","isPartOf":{"@id":"https:\/\/alpenlandmagazin.at\/hochnachhaltig\/#website"},"primaryImageOfPage":{"@id":"https:\/\/alpenlandmagazin.at\/hochnachhaltig\/dynamische-stromtarife-in-der-praxis-wer-davon-profitiert\/#primaryimage"},"image":{"@id":"https:\/\/alpenlandmagazin.at\/hochnachhaltig\/dynamische-stromtarife-in-der-praxis-wer-davon-profitiert\/#primaryimage"},"thumbnailUrl":"https:\/\/alpenlandmagazin.at\/hochnachhaltig\/wp-content\/uploads\/2024\/11\/IMXuPcE26seyU-e1782833278242.png","datePublished":"2024-11-23T14:00:22+00:00","dateModified":"2026-06-30T15:28:11+00:00","description":"Dynamische Stromtarife in der Praxis. Kann man damit sparen und sind sie f\u00fcr jeden Haushalt geeignet? Meine Empfehlungen.","breadcrumb":{"@id":"https:\/\/alpenlandmagazin.at\/hochnachhaltig\/dynamische-stromtarife-in-der-praxis-wer-davon-profitiert\/#breadcrumb"},"inLanguage":"de","potentialAction":[{"@type":"ReadAction","target":["https:\/\/alpenlandmagazin.at\/hochnachhaltig\/dynamische-stromtarife-in-der-praxis-wer-davon-profitiert\/"]}]},{"@type":"ImageObject","inLanguage":"de","@id":"https:\/\/alpenlandmagazin.at\/hochnachhaltig\/dynamische-stromtarife-in-der-praxis-wer-davon-profitiert\/#primaryimage","url":"https:\/\/alpenlandmagazin.at\/hochnachhaltig\/wp-content\/uploads\/2024\/11\/IMXuPcE26seyU-e1782833278242.png","contentUrl":"https:\/\/alpenlandmagazin.at\/hochnachhaltig\/wp-content\/uploads\/2024\/11\/IMXuPcE26seyU-e1782833278242.png","width":1206,"height":768},{"@type":"BreadcrumbList","@id":"https:\/\/alpenlandmagazin.at\/hochnachhaltig\/dynamische-stromtarife-in-der-praxis-wer-davon-profitiert\/#breadcrumb","itemListElement":[{"@type":"ListItem","position":1,"name":"Startseite","item":"https:\/\/alpenlandmagazin.at\/hochnachhaltig\/"},{"@type":"ListItem","position":2,"name":"Dynamische Stromtarife in der Praxis &amp; wer davon profitiert"}]},{"@type":"WebSite","@id":"https:\/\/alpenlandmagazin.at\/hochnachhaltig\/#website","url":"https:\/\/alpenlandmagazin.at\/hochnachhaltig\/","name":"hoch.nachhaltig - Berge. Umwelt. Selbstwirksamkeit.","description":"Wie man die Welt rettet und dabei Geld spart.","publisher":{"@id":"https:\/\/alpenlandmagazin.at\/hochnachhaltig\/#\/schema\/person\/cde7b4195499a8410a9ab4304ba1a6fe"},"alternateName":"hoch.nachhaltig","potentialAction":[{"@type":"SearchAction","target":{"@type":"EntryPoint","urlTemplate":"https:\/\/alpenlandmagazin.at\/hochnachhaltig\/?s={search_term_string}"},"query-input":{"@type":"PropertyValueSpecification","valueRequired":true,"valueName":"search_term_string"}}],"inLanguage":"de"},{"@type":["Person","Organization"],"@id":"https:\/\/alpenlandmagazin.at\/hochnachhaltig\/#\/schema\/person\/cde7b4195499a8410a9ab4304ba1a6fe","name":"Christian Schreiter","image":{"@type":"ImageObject","inLanguage":"de","@id":"https:\/\/alpenlandmagazin.at\/hochnachhaltig\/wp-content\/uploads\/2023\/12\/logo11_4_172949.png","url":"https:\/\/alpenlandmagazin.at\/hochnachhaltig\/wp-content\/uploads\/2023\/12\/logo11_4_172949.png","contentUrl":"https:\/\/alpenlandmagazin.at\/hochnachhaltig\/wp-content\/uploads\/2023\/12\/logo11_4_172949.png","width":2000,"height":2000,"caption":"Christian Schreiter"},"logo":{"@id":"https:\/\/alpenlandmagazin.at\/hochnachhaltig\/wp-content\/uploads\/2023\/12\/logo11_4_172949.png"}},{"@type":"Person","@id":"https:\/\/alpenlandmagazin.at\/hochnachhaltig\/#\/schema\/person\/7f5ce1e0f5b51b3dc237c27155c063b6","name":"ckrieh","image":{"@type":"ImageObject","inLanguage":"de","@id":"https:\/\/secure.gravatar.com\/avatar\/1a61d60ff2b88bcf2b98ce01b7ba9fe7685606d7822c85153b9262eac30a2c74?s=96&d=mm&r=g","url":"https:\/\/secure.gravatar.com\/avatar\/1a61d60ff2b88bcf2b98ce01b7ba9fe7685606d7822c85153b9262eac30a2c74?s=96&d=mm&r=g","contentUrl":"https:\/\/secure.gravatar.com\/avatar\/1a61d60ff2b88bcf2b98ce01b7ba9fe7685606d7822c85153b9262eac30a2c74?s=96&d=mm&r=g","caption":"ckrieh"},"sameAs":["https:\/\/alpenlandmagazin.at\/hochnachhaltig"],"url":"https:\/\/alpenlandmagazin.at\/hochnachhaltig\/author\/ckrieh\/"}]}},"_links":{"self":[{"href":"https:\/\/alpenlandmagazin.at\/hochnachhaltig\/wp-json\/wp\/v2\/posts\/283","targetHints":{"allow":["GET"]}}],"collection":[{"href":"https:\/\/alpenlandmagazin.at\/hochnachhaltig\/wp-json\/wp\/v2\/posts"}],"about":[{"href":"https:\/\/alpenlandmagazin.at\/hochnachhaltig\/wp-json\/wp\/v2\/types\/post"}],"author":[{"embeddable":true,"href":"https:\/\/alpenlandmagazin.at\/hochnachhaltig\/wp-json\/wp\/v2\/users\/1"}],"replies":[{"embeddable":true,"href":"https:\/\/alpenlandmagazin.at\/hochnachhaltig\/wp-json\/wp\/v2\/comments?post=283"}],"version-history":[{"count":4,"href":"https:\/\/alpenlandmagazin.at\/hochnachhaltig\/wp-json\/wp\/v2\/posts\/283\/revisions"}],"predecessor-version":[{"id":288,"href":"https:\/\/alpenlandmagazin.at\/hochnachhaltig\/wp-json\/wp\/v2\/posts\/283\/revisions\/288"}],"wp:featuredmedia":[{"embeddable":true,"href":"https:\/\/alpenlandmagazin.at\/hochnachhaltig\/wp-json\/wp\/v2\/media\/410"}],"wp:attachment":[{"href":"https:\/\/alpenlandmagazin.at\/hochnachhaltig\/wp-json\/wp\/v2\/media?parent=283"}],"wp:term":[{"taxonomy":"category","embeddable":true,"href":"https:\/\/alpenlandmagazin.at\/hochnachhaltig\/wp-json\/wp\/v2\/categories?post=283"},{"taxonomy":"post_tag","embeddable":true,"href":"https:\/\/alpenlandmagazin.at\/hochnachhaltig\/wp-json\/wp\/v2\/tags?post=283"}],"curies":[{"name":"wp","href":"https:\/\/api.w.org\/{rel}","templated":true}]}}