{"id":289,"date":"2024-09-03T15:13:09","date_gmt":"2024-09-03T13:13:09","guid":{"rendered":"https:\/\/alpenlandmagazin.at\/hochnachhaltig\/?p=289"},"modified":"2026-07-16T16:35:31","modified_gmt":"2026-07-16T14:35:31","slug":"10-000-km-mit-dem-fiat-600e-das-fazit","status":"publish","type":"post","link":"https:\/\/alpenlandmagazin.at\/hochnachhaltig\/10-000-km-mit-dem-fiat-600e-das-fazit\/","title":{"rendered":"10.000 km mit dem Fiat 600e &#8211; das Fazit"},"content":{"rendered":"\n<p class=\"wp-block-paragraph\">Seit Ende April fahre ich den <strong><a href=\"https:\/\/www.fiat.at\/modelle\/600\" target=\"_blank\" rel=\"noreferrer noopener\">Fiat 600e<\/a><\/strong>, ein vollelektrisches Kompakt-SUV, das mir nun in den letzten vier Monaten ein treuer Begleiter war \u2013 im Alltag genauso wie auf Langstrecken, etwa in den Urlaub nach Italien. Mit \u00fcber <strong>10.000 Kilometern<\/strong> auf dem Tacho hei\u00dft es nun &#8222;10.000 km mit dem Fiat 600e &#8211; das Fazit&#8220;: Was kann das Auto? Wo liegen die Schw\u00e4chen? Und wie nachhaltig f\u00e4hrt es sich wirklich? Alles das erf\u00e4hrst du in diesem Beitrag.<\/p>\n\n\n<div class=\"epyt-video-wrapper\"><div  id=\"_ytid_40733\"  width=\"1200\" height=\"675\"  data-origwidth=\"1200\" data-origheight=\"675\" data-facadesrc=\"https:\/\/www.youtube.com\/embed\/yBh-HzuLKqE?enablejsapi=1&#038;origin=https:\/\/alpenlandmagazin.at&#038;autoplay=0&#038;cc_load_policy=0&#038;cc_lang_pref=de&#038;iv_load_policy=1&#038;loop=0&#038;rel=0&#038;fs=1&#038;playsinline=1&#038;autohide=2&#038;theme=dark&#038;color=red&#038;controls=1&#038;disablekb=0&#038;\" class=\"__youtube_prefs__ epyt-facade no-lazyload\" data-epautoplay=\"1\" ><img decoding=\"async\" data-spai-excluded=\"true\" class=\"epyt-facade-poster skip-lazy\" loading=\"lazy\"  alt=\"YouTube player\"  src=\"https:\/\/i.ytimg.com\/vi\/yBh-HzuLKqE\/maxresdefault.jpg\"  \/><button class=\"epyt-facade-play\" aria-label=\"Play\"><svg data-no-lazy=\"1\" height=\"100%\" version=\"1.1\" viewBox=\"0 0 68 48\" width=\"100%\"><path class=\"ytp-large-play-button-bg\" d=\"M66.52,7.74c-0.78-2.93-2.49-5.41-5.42-6.19C55.79,.13,34,0,34,0S12.21,.13,6.9,1.55 C3.97,2.33,2.27,4.81,1.48,7.74C0.06,13.05,0,24,0,24s0.06,10.95,1.48,16.26c0.78,2.93,2.49,5.41,5.42,6.19 C12.21,47.87,34,48,34,48s21.79-0.13,27.1-1.55c2.93-0.78,4.64-3.26,5.42-6.19C67.94,34.95,68,24,68,24S67.94,13.05,66.52,7.74z\" fill=\"#f00\"><\/path><path d=\"M 45,24 27,14 27,34\" fill=\"#fff\"><\/path><\/svg><\/button><\/div><\/div>\n\n\n<hr class=\"wp-block-separator has-alpha-channel-opacity\"\/>\n\n\n\n<h3 class=\"wp-block-heading\">Ein kurzer \u00dcberblick<\/h3>\n\n\n\n<ul class=\"wp-block-list\">\n<li><strong>Zeitraum:<\/strong> Mai bis August<\/li>\n\n\n\n<li><strong>Kilometerleistung:<\/strong> 10.061 km<\/li>\n\n\n\n<li><strong>Fahrprofil:<\/strong> Mischung aus Alltagsfahrten (Landstra\u00dfe, Ortschaften) und Langstrecken (z.\u202fB. Italienurlaub)<\/li>\n\n\n\n<li><strong>Jahreskilometerbedarf:<\/strong> ca. 20.000 km<\/li>\n<\/ul>\n\n\n\n<p class=\"wp-block-paragraph\"><a href=\"https:\/\/alpenlandmagazin.at\/hochnachhaltig\/mein-fiat-600e-ich-erster-eindruck-inkl-reichweite\/\">Das Auto ist im <strong>April 2024<\/strong> zu mir gekommen<\/a>, und ich habe es vom ersten Moment an ins Herz geschlossen.<\/p>\n\n\n\n<h3 class=\"wp-block-heading\">Was gef\u00e4llt \u2013 und was nicht?<\/h3>\n\n\n\n<h4 class=\"wp-block-heading\">\u2705 Das gef\u00e4llt mir besonders<\/h4>\n\n\n\n<ul class=\"wp-block-list\">\n<li><strong>Fahrkomfort:<\/strong> Der Fiat 600e f\u00e4hrt ruhig, angenehm und zuverl\u00e4ssig \u2013 ohne unn\u00f6tige Aufregung. Alles f\u00fchlt sich durchdacht und intuitiv an.<\/li>\n\n\n\n<li><strong>Autonomes Fahren (Level 2):<\/strong> Tempomat, Spurhalteassistent und Verkehrszeichenerkennung arbeiten unaufdringlich, pr\u00e4zise und zuverl\u00e4ssig \u2013 selten war ich so entspannt unterwegs.<\/li>\n\n\n\n<li><strong>Verbrauch:<\/strong> Mit einem Durchschnittsverbrauch von <strong>15,6 kWh\/100 km<\/strong> komme ich auf <strong>realistische 280\u2013320 km Reichweite<\/strong> \u2013 ausreichend f\u00fcr Alltag und gelegentliche Langstrecken.<\/li>\n\n\n\n<li><strong>Ladeleistung:<\/strong> An Schnellladern l\u00e4dt der Fiat lt. Werksangaben mit bis zu <strong>100 kW<\/strong> \u2013 ich habe bereits <strong>111 kW Ladeleistung<\/strong> gemessen. Die Ladekurve bleibt bis ca. 60 % sehr stabil, danach nimmt sie wie \u00fcblich ab.<\/li>\n\n\n\n<li><strong>Massagefunktion im Fahrersitz:<\/strong> Anf\u00e4nglich bel\u00e4chelt, heute unverzichtbar auf l\u00e4ngeren Fahrten \u2013 eine echte Wohltat.<\/li>\n<\/ul>\n\n\n\n<h4 class=\"wp-block-heading\">\u274c Die kleinen Schw\u00e4chen<\/h4>\n\n\n\n<ul class=\"wp-block-list\">\n<li><strong>Abblendlicht:<\/strong> Der Lichtkegel ist eher kurz. Ich habe daher die Lichteinstellung dauerhaft um eine Stufe h\u00f6her gestellt.<\/li>\n\n\n\n<li><strong>App-Funktion:<\/strong> Leider sehr minimalistisch \u2013 einzig sinnvoll ist die Anzeige des Ladestands.<\/li>\n\n\n\n<li><strong>Navigation &amp; Ladeplanung:<\/strong> Funktioniert, aber nicht auf Tesla-Niveau. Die automatische Ladeplanung fehlt, man muss selbst nach Ladestationen suchen &#8211; was allerdings gut und intuitiv m\u00f6glich ist.<\/li>\n\n\n\n<li><strong>Farbe &#8222;Sea of Italy&#8220;:<\/strong> Optisch wundersch\u00f6n, aber sehr schmutzanf\u00e4llig \u2013 Staub sieht man sofort.<\/li>\n<\/ul>\n\n\n\n<h3 class=\"wp-block-heading\">Alltagsnutzen &amp; Raumangebot<\/h3>\n\n\n\n<p class=\"wp-block-paragraph\">Der <strong>Kofferraum mit 360 Litern<\/strong> ist f\u00fcr zwei Personen absolut ausreichend. Bei Bedarf (z.\u202fB. Urlaub) lassen sich die R\u00fccksitze flexibel im Verh\u00e4ltnis 2\/3 zu 1\/3 umklappen \u2013 das hat sich bei uns bew\u00e4hrt.<\/p>\n\n\n\n<p class=\"wp-block-paragraph\">Die <strong>Klimaanlage<\/strong> auf Stufe 2 sorgt auch im Sommer f\u00fcr angenehme Temperaturen. Stufe 1 war mir pers\u00f6nlich zu wenig energisch.<\/p>\n\n\n\n<h3 class=\"wp-block-heading\">Reichweite &amp; Verbrauch<\/h3>\n\n\n\n<ul class=\"wp-block-list\">\n<li><strong>Akkugr\u00f6\u00dfe (netto):<\/strong> 51 kWh<\/li>\n\n\n\n<li><strong>Verbrauch:<\/strong> \u00d8 15,6 kWh\/100 km<\/li>\n\n\n\n<li><strong>Realistische Reichweite:<\/strong>\n<ul class=\"wp-block-list\">\n<li><strong>Alltag:<\/strong> ca. <strong>280 km<\/strong><\/li>\n\n\n\n<li><strong>Vollladung bei Abfahrt:<\/strong> ca. <strong>320 km<\/strong><\/li>\n<\/ul>\n<\/li>\n<\/ul>\n\n\n\n<p class=\"wp-block-paragraph\">Ich lade im Alltag meist nur zwischen <strong>10 % und 80 %<\/strong>, was f\u00fcr mich optimal funktioniert.<\/p>\n\n\n\n<h3 class=\"wp-block-heading\">Und wie nachhaltig ist das?<\/h3>\n\n\n\n<p class=\"wp-block-paragraph\">Elektromobilit\u00e4t ist nur so nachhaltig wie ihre Nutzung. Durch bewusstes Fahren, gezieltes Laden (auch mit PV-\u00dcberschuss, wenn m\u00f6glich) und die Wahl eines kompakten E-Fahrzeugs l\u00e4sst sich der <strong>\u00f6kologische Fu\u00dfabdruck<\/strong> im Verkehr erheblich senken \u2013 ohne dabei auf Komfort oder Alltagstauglichkeit zu verzichten.<\/p>\n\n\n\n<h3 class=\"wp-block-heading\">10.000 km mit dem Fiat 600e &#8211; das Fazit<\/h3>\n\n\n\n<p class=\"wp-block-paragraph\">Der <strong>Fiat 600e<\/strong> ist ein durchdachtes, alltagstaugliches und zuverl\u00e4ssiges Elektroauto \u2013 ideal f\u00fcr alle, die nicht jeden Tag quer durch Europa fahren m\u00fcssen, sondern einen nachhaltigen Begleiter f\u00fcr den Alltag suchen.<br>Ich bereue den Umstieg kein bisschen und w\u00fcrde das Auto sofort wieder w\u00e4hlen.<\/p>\n\n\n\n<h3 class=\"wp-block-heading\">N\u00e4chstes Update<\/h3>\n\n\n\n<p class=\"wp-block-paragraph\">Die erste <strong>Inspektion<\/strong> steht bald an \u2013 bei rund 2.500 km mehr auf dem Tacho. Ich werde berichten, wie es weitergeht \u2013 mit Blick auf Wartungskosten, Updates und neue Erfahrungen.<\/p>\n\n\n\n<hr class=\"wp-block-separator has-alpha-channel-opacity\"\/>\n\n\n\n<p class=\"wp-block-paragraph\">Hast du Fragen zum Fiat 600e, zur E-Mobilit\u00e4t allgemein oder zu meinen Erfahrungen auf Reisen und im Alltag? Schreib mir gerne in die Kommentare \u2013 ich freu mich auf den Austausch!<\/p>\n","protected":false},"excerpt":{"rendered":"<p>Seit Ende April fahre ich den Fiat 600e, ein vollelektrisches Kompakt-SUV, das mir nun in den letzten vier Monaten ein treuer Begleiter war \u2013 im Alltag genauso wie auf Langstrecken, etwa in den Urlaub nach Italien. Mit \u00fcber 10.000 Kilometern auf dem Tacho ist es h\u00f6chste Zeit f\u00fcr ein erstes Fazit: Was kann das Auto? Wo liegen die Schw\u00e4chen? Und wie nachhaltig f\u00e4hrt es sich wirklich? Alles das erf\u00e4hrst du in diesem Beitrag.<\/p>\n","protected":false},"author":1,"featured_media":427,"comment_status":"open","ping_status":"open","sticky":false,"template":"","format":"standard","meta":{"neve_meta_sidebar":"","neve_meta_container":"","neve_meta_enable_content_width":"","neve_meta_content_width":0,"neve_meta_title_alignment":"","neve_meta_author_avatar":"","neve_post_elements_order":"","neve_meta_disable_header":"","neve_meta_disable_footer":"","neve_meta_disable_title":"","footnotes":""},"categories":[1],"tags":[],"class_list":["post-289","post","type-post","status-publish","format-standard","has-post-thumbnail","hentry","category-allgemein"],"yoast_head":"<!-- This site is optimized with the Yoast SEO plugin v28.2 - https:\/\/yoast.com\/product\/yoast-seo-wordpress\/ -->\n<title>10.000 km mit dem Fiat 600e - das Fazit - hoch.nachhaltig - Berge. Umwelt. Selbstwirksamkeit.<\/title>\n<meta name=\"description\" content=\"Seit Ende April fahre ich den Fiat 600e. 10.000 km mit dem Fiat 600e - das Fazit: Was kann das Auto? Was sind St\u00e4rken und Schw\u00e4chen?\" \/>\n<meta name=\"robots\" content=\"index, follow, max-snippet:-1, max-image-preview:large, max-video-preview:-1\" \/>\n<link rel=\"canonical\" href=\"https:\/\/alpenlandmagazin.at\/hochnachhaltig\/10-000-km-mit-dem-fiat-600e-das-fazit\/\" \/>\n<meta property=\"og:locale\" content=\"de_DE\" \/>\n<meta property=\"og:type\" content=\"article\" \/>\n<meta property=\"og:title\" content=\"10.000 km mit dem Fiat 600e - das Fazit - hoch.nachhaltig - Berge. Umwelt. Selbstwirksamkeit.\" \/>\n<meta property=\"og:description\" content=\"Seit Ende April fahre ich den Fiat 600e. 10.000 km mit dem Fiat 600e - das Fazit: Was kann das Auto? Was sind St\u00e4rken und Schw\u00e4chen?\" \/>\n<meta property=\"og:url\" content=\"https:\/\/alpenlandmagazin.at\/hochnachhaltig\/10-000-km-mit-dem-fiat-600e-das-fazit\/\" \/>\n<meta property=\"og:site_name\" content=\"hoch.nachhaltig - Berge. Umwelt. Selbstwirksamkeit.\" \/>\n<meta property=\"article:published_time\" content=\"2024-09-03T13:13:09+00:00\" \/>\n<meta property=\"article:modified_time\" content=\"2026-07-16T14:35:31+00:00\" \/>\n<meta property=\"og:image\" content=\"https:\/\/alpenlandmagazin.at\/hochnachhaltig\/wp-content\/uploads\/2024\/09\/IMFCghE4Lrkmc-e1784212518778-1024x652.png\" \/>\n\t<meta property=\"og:image:width\" content=\"1024\" \/>\n\t<meta property=\"og:image:height\" content=\"652\" \/>\n\t<meta property=\"og:image:type\" content=\"image\/png\" \/>\n<meta name=\"author\" content=\"ckrieh\" \/>\n<meta name=\"twitter:card\" content=\"summary_large_image\" \/>\n<meta name=\"twitter:label1\" content=\"Verfasst von\" \/>\n\t<meta name=\"twitter:data1\" content=\"ckrieh\" \/>\n\t<meta name=\"twitter:label2\" content=\"Gesch\u00e4tzte Lesezeit\" \/>\n\t<meta name=\"twitter:data2\" content=\"4\u00a0Minuten\" \/>\n<script type=\"application\/ld+json\" class=\"yoast-schema-graph\">{\"@context\":\"https:\\\/\\\/schema.org\",\"@graph\":[{\"@type\":\"Article\",\"@id\":\"https:\\\/\\\/alpenlandmagazin.at\\\/hochnachhaltig\\\/10-000-km-mit-dem-fiat-600e-das-fazit\\\/#article\",\"isPartOf\":{\"@id\":\"https:\\\/\\\/alpenlandmagazin.at\\\/hochnachhaltig\\\/10-000-km-mit-dem-fiat-600e-das-fazit\\\/\"},\"author\":{\"name\":\"ckrieh\",\"@id\":\"https:\\\/\\\/alpenlandmagazin.at\\\/hochnachhaltig\\\/#\\\/schema\\\/person\\\/7f5ce1e0f5b51b3dc237c27155c063b6\"},\"headline\":\"10.000 km mit dem Fiat 600e &#8211; das Fazit\",\"datePublished\":\"2024-09-03T13:13:09+00:00\",\"dateModified\":\"2026-07-16T14:35:31+00:00\",\"mainEntityOfPage\":{\"@id\":\"https:\\\/\\\/alpenlandmagazin.at\\\/hochnachhaltig\\\/10-000-km-mit-dem-fiat-600e-das-fazit\\\/\"},\"wordCount\":595,\"commentCount\":0,\"publisher\":{\"@id\":\"https:\\\/\\\/alpenlandmagazin.at\\\/hochnachhaltig\\\/#\\\/schema\\\/person\\\/cde7b4195499a8410a9ab4304ba1a6fe\"},\"image\":{\"@id\":\"https:\\\/\\\/alpenlandmagazin.at\\\/hochnachhaltig\\\/10-000-km-mit-dem-fiat-600e-das-fazit\\\/#primaryimage\"},\"thumbnailUrl\":\"https:\\\/\\\/alpenlandmagazin.at\\\/hochnachhaltig\\\/wp-content\\\/uploads\\\/2024\\\/09\\\/IMFCghE4Lrkmc-e1784212518778.png\",\"inLanguage\":\"de\",\"potentialAction\":[{\"@type\":\"CommentAction\",\"name\":\"Comment\",\"target\":[\"https:\\\/\\\/alpenlandmagazin.at\\\/hochnachhaltig\\\/10-000-km-mit-dem-fiat-600e-das-fazit\\\/#respond\"]}]},{\"@type\":\"WebPage\",\"@id\":\"https:\\\/\\\/alpenlandmagazin.at\\\/hochnachhaltig\\\/10-000-km-mit-dem-fiat-600e-das-fazit\\\/\",\"url\":\"https:\\\/\\\/alpenlandmagazin.at\\\/hochnachhaltig\\\/10-000-km-mit-dem-fiat-600e-das-fazit\\\/\",\"name\":\"10.000 km mit dem Fiat 600e - das Fazit - hoch.nachhaltig - Berge. Umwelt. Selbstwirksamkeit.\",\"isPartOf\":{\"@id\":\"https:\\\/\\\/alpenlandmagazin.at\\\/hochnachhaltig\\\/#website\"},\"primaryImageOfPage\":{\"@id\":\"https:\\\/\\\/alpenlandmagazin.at\\\/hochnachhaltig\\\/10-000-km-mit-dem-fiat-600e-das-fazit\\\/#primaryimage\"},\"image\":{\"@id\":\"https:\\\/\\\/alpenlandmagazin.at\\\/hochnachhaltig\\\/10-000-km-mit-dem-fiat-600e-das-fazit\\\/#primaryimage\"},\"thumbnailUrl\":\"https:\\\/\\\/alpenlandmagazin.at\\\/hochnachhaltig\\\/wp-content\\\/uploads\\\/2024\\\/09\\\/IMFCghE4Lrkmc-e1784212518778.png\",\"datePublished\":\"2024-09-03T13:13:09+00:00\",\"dateModified\":\"2026-07-16T14:35:31+00:00\",\"description\":\"Seit Ende April fahre ich den Fiat 600e. 10.000 km mit dem Fiat 600e - das Fazit: Was kann das Auto? Was sind St\u00e4rken und Schw\u00e4chen?\",\"breadcrumb\":{\"@id\":\"https:\\\/\\\/alpenlandmagazin.at\\\/hochnachhaltig\\\/10-000-km-mit-dem-fiat-600e-das-fazit\\\/#breadcrumb\"},\"inLanguage\":\"de\",\"potentialAction\":[{\"@type\":\"ReadAction\",\"target\":[\"https:\\\/\\\/alpenlandmagazin.at\\\/hochnachhaltig\\\/10-000-km-mit-dem-fiat-600e-das-fazit\\\/\"]}]},{\"@type\":\"ImageObject\",\"inLanguage\":\"de\",\"@id\":\"https:\\\/\\\/alpenlandmagazin.at\\\/hochnachhaltig\\\/10-000-km-mit-dem-fiat-600e-das-fazit\\\/#primaryimage\",\"url\":\"https:\\\/\\\/alpenlandmagazin.at\\\/hochnachhaltig\\\/wp-content\\\/uploads\\\/2024\\\/09\\\/IMFCghE4Lrkmc-e1784212518778.png\",\"contentUrl\":\"https:\\\/\\\/alpenlandmagazin.at\\\/hochnachhaltig\\\/wp-content\\\/uploads\\\/2024\\\/09\\\/IMFCghE4Lrkmc-e1784212518778.png\",\"width\":1206,\"height\":768},{\"@type\":\"BreadcrumbList\",\"@id\":\"https:\\\/\\\/alpenlandmagazin.at\\\/hochnachhaltig\\\/10-000-km-mit-dem-fiat-600e-das-fazit\\\/#breadcrumb\",\"itemListElement\":[{\"@type\":\"ListItem\",\"position\":1,\"name\":\"Startseite\",\"item\":\"https:\\\/\\\/alpenlandmagazin.at\\\/hochnachhaltig\\\/\"},{\"@type\":\"ListItem\",\"position\":2,\"name\":\"10.000 km mit dem Fiat 600e &#8211; das Fazit\"}]},{\"@type\":\"WebSite\",\"@id\":\"https:\\\/\\\/alpenlandmagazin.at\\\/hochnachhaltig\\\/#website\",\"url\":\"https:\\\/\\\/alpenlandmagazin.at\\\/hochnachhaltig\\\/\",\"name\":\"hoch.nachhaltig - Berge. Umwelt. Selbstwirksamkeit.\",\"description\":\"Wie man die Welt rettet und dabei Geld spart.\",\"publisher\":{\"@id\":\"https:\\\/\\\/alpenlandmagazin.at\\\/hochnachhaltig\\\/#\\\/schema\\\/person\\\/cde7b4195499a8410a9ab4304ba1a6fe\"},\"alternateName\":\"hoch.nachhaltig\",\"potentialAction\":[{\"@type\":\"SearchAction\",\"target\":{\"@type\":\"EntryPoint\",\"urlTemplate\":\"https:\\\/\\\/alpenlandmagazin.at\\\/hochnachhaltig\\\/?s={search_term_string}\"},\"query-input\":{\"@type\":\"PropertyValueSpecification\",\"valueRequired\":true,\"valueName\":\"search_term_string\"}}],\"inLanguage\":\"de\"},{\"@type\":[\"Person\",\"Organization\"],\"@id\":\"https:\\\/\\\/alpenlandmagazin.at\\\/hochnachhaltig\\\/#\\\/schema\\\/person\\\/cde7b4195499a8410a9ab4304ba1a6fe\",\"name\":\"Christian Schreiter\",\"image\":{\"@type\":\"ImageObject\",\"inLanguage\":\"de\",\"@id\":\"https:\\\/\\\/alpenlandmagazin.at\\\/hochnachhaltig\\\/wp-content\\\/uploads\\\/2023\\\/12\\\/logo11_4_172949.png\",\"url\":\"https:\\\/\\\/alpenlandmagazin.at\\\/hochnachhaltig\\\/wp-content\\\/uploads\\\/2023\\\/12\\\/logo11_4_172949.png\",\"contentUrl\":\"https:\\\/\\\/alpenlandmagazin.at\\\/hochnachhaltig\\\/wp-content\\\/uploads\\\/2023\\\/12\\\/logo11_4_172949.png\",\"width\":2000,\"height\":2000,\"caption\":\"Christian Schreiter\"},\"logo\":{\"@id\":\"https:\\\/\\\/alpenlandmagazin.at\\\/hochnachhaltig\\\/wp-content\\\/uploads\\\/2023\\\/12\\\/logo11_4_172949.png\"}},{\"@type\":\"Person\",\"@id\":\"https:\\\/\\\/alpenlandmagazin.at\\\/hochnachhaltig\\\/#\\\/schema\\\/person\\\/7f5ce1e0f5b51b3dc237c27155c063b6\",\"name\":\"ckrieh\",\"image\":{\"@type\":\"ImageObject\",\"inLanguage\":\"de\",\"@id\":\"https:\\\/\\\/secure.gravatar.com\\\/avatar\\\/1a61d60ff2b88bcf2b98ce01b7ba9fe7685606d7822c85153b9262eac30a2c74?s=96&d=mm&r=g\",\"url\":\"https:\\\/\\\/secure.gravatar.com\\\/avatar\\\/1a61d60ff2b88bcf2b98ce01b7ba9fe7685606d7822c85153b9262eac30a2c74?s=96&d=mm&r=g\",\"contentUrl\":\"https:\\\/\\\/secure.gravatar.com\\\/avatar\\\/1a61d60ff2b88bcf2b98ce01b7ba9fe7685606d7822c85153b9262eac30a2c74?s=96&d=mm&r=g\",\"caption\":\"ckrieh\"},\"sameAs\":[\"https:\\\/\\\/alpenlandmagazin.at\\\/hochnachhaltig\"],\"url\":\"https:\\\/\\\/alpenlandmagazin.at\\\/hochnachhaltig\\\/author\\\/ckrieh\\\/\"}]}<\/script>\n<!-- \/ Yoast SEO plugin. -->","yoast_head_json":{"title":"10.000 km mit dem Fiat 600e - das Fazit - hoch.nachhaltig - Berge. Umwelt. Selbstwirksamkeit.","description":"Seit Ende April fahre ich den Fiat 600e. 10.000 km mit dem Fiat 600e - das Fazit: Was kann das Auto? Was sind St\u00e4rken und Schw\u00e4chen?","robots":{"index":"index","follow":"follow","max-snippet":"max-snippet:-1","max-image-preview":"max-image-preview:large","max-video-preview":"max-video-preview:-1"},"canonical":"https:\/\/alpenlandmagazin.at\/hochnachhaltig\/10-000-km-mit-dem-fiat-600e-das-fazit\/","og_locale":"de_DE","og_type":"article","og_title":"10.000 km mit dem Fiat 600e - das Fazit - hoch.nachhaltig - Berge. Umwelt. Selbstwirksamkeit.","og_description":"Seit Ende April fahre ich den Fiat 600e. 10.000 km mit dem Fiat 600e - das Fazit: Was kann das Auto? Was sind St\u00e4rken und Schw\u00e4chen?","og_url":"https:\/\/alpenlandmagazin.at\/hochnachhaltig\/10-000-km-mit-dem-fiat-600e-das-fazit\/","og_site_name":"hoch.nachhaltig - Berge. Umwelt. Selbstwirksamkeit.","article_published_time":"2024-09-03T13:13:09+00:00","article_modified_time":"2026-07-16T14:35:31+00:00","og_image":[{"width":1024,"height":652,"url":"https:\/\/alpenlandmagazin.at\/hochnachhaltig\/wp-content\/uploads\/2024\/09\/IMFCghE4Lrkmc-e1784212518778-1024x652.png","type":"image\/png"}],"author":"ckrieh","twitter_card":"summary_large_image","twitter_misc":{"Verfasst von":"ckrieh","Gesch\u00e4tzte Lesezeit":"4\u00a0Minuten"},"schema":{"@context":"https:\/\/schema.org","@graph":[{"@type":"Article","@id":"https:\/\/alpenlandmagazin.at\/hochnachhaltig\/10-000-km-mit-dem-fiat-600e-das-fazit\/#article","isPartOf":{"@id":"https:\/\/alpenlandmagazin.at\/hochnachhaltig\/10-000-km-mit-dem-fiat-600e-das-fazit\/"},"author":{"name":"ckrieh","@id":"https:\/\/alpenlandmagazin.at\/hochnachhaltig\/#\/schema\/person\/7f5ce1e0f5b51b3dc237c27155c063b6"},"headline":"10.000 km mit dem Fiat 600e &#8211; das Fazit","datePublished":"2024-09-03T13:13:09+00:00","dateModified":"2026-07-16T14:35:31+00:00","mainEntityOfPage":{"@id":"https:\/\/alpenlandmagazin.at\/hochnachhaltig\/10-000-km-mit-dem-fiat-600e-das-fazit\/"},"wordCount":595,"commentCount":0,"publisher":{"@id":"https:\/\/alpenlandmagazin.at\/hochnachhaltig\/#\/schema\/person\/cde7b4195499a8410a9ab4304ba1a6fe"},"image":{"@id":"https:\/\/alpenlandmagazin.at\/hochnachhaltig\/10-000-km-mit-dem-fiat-600e-das-fazit\/#primaryimage"},"thumbnailUrl":"https:\/\/alpenlandmagazin.at\/hochnachhaltig\/wp-content\/uploads\/2024\/09\/IMFCghE4Lrkmc-e1784212518778.png","inLanguage":"de","potentialAction":[{"@type":"CommentAction","name":"Comment","target":["https:\/\/alpenlandmagazin.at\/hochnachhaltig\/10-000-km-mit-dem-fiat-600e-das-fazit\/#respond"]}]},{"@type":"WebPage","@id":"https:\/\/alpenlandmagazin.at\/hochnachhaltig\/10-000-km-mit-dem-fiat-600e-das-fazit\/","url":"https:\/\/alpenlandmagazin.at\/hochnachhaltig\/10-000-km-mit-dem-fiat-600e-das-fazit\/","name":"10.000 km mit dem Fiat 600e - das Fazit - hoch.nachhaltig - Berge. Umwelt. Selbstwirksamkeit.","isPartOf":{"@id":"https:\/\/alpenlandmagazin.at\/hochnachhaltig\/#website"},"primaryImageOfPage":{"@id":"https:\/\/alpenlandmagazin.at\/hochnachhaltig\/10-000-km-mit-dem-fiat-600e-das-fazit\/#primaryimage"},"image":{"@id":"https:\/\/alpenlandmagazin.at\/hochnachhaltig\/10-000-km-mit-dem-fiat-600e-das-fazit\/#primaryimage"},"thumbnailUrl":"https:\/\/alpenlandmagazin.at\/hochnachhaltig\/wp-content\/uploads\/2024\/09\/IMFCghE4Lrkmc-e1784212518778.png","datePublished":"2024-09-03T13:13:09+00:00","dateModified":"2026-07-16T14:35:31+00:00","description":"Seit Ende April fahre ich den Fiat 600e. 10.000 km mit dem Fiat 600e - das Fazit: Was kann das Auto? Was sind St\u00e4rken und Schw\u00e4chen?","breadcrumb":{"@id":"https:\/\/alpenlandmagazin.at\/hochnachhaltig\/10-000-km-mit-dem-fiat-600e-das-fazit\/#breadcrumb"},"inLanguage":"de","potentialAction":[{"@type":"ReadAction","target":["https:\/\/alpenlandmagazin.at\/hochnachhaltig\/10-000-km-mit-dem-fiat-600e-das-fazit\/"]}]},{"@type":"ImageObject","inLanguage":"de","@id":"https:\/\/alpenlandmagazin.at\/hochnachhaltig\/10-000-km-mit-dem-fiat-600e-das-fazit\/#primaryimage","url":"https:\/\/alpenlandmagazin.at\/hochnachhaltig\/wp-content\/uploads\/2024\/09\/IMFCghE4Lrkmc-e1784212518778.png","contentUrl":"https:\/\/alpenlandmagazin.at\/hochnachhaltig\/wp-content\/uploads\/2024\/09\/IMFCghE4Lrkmc-e1784212518778.png","width":1206,"height":768},{"@type":"BreadcrumbList","@id":"https:\/\/alpenlandmagazin.at\/hochnachhaltig\/10-000-km-mit-dem-fiat-600e-das-fazit\/#breadcrumb","itemListElement":[{"@type":"ListItem","position":1,"name":"Startseite","item":"https:\/\/alpenlandmagazin.at\/hochnachhaltig\/"},{"@type":"ListItem","position":2,"name":"10.000 km mit dem Fiat 600e &#8211; das Fazit"}]},{"@type":"WebSite","@id":"https:\/\/alpenlandmagazin.at\/hochnachhaltig\/#website","url":"https:\/\/alpenlandmagazin.at\/hochnachhaltig\/","name":"hoch.nachhaltig - Berge. Umwelt. Selbstwirksamkeit.","description":"Wie man die Welt rettet und dabei Geld spart.","publisher":{"@id":"https:\/\/alpenlandmagazin.at\/hochnachhaltig\/#\/schema\/person\/cde7b4195499a8410a9ab4304ba1a6fe"},"alternateName":"hoch.nachhaltig","potentialAction":[{"@type":"SearchAction","target":{"@type":"EntryPoint","urlTemplate":"https:\/\/alpenlandmagazin.at\/hochnachhaltig\/?s={search_term_string}"},"query-input":{"@type":"PropertyValueSpecification","valueRequired":true,"valueName":"search_term_string"}}],"inLanguage":"de"},{"@type":["Person","Organization"],"@id":"https:\/\/alpenlandmagazin.at\/hochnachhaltig\/#\/schema\/person\/cde7b4195499a8410a9ab4304ba1a6fe","name":"Christian Schreiter","image":{"@type":"ImageObject","inLanguage":"de","@id":"https:\/\/alpenlandmagazin.at\/hochnachhaltig\/wp-content\/uploads\/2023\/12\/logo11_4_172949.png","url":"https:\/\/alpenlandmagazin.at\/hochnachhaltig\/wp-content\/uploads\/2023\/12\/logo11_4_172949.png","contentUrl":"https:\/\/alpenlandmagazin.at\/hochnachhaltig\/wp-content\/uploads\/2023\/12\/logo11_4_172949.png","width":2000,"height":2000,"caption":"Christian Schreiter"},"logo":{"@id":"https:\/\/alpenlandmagazin.at\/hochnachhaltig\/wp-content\/uploads\/2023\/12\/logo11_4_172949.png"}},{"@type":"Person","@id":"https:\/\/alpenlandmagazin.at\/hochnachhaltig\/#\/schema\/person\/7f5ce1e0f5b51b3dc237c27155c063b6","name":"ckrieh","image":{"@type":"ImageObject","inLanguage":"de","@id":"https:\/\/secure.gravatar.com\/avatar\/1a61d60ff2b88bcf2b98ce01b7ba9fe7685606d7822c85153b9262eac30a2c74?s=96&d=mm&r=g","url":"https:\/\/secure.gravatar.com\/avatar\/1a61d60ff2b88bcf2b98ce01b7ba9fe7685606d7822c85153b9262eac30a2c74?s=96&d=mm&r=g","contentUrl":"https:\/\/secure.gravatar.com\/avatar\/1a61d60ff2b88bcf2b98ce01b7ba9fe7685606d7822c85153b9262eac30a2c74?s=96&d=mm&r=g","caption":"ckrieh"},"sameAs":["https:\/\/alpenlandmagazin.at\/hochnachhaltig"],"url":"https:\/\/alpenlandmagazin.at\/hochnachhaltig\/author\/ckrieh\/"}]}},"_links":{"self":[{"href":"https:\/\/alpenlandmagazin.at\/hochnachhaltig\/wp-json\/wp\/v2\/posts\/289","targetHints":{"allow":["GET"]}}],"collection":[{"href":"https:\/\/alpenlandmagazin.at\/hochnachhaltig\/wp-json\/wp\/v2\/posts"}],"about":[{"href":"https:\/\/alpenlandmagazin.at\/hochnachhaltig\/wp-json\/wp\/v2\/types\/post"}],"author":[{"embeddable":true,"href":"https:\/\/alpenlandmagazin.at\/hochnachhaltig\/wp-json\/wp\/v2\/users\/1"}],"replies":[{"embeddable":true,"href":"https:\/\/alpenlandmagazin.at\/hochnachhaltig\/wp-json\/wp\/v2\/comments?post=289"}],"version-history":[{"count":1,"href":"https:\/\/alpenlandmagazin.at\/hochnachhaltig\/wp-json\/wp\/v2\/posts\/289\/revisions"}],"predecessor-version":[{"id":291,"href":"https:\/\/alpenlandmagazin.at\/hochnachhaltig\/wp-json\/wp\/v2\/posts\/289\/revisions\/291"}],"wp:featuredmedia":[{"embeddable":true,"href":"https:\/\/alpenlandmagazin.at\/hochnachhaltig\/wp-json\/wp\/v2\/media\/427"}],"wp:attachment":[{"href":"https:\/\/alpenlandmagazin.at\/hochnachhaltig\/wp-json\/wp\/v2\/media?parent=289"}],"wp:term":[{"taxonomy":"category","embeddable":true,"href":"https:\/\/alpenlandmagazin.at\/hochnachhaltig\/wp-json\/wp\/v2\/categories?post=289"},{"taxonomy":"post_tag","embeddable":true,"href":"https:\/\/alpenlandmagazin.at\/hochnachhaltig\/wp-json\/wp\/v2\/tags?post=289"}],"curies":[{"name":"wp","href":"https:\/\/api.w.org\/{rel}","templated":true}]}}