{"id":292,"date":"2024-09-17T17:49:15","date_gmt":"2024-09-17T15:49:15","guid":{"rendered":"https:\/\/alpenlandmagazin.at\/hochnachhaltig\/?p=292"},"modified":"2026-07-16T16:30:49","modified_gmt":"2026-07-16T14:30:49","slug":"heizen-mit-klimaanlage-heizstrahler-und-photovoltaik-jetzt-will-ich-es-wissen","status":"publish","type":"post","link":"https:\/\/alpenlandmagazin.at\/hochnachhaltig\/heizen-mit-klimaanlage-heizstrahler-und-photovoltaik-jetzt-will-ich-es-wissen\/","title":{"rendered":"Heizen mit Klimaanlage, Heizstrahler und Photovoltaik. Jetzt will ich es wissen!"},"content":{"rendered":"\n<p class=\"wp-block-paragraph\">Letzten Winter habe ich hier auf dem <a href=\"https:\/\/alpenlandmagazin.at\/hochnachhaltig\/waermepumpe-und-photovoltaik-im-winter-das-fazit\/\">Blog bereits berichtet<\/a>, wie ich mithilfe meiner Photovoltaikanlage und einer Luft-Luft-W\u00e4rmepumpe (genauer gesagt: einer Klimaanlage) rund <strong>75 % meines Hauses beheizen konnte<\/strong> \u2013 und das zu erstaunlich niedrigen Kosten. Meine Heizkosten sanken auf <strong>unter 100 \u20ac f\u00fcr den gesamten Winter<\/strong>. Dieses Jahr wage ich den n\u00e4chsten Schritt: <strong>Ich m\u00f6chte komplett auf Gas verzichten und 100 % meiner Wohnfl\u00e4che elektrisch beheizen<\/strong> und starte das Experiment &#8222;Heizen mit Klimaanlage, Heizstrahler und Photovoltaik&#8220;.<\/p>\n\n\n<div class=\"epyt-video-wrapper\"><div  id=\"_ytid_84011\"  width=\"1200\" height=\"675\"  data-origwidth=\"1200\" data-origheight=\"675\" data-facadesrc=\"https:\/\/www.youtube.com\/embed\/4JE5ldQKwBE?enablejsapi=1&#038;origin=https:\/\/alpenlandmagazin.at&#038;autoplay=0&#038;cc_load_policy=0&#038;cc_lang_pref=de&#038;iv_load_policy=1&#038;loop=0&#038;rel=0&#038;fs=1&#038;playsinline=1&#038;autohide=2&#038;theme=dark&#038;color=red&#038;controls=1&#038;disablekb=0&#038;\" class=\"__youtube_prefs__ epyt-facade no-lazyload\" data-epautoplay=\"1\" ><img decoding=\"async\" data-spai-excluded=\"true\" class=\"epyt-facade-poster skip-lazy\" loading=\"lazy\"  alt=\"YouTube player\"  src=\"https:\/\/i.ytimg.com\/vi\/4JE5ldQKwBE\/maxresdefault.jpg\"  \/><button class=\"epyt-facade-play\" aria-label=\"Play\"><svg data-no-lazy=\"1\" height=\"100%\" version=\"1.1\" viewBox=\"0 0 68 48\" width=\"100%\"><path class=\"ytp-large-play-button-bg\" d=\"M66.52,7.74c-0.78-2.93-2.49-5.41-5.42-6.19C55.79,.13,34,0,34,0S12.21,.13,6.9,1.55 C3.97,2.33,2.27,4.81,1.48,7.74C0.06,13.05,0,24,0,24s0.06,10.95,1.48,16.26c0.78,2.93,2.49,5.41,5.42,6.19 C12.21,47.87,34,48,34,48s21.79-0.13,27.1-1.55c2.93-0.78,4.64-3.26,5.42-6.19C67.94,34.95,68,24,68,24S67.94,13.05,66.52,7.74z\" fill=\"#f00\"><\/path><path d=\"M 45,24 27,14 27,34\" fill=\"#fff\"><\/path><\/svg><\/button><\/div><\/div>\n\n\n<hr class=\"wp-block-separator has-alpha-channel-opacity\"\/>\n\n\n\n<h3 class=\"wp-block-heading\">Warum \u00fcberhaupt umsteigen?<\/h3>\n\n\n\n<p class=\"wp-block-paragraph\">Gas ist nicht nur teuer, sondern auch klimasch\u00e4dlich. Mein Ziel ist es, meinen CO\u2082-Fu\u00dfabdruck weiter zu reduzieren und noch unabh\u00e4ngiger von fossilen Energien zu werden. Zus\u00e4tzlich spare ich bares Geld, da meine PV-Anlage auch im Winter oft mehr Strom produziert, als wir tags\u00fcber verbrauchen.<\/p>\n\n\n\n<h3 class=\"wp-block-heading\">Ausgangssituation<\/h3>\n\n\n\n<p class=\"wp-block-paragraph\">Ich wohne mit meiner Partnerin in einer 120 m\u00b2 gro\u00dfen Wohnung in einem Mehrgenerationenhaus. Der offene Wohnbereich \u2013 bestehend aus K\u00fcche, Esszimmer, Wohnzimmer und Flur \u2013 sowie zwei gr\u00f6\u00dfere Zimmer werden bereits mit der Klimaanlage beheizt. Die restlichen R\u00e4ume (kleines Zimmer, Bad, WC und das Vorzimmer im Erdgeschoss) sollen nun ebenfalls ohne Gas warm werden.<\/p>\n\n\n\n<h3 class=\"wp-block-heading\">So will ich&#8217;s umsetzen<\/h3>\n\n\n\n<ul class=\"wp-block-list\">\n<li><strong>Klimaanlage f\u00fcr kleinere R\u00e4ume nutzen:<\/strong> Das Badezimmer liegt direkt neben dem offenen Bereich und kann durch das Offenlassen der T\u00fcr passiv mitgeheizt werden. Dasselbe gilt f\u00fcr das kleinere Zimmer, das ebenfalls nahe genug an der W\u00e4rmequelle liegt.<\/li>\n\n\n\n<li><strong>Vorzimmer gezielt mit Heizstrahler beheizen:<\/strong> Das Vorzimmer wurde bisher mit der Gaszentralheizung auf ca. 15\u201316 \u00b0C gehalten. Dieser Bereich ist selten genutzt, daher reichen auch k\u00fcnftig solche Temperaturen. Ein <strong>elektrischer Heizstrahler mit 830 Watt<\/strong>, der <strong>ausschlie\u00dflich bei Sonnenschein und ausreichend PV-Strom<\/strong> aktiviert wird, soll hier einspringen.<\/li>\n<\/ul>\n\n\n\n<h3 class=\"wp-block-heading\">Der Plan \u2013 mit smarter Steuerung<\/h3>\n\n\n\n<p class=\"wp-block-paragraph\">Die Steuerung erfolgt so, dass der Heizstrahler <strong>nur dann l\u00e4uft, wenn gen\u00fcgend Sonnenstrom zur Verf\u00fcgung steht<\/strong> \u2013 also genau dann, wenn ich sonst ohnehin ins Netz eingespeist h\u00e4tte. Auf diese Weise wird kein teurer Netzstrom genutzt, sondern <strong>nur \u00fcbersch\u00fcssige Eigenproduktion<\/strong>. Das gleiche Prinzip wende ich \u00fcbrigens auch beim Laden meines E-Autos an.<\/p>\n\n\n\n<h3 class=\"wp-block-heading\">Was ich mir davon erwarte<\/h3>\n\n\n\n<p class=\"wp-block-paragraph\">Ich rechne mit einer weiteren <strong>massiven Reduktion meiner Energiekosten<\/strong>, denn:<\/p>\n\n\n\n<ul class=\"wp-block-list\">\n<li>Die Gastherme verursacht einen gewissen Grundverbrauch, selbst wenn nur wenige Heizk\u00f6rper genutzt werden.<\/li>\n\n\n\n<li>Wenn ich komplett auf Gas zum Heizen verzichte, bleiben nur wenige Kilowattstunden j\u00e4hrlich f\u00fcr die Warmwasserbereitung \u00fcbrig.<\/li>\n\n\n\n<li>Dank<a href=\"https:\/\/www.gogreenenergy.at\/gas.html\"> flexiblem Gastarif<\/a> sinken auch diese Kosten auf ein Minimum.<\/li>\n<\/ul>\n\n\n\n<h3 class=\"wp-block-heading\">Fazit: &#8222;Heizen mit Klimaanlage, Heizstrahler und Photovoltaik&#8220; &#8211; ein nachhaltiges Experiment mit offenem Ausgang<\/h3>\n\n\n\n<p class=\"wp-block-paragraph\">Ob das alles wie geplant funktioniert \u2013 oder ob wir am Ende doch frierend im Wohnzimmer sitzen \u2013 wird sich zeigen. Ich dokumentiere das Experiment wie immer <strong>transparent<\/strong> hier auf dem Blog.<\/p>\n\n\n\n<p class=\"wp-block-paragraph\">Bleibt also dran \u2013 demn\u00e4chst gibt\u2019s Updates, Zahlen und Erfahrungsberichte zu meinem <strong>\u201eHeizen ohne Gas\u201c-Experiment<\/strong>.<\/p>\n\n\n\n<p class=\"wp-block-paragraph\"><\/p>\n","protected":false},"excerpt":{"rendered":"<p>Letzten Winter habe ich hier auf dem Blog bereits berichtet, wie ich mithilfe meiner Photovoltaikanlage und einer Luft-Luft-W\u00e4rmepumpe (genauer gesagt: einer Klimaanlage) rund 75 % meines Hauses beheizen konnte \u2013 und das zu erstaunlich niedrigen Kosten. Meine Heizkosten sanken auf unter 100 \u20ac f\u00fcr den gesamten Winter.<\/p>\n<p>Dieses Jahr wage ich den n\u00e4chsten Schritt: Ich m\u00f6chte komplett auf Gas verzichten und 100 % meiner Wohnfl\u00e4che elektrisch beheizen.<\/p>\n","protected":false},"author":1,"featured_media":426,"comment_status":"open","ping_status":"open","sticky":false,"template":"","format":"standard","meta":{"neve_meta_sidebar":"","neve_meta_container":"","neve_meta_enable_content_width":"","neve_meta_content_width":0,"neve_meta_title_alignment":"","neve_meta_author_avatar":"","neve_post_elements_order":"","neve_meta_disable_header":"","neve_meta_disable_footer":"","neve_meta_disable_title":"","footnotes":""},"categories":[1],"tags":[],"class_list":["post-292","post","type-post","status-publish","format-standard","has-post-thumbnail","hentry","category-allgemein"],"yoast_head":"<!-- This site is optimized with the Yoast SEO plugin v28.2 - https:\/\/yoast.com\/product\/yoast-seo-wordpress\/ -->\n<title>Heizen mit Klimaanlage, Heizstrahler und Photovoltaik. Jetzt will ich es wissen! - hoch.nachhaltig - Berge. Umwelt. Selbstwirksamkeit.<\/title>\n<meta name=\"description\" content=\"Heizen mit Klimaanlage, Heizstrahler und Photovoltaik. Jetzt will ich es wissen und 100 % der Wohnfl\u00e4che elektrisch beheizen.\" \/>\n<meta name=\"robots\" content=\"index, follow, max-snippet:-1, max-image-preview:large, max-video-preview:-1\" \/>\n<link rel=\"canonical\" href=\"https:\/\/alpenlandmagazin.at\/hochnachhaltig\/heizen-mit-klimaanlage-heizstrahler-und-photovoltaik-jetzt-will-ich-es-wissen\/\" \/>\n<meta property=\"og:locale\" content=\"de_DE\" \/>\n<meta property=\"og:type\" content=\"article\" \/>\n<meta property=\"og:title\" content=\"Heizen mit Klimaanlage, Heizstrahler und Photovoltaik. Jetzt will ich es wissen! - hoch.nachhaltig - Berge. Umwelt. Selbstwirksamkeit.\" \/>\n<meta property=\"og:description\" content=\"Heizen mit Klimaanlage, Heizstrahler und Photovoltaik. Jetzt will ich es wissen und 100 % der Wohnfl\u00e4che elektrisch beheizen.\" \/>\n<meta property=\"og:url\" content=\"https:\/\/alpenlandmagazin.at\/hochnachhaltig\/heizen-mit-klimaanlage-heizstrahler-und-photovoltaik-jetzt-will-ich-es-wissen\/\" \/>\n<meta property=\"og:site_name\" content=\"hoch.nachhaltig - Berge. Umwelt. Selbstwirksamkeit.\" \/>\n<meta property=\"article:published_time\" content=\"2024-09-17T15:49:15+00:00\" \/>\n<meta property=\"article:modified_time\" content=\"2026-07-16T14:30:49+00:00\" \/>\n<meta property=\"og:image\" content=\"https:\/\/alpenlandmagazin.at\/hochnachhaltig\/wp-content\/uploads\/2024\/09\/IMfSuWR3w_p-w-e1784212236969.png\" \/>\n\t<meta property=\"og:image:width\" content=\"1200\" \/>\n\t<meta property=\"og:image:height\" content=\"768\" \/>\n\t<meta property=\"og:image:type\" content=\"image\/png\" \/>\n<meta name=\"author\" content=\"ckrieh\" \/>\n<meta name=\"twitter:card\" content=\"summary_large_image\" \/>\n<meta name=\"twitter:label1\" content=\"Verfasst von\" \/>\n\t<meta name=\"twitter:data1\" content=\"ckrieh\" \/>\n\t<meta name=\"twitter:label2\" content=\"Gesch\u00e4tzte Lesezeit\" \/>\n\t<meta name=\"twitter:data2\" content=\"3\u00a0Minuten\" \/>\n<script type=\"application\/ld+json\" class=\"yoast-schema-graph\">{\"@context\":\"https:\\\/\\\/schema.org\",\"@graph\":[{\"@type\":\"Article\",\"@id\":\"https:\\\/\\\/alpenlandmagazin.at\\\/hochnachhaltig\\\/heizen-mit-klimaanlage-heizstrahler-und-photovoltaik-jetzt-will-ich-es-wissen\\\/#article\",\"isPartOf\":{\"@id\":\"https:\\\/\\\/alpenlandmagazin.at\\\/hochnachhaltig\\\/heizen-mit-klimaanlage-heizstrahler-und-photovoltaik-jetzt-will-ich-es-wissen\\\/\"},\"author\":{\"name\":\"ckrieh\",\"@id\":\"https:\\\/\\\/alpenlandmagazin.at\\\/hochnachhaltig\\\/#\\\/schema\\\/person\\\/7f5ce1e0f5b51b3dc237c27155c063b6\"},\"headline\":\"Heizen mit Klimaanlage, Heizstrahler und Photovoltaik. Jetzt will ich es wissen!\",\"datePublished\":\"2024-09-17T15:49:15+00:00\",\"dateModified\":\"2026-07-16T14:30:49+00:00\",\"mainEntityOfPage\":{\"@id\":\"https:\\\/\\\/alpenlandmagazin.at\\\/hochnachhaltig\\\/heizen-mit-klimaanlage-heizstrahler-und-photovoltaik-jetzt-will-ich-es-wissen\\\/\"},\"wordCount\":479,\"commentCount\":0,\"publisher\":{\"@id\":\"https:\\\/\\\/alpenlandmagazin.at\\\/hochnachhaltig\\\/#\\\/schema\\\/person\\\/cde7b4195499a8410a9ab4304ba1a6fe\"},\"image\":{\"@id\":\"https:\\\/\\\/alpenlandmagazin.at\\\/hochnachhaltig\\\/heizen-mit-klimaanlage-heizstrahler-und-photovoltaik-jetzt-will-ich-es-wissen\\\/#primaryimage\"},\"thumbnailUrl\":\"https:\\\/\\\/alpenlandmagazin.at\\\/hochnachhaltig\\\/wp-content\\\/uploads\\\/2024\\\/09\\\/IMfSuWR3w_p-w-e1784212236969.png\",\"inLanguage\":\"de\",\"potentialAction\":[{\"@type\":\"CommentAction\",\"name\":\"Comment\",\"target\":[\"https:\\\/\\\/alpenlandmagazin.at\\\/hochnachhaltig\\\/heizen-mit-klimaanlage-heizstrahler-und-photovoltaik-jetzt-will-ich-es-wissen\\\/#respond\"]}]},{\"@type\":\"WebPage\",\"@id\":\"https:\\\/\\\/alpenlandmagazin.at\\\/hochnachhaltig\\\/heizen-mit-klimaanlage-heizstrahler-und-photovoltaik-jetzt-will-ich-es-wissen\\\/\",\"url\":\"https:\\\/\\\/alpenlandmagazin.at\\\/hochnachhaltig\\\/heizen-mit-klimaanlage-heizstrahler-und-photovoltaik-jetzt-will-ich-es-wissen\\\/\",\"name\":\"Heizen mit Klimaanlage, Heizstrahler und Photovoltaik. Jetzt will ich es wissen! - hoch.nachhaltig - Berge. Umwelt. Selbstwirksamkeit.\",\"isPartOf\":{\"@id\":\"https:\\\/\\\/alpenlandmagazin.at\\\/hochnachhaltig\\\/#website\"},\"primaryImageOfPage\":{\"@id\":\"https:\\\/\\\/alpenlandmagazin.at\\\/hochnachhaltig\\\/heizen-mit-klimaanlage-heizstrahler-und-photovoltaik-jetzt-will-ich-es-wissen\\\/#primaryimage\"},\"image\":{\"@id\":\"https:\\\/\\\/alpenlandmagazin.at\\\/hochnachhaltig\\\/heizen-mit-klimaanlage-heizstrahler-und-photovoltaik-jetzt-will-ich-es-wissen\\\/#primaryimage\"},\"thumbnailUrl\":\"https:\\\/\\\/alpenlandmagazin.at\\\/hochnachhaltig\\\/wp-content\\\/uploads\\\/2024\\\/09\\\/IMfSuWR3w_p-w-e1784212236969.png\",\"datePublished\":\"2024-09-17T15:49:15+00:00\",\"dateModified\":\"2026-07-16T14:30:49+00:00\",\"description\":\"Heizen mit Klimaanlage, Heizstrahler und Photovoltaik. Jetzt will ich es wissen und 100 % der Wohnfl\u00e4che elektrisch beheizen.\",\"breadcrumb\":{\"@id\":\"https:\\\/\\\/alpenlandmagazin.at\\\/hochnachhaltig\\\/heizen-mit-klimaanlage-heizstrahler-und-photovoltaik-jetzt-will-ich-es-wissen\\\/#breadcrumb\"},\"inLanguage\":\"de\",\"potentialAction\":[{\"@type\":\"ReadAction\",\"target\":[\"https:\\\/\\\/alpenlandmagazin.at\\\/hochnachhaltig\\\/heizen-mit-klimaanlage-heizstrahler-und-photovoltaik-jetzt-will-ich-es-wissen\\\/\"]}]},{\"@type\":\"ImageObject\",\"inLanguage\":\"de\",\"@id\":\"https:\\\/\\\/alpenlandmagazin.at\\\/hochnachhaltig\\\/heizen-mit-klimaanlage-heizstrahler-und-photovoltaik-jetzt-will-ich-es-wissen\\\/#primaryimage\",\"url\":\"https:\\\/\\\/alpenlandmagazin.at\\\/hochnachhaltig\\\/wp-content\\\/uploads\\\/2024\\\/09\\\/IMfSuWR3w_p-w-e1784212236969.png\",\"contentUrl\":\"https:\\\/\\\/alpenlandmagazin.at\\\/hochnachhaltig\\\/wp-content\\\/uploads\\\/2024\\\/09\\\/IMfSuWR3w_p-w-e1784212236969.png\",\"width\":1200,\"height\":768},{\"@type\":\"BreadcrumbList\",\"@id\":\"https:\\\/\\\/alpenlandmagazin.at\\\/hochnachhaltig\\\/heizen-mit-klimaanlage-heizstrahler-und-photovoltaik-jetzt-will-ich-es-wissen\\\/#breadcrumb\",\"itemListElement\":[{\"@type\":\"ListItem\",\"position\":1,\"name\":\"Startseite\",\"item\":\"https:\\\/\\\/alpenlandmagazin.at\\\/hochnachhaltig\\\/\"},{\"@type\":\"ListItem\",\"position\":2,\"name\":\"Heizen mit Klimaanlage, Heizstrahler und Photovoltaik. Jetzt will ich es wissen!\"}]},{\"@type\":\"WebSite\",\"@id\":\"https:\\\/\\\/alpenlandmagazin.at\\\/hochnachhaltig\\\/#website\",\"url\":\"https:\\\/\\\/alpenlandmagazin.at\\\/hochnachhaltig\\\/\",\"name\":\"hoch.nachhaltig - Berge. Umwelt. Selbstwirksamkeit.\",\"description\":\"Wie man die Welt rettet und dabei Geld spart.\",\"publisher\":{\"@id\":\"https:\\\/\\\/alpenlandmagazin.at\\\/hochnachhaltig\\\/#\\\/schema\\\/person\\\/cde7b4195499a8410a9ab4304ba1a6fe\"},\"alternateName\":\"hoch.nachhaltig\",\"potentialAction\":[{\"@type\":\"SearchAction\",\"target\":{\"@type\":\"EntryPoint\",\"urlTemplate\":\"https:\\\/\\\/alpenlandmagazin.at\\\/hochnachhaltig\\\/?s={search_term_string}\"},\"query-input\":{\"@type\":\"PropertyValueSpecification\",\"valueRequired\":true,\"valueName\":\"search_term_string\"}}],\"inLanguage\":\"de\"},{\"@type\":[\"Person\",\"Organization\"],\"@id\":\"https:\\\/\\\/alpenlandmagazin.at\\\/hochnachhaltig\\\/#\\\/schema\\\/person\\\/cde7b4195499a8410a9ab4304ba1a6fe\",\"name\":\"Christian Schreiter\",\"image\":{\"@type\":\"ImageObject\",\"inLanguage\":\"de\",\"@id\":\"https:\\\/\\\/alpenlandmagazin.at\\\/hochnachhaltig\\\/wp-content\\\/uploads\\\/2023\\\/12\\\/logo11_4_172949.png\",\"url\":\"https:\\\/\\\/alpenlandmagazin.at\\\/hochnachhaltig\\\/wp-content\\\/uploads\\\/2023\\\/12\\\/logo11_4_172949.png\",\"contentUrl\":\"https:\\\/\\\/alpenlandmagazin.at\\\/hochnachhaltig\\\/wp-content\\\/uploads\\\/2023\\\/12\\\/logo11_4_172949.png\",\"width\":2000,\"height\":2000,\"caption\":\"Christian Schreiter\"},\"logo\":{\"@id\":\"https:\\\/\\\/alpenlandmagazin.at\\\/hochnachhaltig\\\/wp-content\\\/uploads\\\/2023\\\/12\\\/logo11_4_172949.png\"}},{\"@type\":\"Person\",\"@id\":\"https:\\\/\\\/alpenlandmagazin.at\\\/hochnachhaltig\\\/#\\\/schema\\\/person\\\/7f5ce1e0f5b51b3dc237c27155c063b6\",\"name\":\"ckrieh\",\"image\":{\"@type\":\"ImageObject\",\"inLanguage\":\"de\",\"@id\":\"https:\\\/\\\/secure.gravatar.com\\\/avatar\\\/1a61d60ff2b88bcf2b98ce01b7ba9fe7685606d7822c85153b9262eac30a2c74?s=96&d=mm&r=g\",\"url\":\"https:\\\/\\\/secure.gravatar.com\\\/avatar\\\/1a61d60ff2b88bcf2b98ce01b7ba9fe7685606d7822c85153b9262eac30a2c74?s=96&d=mm&r=g\",\"contentUrl\":\"https:\\\/\\\/secure.gravatar.com\\\/avatar\\\/1a61d60ff2b88bcf2b98ce01b7ba9fe7685606d7822c85153b9262eac30a2c74?s=96&d=mm&r=g\",\"caption\":\"ckrieh\"},\"sameAs\":[\"https:\\\/\\\/alpenlandmagazin.at\\\/hochnachhaltig\"],\"url\":\"https:\\\/\\\/alpenlandmagazin.at\\\/hochnachhaltig\\\/author\\\/ckrieh\\\/\"}]}<\/script>\n<!-- \/ Yoast SEO plugin. -->","yoast_head_json":{"title":"Heizen mit Klimaanlage, Heizstrahler und Photovoltaik. Jetzt will ich es wissen! - hoch.nachhaltig - Berge. Umwelt. Selbstwirksamkeit.","description":"Heizen mit Klimaanlage, Heizstrahler und Photovoltaik. Jetzt will ich es wissen und 100 % der Wohnfl\u00e4che elektrisch beheizen.","robots":{"index":"index","follow":"follow","max-snippet":"max-snippet:-1","max-image-preview":"max-image-preview:large","max-video-preview":"max-video-preview:-1"},"canonical":"https:\/\/alpenlandmagazin.at\/hochnachhaltig\/heizen-mit-klimaanlage-heizstrahler-und-photovoltaik-jetzt-will-ich-es-wissen\/","og_locale":"de_DE","og_type":"article","og_title":"Heizen mit Klimaanlage, Heizstrahler und Photovoltaik. Jetzt will ich es wissen! - hoch.nachhaltig - Berge. Umwelt. Selbstwirksamkeit.","og_description":"Heizen mit Klimaanlage, Heizstrahler und Photovoltaik. Jetzt will ich es wissen und 100 % der Wohnfl\u00e4che elektrisch beheizen.","og_url":"https:\/\/alpenlandmagazin.at\/hochnachhaltig\/heizen-mit-klimaanlage-heizstrahler-und-photovoltaik-jetzt-will-ich-es-wissen\/","og_site_name":"hoch.nachhaltig - Berge. Umwelt. Selbstwirksamkeit.","article_published_time":"2024-09-17T15:49:15+00:00","article_modified_time":"2026-07-16T14:30:49+00:00","og_image":[{"width":1200,"height":768,"url":"https:\/\/alpenlandmagazin.at\/hochnachhaltig\/wp-content\/uploads\/2024\/09\/IMfSuWR3w_p-w-e1784212236969.png","type":"image\/png"}],"author":"ckrieh","twitter_card":"summary_large_image","twitter_misc":{"Verfasst von":"ckrieh","Gesch\u00e4tzte Lesezeit":"3\u00a0Minuten"},"schema":{"@context":"https:\/\/schema.org","@graph":[{"@type":"Article","@id":"https:\/\/alpenlandmagazin.at\/hochnachhaltig\/heizen-mit-klimaanlage-heizstrahler-und-photovoltaik-jetzt-will-ich-es-wissen\/#article","isPartOf":{"@id":"https:\/\/alpenlandmagazin.at\/hochnachhaltig\/heizen-mit-klimaanlage-heizstrahler-und-photovoltaik-jetzt-will-ich-es-wissen\/"},"author":{"name":"ckrieh","@id":"https:\/\/alpenlandmagazin.at\/hochnachhaltig\/#\/schema\/person\/7f5ce1e0f5b51b3dc237c27155c063b6"},"headline":"Heizen mit Klimaanlage, Heizstrahler und Photovoltaik. Jetzt will ich es wissen!","datePublished":"2024-09-17T15:49:15+00:00","dateModified":"2026-07-16T14:30:49+00:00","mainEntityOfPage":{"@id":"https:\/\/alpenlandmagazin.at\/hochnachhaltig\/heizen-mit-klimaanlage-heizstrahler-und-photovoltaik-jetzt-will-ich-es-wissen\/"},"wordCount":479,"commentCount":0,"publisher":{"@id":"https:\/\/alpenlandmagazin.at\/hochnachhaltig\/#\/schema\/person\/cde7b4195499a8410a9ab4304ba1a6fe"},"image":{"@id":"https:\/\/alpenlandmagazin.at\/hochnachhaltig\/heizen-mit-klimaanlage-heizstrahler-und-photovoltaik-jetzt-will-ich-es-wissen\/#primaryimage"},"thumbnailUrl":"https:\/\/alpenlandmagazin.at\/hochnachhaltig\/wp-content\/uploads\/2024\/09\/IMfSuWR3w_p-w-e1784212236969.png","inLanguage":"de","potentialAction":[{"@type":"CommentAction","name":"Comment","target":["https:\/\/alpenlandmagazin.at\/hochnachhaltig\/heizen-mit-klimaanlage-heizstrahler-und-photovoltaik-jetzt-will-ich-es-wissen\/#respond"]}]},{"@type":"WebPage","@id":"https:\/\/alpenlandmagazin.at\/hochnachhaltig\/heizen-mit-klimaanlage-heizstrahler-und-photovoltaik-jetzt-will-ich-es-wissen\/","url":"https:\/\/alpenlandmagazin.at\/hochnachhaltig\/heizen-mit-klimaanlage-heizstrahler-und-photovoltaik-jetzt-will-ich-es-wissen\/","name":"Heizen mit Klimaanlage, Heizstrahler und Photovoltaik. Jetzt will ich es wissen! - hoch.nachhaltig - Berge. Umwelt. Selbstwirksamkeit.","isPartOf":{"@id":"https:\/\/alpenlandmagazin.at\/hochnachhaltig\/#website"},"primaryImageOfPage":{"@id":"https:\/\/alpenlandmagazin.at\/hochnachhaltig\/heizen-mit-klimaanlage-heizstrahler-und-photovoltaik-jetzt-will-ich-es-wissen\/#primaryimage"},"image":{"@id":"https:\/\/alpenlandmagazin.at\/hochnachhaltig\/heizen-mit-klimaanlage-heizstrahler-und-photovoltaik-jetzt-will-ich-es-wissen\/#primaryimage"},"thumbnailUrl":"https:\/\/alpenlandmagazin.at\/hochnachhaltig\/wp-content\/uploads\/2024\/09\/IMfSuWR3w_p-w-e1784212236969.png","datePublished":"2024-09-17T15:49:15+00:00","dateModified":"2026-07-16T14:30:49+00:00","description":"Heizen mit Klimaanlage, Heizstrahler und Photovoltaik. Jetzt will ich es wissen und 100 % der Wohnfl\u00e4che elektrisch beheizen.","breadcrumb":{"@id":"https:\/\/alpenlandmagazin.at\/hochnachhaltig\/heizen-mit-klimaanlage-heizstrahler-und-photovoltaik-jetzt-will-ich-es-wissen\/#breadcrumb"},"inLanguage":"de","potentialAction":[{"@type":"ReadAction","target":["https:\/\/alpenlandmagazin.at\/hochnachhaltig\/heizen-mit-klimaanlage-heizstrahler-und-photovoltaik-jetzt-will-ich-es-wissen\/"]}]},{"@type":"ImageObject","inLanguage":"de","@id":"https:\/\/alpenlandmagazin.at\/hochnachhaltig\/heizen-mit-klimaanlage-heizstrahler-und-photovoltaik-jetzt-will-ich-es-wissen\/#primaryimage","url":"https:\/\/alpenlandmagazin.at\/hochnachhaltig\/wp-content\/uploads\/2024\/09\/IMfSuWR3w_p-w-e1784212236969.png","contentUrl":"https:\/\/alpenlandmagazin.at\/hochnachhaltig\/wp-content\/uploads\/2024\/09\/IMfSuWR3w_p-w-e1784212236969.png","width":1200,"height":768},{"@type":"BreadcrumbList","@id":"https:\/\/alpenlandmagazin.at\/hochnachhaltig\/heizen-mit-klimaanlage-heizstrahler-und-photovoltaik-jetzt-will-ich-es-wissen\/#breadcrumb","itemListElement":[{"@type":"ListItem","position":1,"name":"Startseite","item":"https:\/\/alpenlandmagazin.at\/hochnachhaltig\/"},{"@type":"ListItem","position":2,"name":"Heizen mit Klimaanlage, Heizstrahler und Photovoltaik. Jetzt will ich es wissen!"}]},{"@type":"WebSite","@id":"https:\/\/alpenlandmagazin.at\/hochnachhaltig\/#website","url":"https:\/\/alpenlandmagazin.at\/hochnachhaltig\/","name":"hoch.nachhaltig - Berge. Umwelt. Selbstwirksamkeit.","description":"Wie man die Welt rettet und dabei Geld spart.","publisher":{"@id":"https:\/\/alpenlandmagazin.at\/hochnachhaltig\/#\/schema\/person\/cde7b4195499a8410a9ab4304ba1a6fe"},"alternateName":"hoch.nachhaltig","potentialAction":[{"@type":"SearchAction","target":{"@type":"EntryPoint","urlTemplate":"https:\/\/alpenlandmagazin.at\/hochnachhaltig\/?s={search_term_string}"},"query-input":{"@type":"PropertyValueSpecification","valueRequired":true,"valueName":"search_term_string"}}],"inLanguage":"de"},{"@type":["Person","Organization"],"@id":"https:\/\/alpenlandmagazin.at\/hochnachhaltig\/#\/schema\/person\/cde7b4195499a8410a9ab4304ba1a6fe","name":"Christian Schreiter","image":{"@type":"ImageObject","inLanguage":"de","@id":"https:\/\/alpenlandmagazin.at\/hochnachhaltig\/wp-content\/uploads\/2023\/12\/logo11_4_172949.png","url":"https:\/\/alpenlandmagazin.at\/hochnachhaltig\/wp-content\/uploads\/2023\/12\/logo11_4_172949.png","contentUrl":"https:\/\/alpenlandmagazin.at\/hochnachhaltig\/wp-content\/uploads\/2023\/12\/logo11_4_172949.png","width":2000,"height":2000,"caption":"Christian Schreiter"},"logo":{"@id":"https:\/\/alpenlandmagazin.at\/hochnachhaltig\/wp-content\/uploads\/2023\/12\/logo11_4_172949.png"}},{"@type":"Person","@id":"https:\/\/alpenlandmagazin.at\/hochnachhaltig\/#\/schema\/person\/7f5ce1e0f5b51b3dc237c27155c063b6","name":"ckrieh","image":{"@type":"ImageObject","inLanguage":"de","@id":"https:\/\/secure.gravatar.com\/avatar\/1a61d60ff2b88bcf2b98ce01b7ba9fe7685606d7822c85153b9262eac30a2c74?s=96&d=mm&r=g","url":"https:\/\/secure.gravatar.com\/avatar\/1a61d60ff2b88bcf2b98ce01b7ba9fe7685606d7822c85153b9262eac30a2c74?s=96&d=mm&r=g","contentUrl":"https:\/\/secure.gravatar.com\/avatar\/1a61d60ff2b88bcf2b98ce01b7ba9fe7685606d7822c85153b9262eac30a2c74?s=96&d=mm&r=g","caption":"ckrieh"},"sameAs":["https:\/\/alpenlandmagazin.at\/hochnachhaltig"],"url":"https:\/\/alpenlandmagazin.at\/hochnachhaltig\/author\/ckrieh\/"}]}},"_links":{"self":[{"href":"https:\/\/alpenlandmagazin.at\/hochnachhaltig\/wp-json\/wp\/v2\/posts\/292","targetHints":{"allow":["GET"]}}],"collection":[{"href":"https:\/\/alpenlandmagazin.at\/hochnachhaltig\/wp-json\/wp\/v2\/posts"}],"about":[{"href":"https:\/\/alpenlandmagazin.at\/hochnachhaltig\/wp-json\/wp\/v2\/types\/post"}],"author":[{"embeddable":true,"href":"https:\/\/alpenlandmagazin.at\/hochnachhaltig\/wp-json\/wp\/v2\/users\/1"}],"replies":[{"embeddable":true,"href":"https:\/\/alpenlandmagazin.at\/hochnachhaltig\/wp-json\/wp\/v2\/comments?post=292"}],"version-history":[{"count":1,"href":"https:\/\/alpenlandmagazin.at\/hochnachhaltig\/wp-json\/wp\/v2\/posts\/292\/revisions"}],"predecessor-version":[{"id":294,"href":"https:\/\/alpenlandmagazin.at\/hochnachhaltig\/wp-json\/wp\/v2\/posts\/292\/revisions\/294"}],"wp:featuredmedia":[{"embeddable":true,"href":"https:\/\/alpenlandmagazin.at\/hochnachhaltig\/wp-json\/wp\/v2\/media\/426"}],"wp:attachment":[{"href":"https:\/\/alpenlandmagazin.at\/hochnachhaltig\/wp-json\/wp\/v2\/media?parent=292"}],"wp:term":[{"taxonomy":"category","embeddable":true,"href":"https:\/\/alpenlandmagazin.at\/hochnachhaltig\/wp-json\/wp\/v2\/categories?post=292"},{"taxonomy":"post_tag","embeddable":true,"href":"https:\/\/alpenlandmagazin.at\/hochnachhaltig\/wp-json\/wp\/v2\/tags?post=292"}],"curies":[{"name":"wp","href":"https:\/\/api.w.org\/{rel}","templated":true}]}}