{"id":305,"date":"2025-01-05T19:52:07","date_gmt":"2025-01-05T18:52:07","guid":{"rendered":"https:\/\/alpenlandmagazin.at\/hochnachhaltig\/?p=305"},"modified":"2026-06-30T17:07:16","modified_gmt":"2026-06-30T15:07:16","slug":"heizen-mit-klimaanlage-heizstrahler-und-photovoltaik-zwischenfazit","status":"publish","type":"post","link":"https:\/\/alpenlandmagazin.at\/hochnachhaltig\/heizen-mit-klimaanlage-heizstrahler-und-photovoltaik-zwischenfazit\/","title":{"rendered":"Heizen mit Klimaanlage, Heizstrahler und Photovoltaik &#8211; das Zwischenfazit"},"content":{"rendered":"\n<p class=\"wp-block-paragraph\">&#8222;Heizen mit Klimaanlage, Heizstrahler und Photovoltaik &#8211; das Zwischenfazit&#8220; &#8211; <strong>Ein Erfahrungsbericht aus der Praxis \u2013 nachhaltig, effizient und \u00fcberraschend komfortabel<\/strong>.<\/p>\n\n\n<div class=\"epyt-video-wrapper\"><div  id=\"_ytid_87465\"  width=\"1200\" height=\"675\"  data-origwidth=\"1200\" data-origheight=\"675\" data-facadesrc=\"https:\/\/www.youtube.com\/embed\/_3wJhByKHoc?enablejsapi=1&#038;origin=https:\/\/alpenlandmagazin.at&#038;autoplay=0&#038;cc_load_policy=0&#038;cc_lang_pref=de&#038;iv_load_policy=1&#038;loop=0&#038;rel=0&#038;fs=1&#038;playsinline=1&#038;autohide=2&#038;theme=dark&#038;color=red&#038;controls=1&#038;disablekb=0&#038;\" class=\"__youtube_prefs__ epyt-facade no-lazyload\" data-epautoplay=\"1\" ><img decoding=\"async\" data-spai-excluded=\"true\" class=\"epyt-facade-poster skip-lazy\" loading=\"lazy\"  alt=\"YouTube player\"  src=\"https:\/\/i.ytimg.com\/vi\/_3wJhByKHoc\/maxresdefault.jpg\"  \/><button class=\"epyt-facade-play\" aria-label=\"Play\"><svg data-no-lazy=\"1\" height=\"100%\" version=\"1.1\" viewBox=\"0 0 68 48\" width=\"100%\"><path class=\"ytp-large-play-button-bg\" d=\"M66.52,7.74c-0.78-2.93-2.49-5.41-5.42-6.19C55.79,.13,34,0,34,0S12.21,.13,6.9,1.55 C3.97,2.33,2.27,4.81,1.48,7.74C0.06,13.05,0,24,0,24s0.06,10.95,1.48,16.26c0.78,2.93,2.49,5.41,5.42,6.19 C12.21,47.87,34,48,34,48s21.79-0.13,27.1-1.55c2.93-0.78,4.64-3.26,5.42-6.19C67.94,34.95,68,24,68,24S67.94,13.05,66.52,7.74z\" fill=\"#f00\"><\/path><path d=\"M 45,24 27,14 27,34\" fill=\"#fff\"><\/path><\/svg><\/button><\/div><\/div>\n\n\n<hr class=\"wp-block-separator has-alpha-channel-opacity\"\/>\n\n\n\n<h2 class=\"wp-block-heading\">\ud83d\udd04 Der Umstieg: Tsch\u00fcss Gasheizung!<\/h2>\n\n\n\n<p class=\"wp-block-paragraph\">Im Oktober letzten Jahres habe ich ein <a href=\"https:\/\/alpenlandmagazin.at\/hochnachhaltig\/heizen-mit-klimaanlage-heizstrahler-und-photovoltaik-jetzt-will-ich-es-wissen\/\">Experiment<\/a> gestartet, das mich den gesamten Winter begleiten sollte: <strong>kompletter Verzicht auf Gas zum Heizen<\/strong> meiner rund 120\u202fm\u00b2 gro\u00dfen Wohnung. Stattdessen habe ich auf eine Kombination aus <strong>Luft-Luft-W\u00e4rmepumpe (Klimaanlage)<\/strong> und <strong>elektrischen Heizstrahlern<\/strong> gesetzt.<\/p>\n\n\n\n<p class=\"wp-block-paragraph\">Der Hintergrund: Gas wurde einfach zu teuer. Zwar nutze ich meine moderne Brennwerttherme weiterhin f\u00fcr die <strong>Warmwasserbereitung<\/strong>, aber f\u00fcrs Heizen sollte sie diesen Winter kalt bleiben.<\/p>\n\n\n\n<hr class=\"wp-block-separator has-alpha-channel-opacity\"\/>\n\n\n\n<h2 class=\"wp-block-heading\">\ud83c\udfe0 Wohnsituation &amp; Heizstrategie<\/h2>\n\n\n\n<p class=\"wp-block-paragraph\">Die Wohnfl\u00e4che verteilt sich auf zwei Etagen mit einem offenen Grundriss. Geheizt wurde folgenderma\u00dfen:<\/p>\n\n\n\n<ul class=\"wp-block-list\">\n<li><strong>75\u202f% der Fl\u00e4che<\/strong>: effizient per <strong>Klimaanlage (Luft-Luft-W\u00e4rmepumpe)<\/strong><\/li>\n\n\n\n<li><strong>Vorzimmer<\/strong>: mit <strong>Heizstrahler<\/strong> (830\u202fW), urspr\u00fcnglich nur per <strong>PV-\u00dcberschussstrom<\/strong><\/li>\n\n\n\n<li><strong>Badezimmer<\/strong>: zus\u00e4tzlicher <strong>Heizstrahler<\/strong>, bei Bedarf manuell eingeschaltet<\/li>\n\n\n\n<li><strong>Kleines Zimmer<\/strong>: ebenfalls ein Heizstrahler, <strong>automatisch gesteuert bei PV-\u00dcberschuss<\/strong><\/li>\n<\/ul>\n\n\n\n<p class=\"wp-block-paragraph\">Die Idee war, <strong>T\u00fcren offen zu lassen<\/strong>, um W\u00e4rmefl\u00fcsse effizient zu nutzen \u2013 etwa vom klimatisierten Wohnzimmer ins Badezimmer oder WC.<\/p>\n\n\n\n<hr class=\"wp-block-separator has-alpha-channel-opacity\"\/>\n\n\n\n<h2 class=\"wp-block-heading\">\ud83d\udd01 Praxisanpassungen: Was sich bew\u00e4hrt hat \u2013 und was nicht<\/h2>\n\n\n\n<h3 class=\"wp-block-heading\">Vorzimmer:<\/h3>\n\n\n\n<ul class=\"wp-block-list\">\n<li>Urspr\u00fcnglich nur per PV-\u00dcberschuss beheizt.<\/li>\n\n\n\n<li>In der Realit\u00e4t nicht ausreichend, da im Winter <strong>Nebeltage<\/strong> die PV-Leistung dr\u00fcckten.<\/li>\n\n\n\n<li>L\u00f6sung: Automatische Steuerung des Heizstrahlers bei Strompreisen unter <strong>23\u202fct\/kWh<\/strong> \u2013 funktioniert!<\/li>\n<\/ul>\n\n\n\n<h3 class=\"wp-block-heading\">Badezimmer:<\/h3>\n\n\n\n<ul class=\"wp-block-list\">\n<li>Offene T\u00fcr reichte meist, aber: <strong>an kalten Morgenstunden<\/strong> ist ein zus\u00e4tzlicher Strahler Gold wert.<\/li>\n\n\n\n<li>Manuell geschaltet, verbraucht er wenig, bringt aber hohen Komfort.<\/li>\n<\/ul>\n\n\n\n<h3 class=\"wp-block-heading\">Kleines Zimmer:<\/h3>\n\n\n\n<ul class=\"wp-block-list\">\n<li>Auch hier reichte die offene T\u00fcr nicht immer.<\/li>\n\n\n\n<li>Strahler wurde nachger\u00fcstet, l\u00e4uft <strong>automatisch bei PV-\u00dcberschuss<\/strong> \u2013 sehr effizient!<\/li>\n<\/ul>\n\n\n\n<p class=\"wp-block-paragraph\">\u27a1\ufe0f Fazit: Aus einem Heizstrahler wurden <strong>drei<\/strong>, aber sie sind gezielt und intelligent eingesetzt.<\/p>\n\n\n\n<hr class=\"wp-block-separator has-alpha-channel-opacity\"\/>\n\n\n\n<h2 class=\"wp-block-heading\">\ud83d\udcca Stromverbrauch &amp; Kostenvergleich<\/h2>\n\n\n\n<figure class=\"wp-block-table\"><table class=\"has-fixed-layout\"><thead><tr><th>Monat<\/th><th>Mehrverbrauch Strom<\/th><th>\u00d8 Strompreis (exkl. Netz)<\/th><th>Mehrkosten (brutto, inkl. Netz)<\/th><\/tr><\/thead><tbody><tr><td>Oktober<\/td><td>49\u202fkWh<\/td><td>9,18\u202fct\/kWh<\/td><td>~15\u202f\u20ac<\/td><\/tr><tr><td>November<\/td><td>113\u202fkWh<\/td><td>14,16\u202fct\/kWh<\/td><td>~35\u202f\u20ac<\/td><\/tr><tr><td>Dezember<\/td><td>403\u202fkWh<\/td><td>~13\u202fct\/kWh<\/td><td>~100\u202f\u20ac<\/td><\/tr><tr><td><strong>\u00d8 pro Monat<\/strong><\/td><td>\u2013<\/td><td>\u2013<\/td><td><strong>~50\u202f\u20ac<\/strong><\/td><\/tr><\/tbody><\/table><\/figure>\n\n\n\n<p class=\"wp-block-paragraph\">\ud83d\udc49 <strong>Fr\u00fchere Gasrechnung: ~140\u202f\u20ac monatlich<\/strong><br>\ud83d\udd01 <strong>Ersparnis: ca. 90\u202f\u20ac pro Monat<\/strong>, also <strong>zwei Drittel weniger Heizkosten<\/strong> \u2013 bei gleichbleibendem Komfort.<\/p>\n\n\n\n<hr class=\"wp-block-separator has-alpha-channel-opacity\"\/>\n\n\n\n<h2 class=\"wp-block-heading\">\ud83c\udf31 Nachhaltigkeits-Fazit<\/h2>\n\n\n\n<p class=\"wp-block-paragraph\">Mein Umstieg von Gas auf elektrische Direktheizung plus W\u00e4rmepumpe war nicht nur wirtschaftlich sinnvoll, sondern auch ein <strong>echter Beitrag zur Energiewende<\/strong>:<\/p>\n\n\n\n<ul class=\"wp-block-list\">\n<li><strong>Kosteneffizient<\/strong> durch PV-\u00dcberschussnutzung und g\u00fcnstige Stromb\u00f6rsenpreise<\/li>\n\n\n\n<li><strong>Flexibel und komfortabel<\/strong> mit smarter Steuerung der Heizger\u00e4te<\/li>\n\n\n\n<li><strong>Nachhaltiger<\/strong> durch Verzicht auf fossiles Gas<\/li>\n<\/ul>\n\n\n\n<hr class=\"wp-block-separator has-alpha-channel-opacity\"\/>\n\n\n\n<h2 class=\"wp-block-heading\">\ud83e\udded Ausblick<\/h2>\n\n\n\n<p class=\"wp-block-paragraph\">Der Winter ist noch nicht vorbei \u2013 der Januar startete mit Temperaturen von bis zu <strong>\u20137\u202f\u00b0C<\/strong>. Im M\u00e4rz folgt mein endg\u00fcltiges Fazit. Aber bereits jetzt kann ich sagen: <strong>Heizen ohne Gas funktioniert!<\/strong><\/p>\n\n\n\n<p class=\"wp-block-paragraph\">Wenn du Fragen hast oder \u00fcber \u00e4hnliche Erfahrungen berichten m\u00f6chtest: <strong>Schreib es in die Kommentare<\/strong> \u2013 ich freue mich auf den Austausch.<\/p>\n\n\n\n<p class=\"wp-block-paragraph\">\ud83d\udcfa Schau auch gerne die begleitenden Videos auf meinem YouTube-Kanal<strong> <a href=\"https:\/\/www.youtube.com\/@hoch.nachhaltig\">hoch.nachhaltig<\/a><\/strong><\/p>\n\n\n\n<p class=\"wp-block-paragraph\"><\/p>\n","protected":false},"excerpt":{"rendered":"<p>&#8222;Heizen mit Klimaanlage, Heizstrahler und Photovoltaik &#8211; das Zwischenfazit&#8220; &#8211; Ein Erfahrungsbericht aus der Praxis \u2013 nachhaltig, effizient und \u00fcberraschend komfortabel.<\/p>\n","protected":false},"author":1,"featured_media":409,"comment_status":"open","ping_status":"open","sticky":false,"template":"","format":"standard","meta":{"neve_meta_sidebar":"","neve_meta_container":"","neve_meta_enable_content_width":"","neve_meta_content_width":0,"neve_meta_title_alignment":"","neve_meta_author_avatar":"","neve_post_elements_order":"","neve_meta_disable_header":"","neve_meta_disable_footer":"","neve_meta_disable_title":"","footnotes":""},"categories":[1],"tags":[],"class_list":["post-305","post","type-post","status-publish","format-standard","has-post-thumbnail","hentry","category-allgemein"],"yoast_head":"<!-- This site is optimized with the Yoast SEO plugin v28.2 - https:\/\/yoast.com\/product\/yoast-seo-wordpress\/ -->\n<title>Heizen mit Klimaanlage, Heizstrahler und Photovoltaik - das Zwischenfazit - hoch.nachhaltig - Berge. Umwelt. Selbstwirksamkeit.<\/title>\n<meta name=\"description\" content=\"&quot;Heizen mit Klimaanlage, Heizstrahler und Photovoltaik - das Zwischenfazit&quot; - Ein Erfahrungsbericht aus der Praxis.\" \/>\n<meta name=\"robots\" content=\"index, follow, max-snippet:-1, max-image-preview:large, max-video-preview:-1\" \/>\n<link rel=\"canonical\" href=\"https:\/\/alpenlandmagazin.at\/hochnachhaltig\/heizen-mit-klimaanlage-heizstrahler-und-photovoltaik-zwischenfazit\/\" \/>\n<meta property=\"og:locale\" content=\"de_DE\" \/>\n<meta property=\"og:type\" content=\"article\" \/>\n<meta property=\"og:title\" content=\"Heizen mit Klimaanlage, Heizstrahler und Photovoltaik - das Zwischenfazit - hoch.nachhaltig - Berge. Umwelt. Selbstwirksamkeit.\" \/>\n<meta property=\"og:description\" content=\"&quot;Heizen mit Klimaanlage, Heizstrahler und Photovoltaik - das Zwischenfazit&quot; - Ein Erfahrungsbericht aus der Praxis.\" \/>\n<meta property=\"og:url\" content=\"https:\/\/alpenlandmagazin.at\/hochnachhaltig\/heizen-mit-klimaanlage-heizstrahler-und-photovoltaik-zwischenfazit\/\" \/>\n<meta property=\"og:site_name\" content=\"hoch.nachhaltig - Berge. Umwelt. Selbstwirksamkeit.\" \/>\n<meta property=\"article:published_time\" content=\"2025-01-05T18:52:07+00:00\" \/>\n<meta property=\"article:modified_time\" content=\"2026-06-30T15:07:16+00:00\" \/>\n<meta property=\"og:image\" content=\"https:\/\/alpenlandmagazin.at\/hochnachhaltig\/wp-content\/uploads\/2025\/01\/IMDVmw8_sEXXM-e1782832025488-1024x665.png\" \/>\n\t<meta property=\"og:image:width\" content=\"1024\" \/>\n\t<meta property=\"og:image:height\" content=\"665\" \/>\n\t<meta property=\"og:image:type\" content=\"image\/png\" \/>\n<meta name=\"author\" content=\"ckrieh\" \/>\n<meta name=\"twitter:card\" content=\"summary_large_image\" \/>\n<meta name=\"twitter:label1\" content=\"Verfasst von\" \/>\n\t<meta name=\"twitter:data1\" content=\"ckrieh\" \/>\n\t<meta name=\"twitter:label2\" content=\"Gesch\u00e4tzte Lesezeit\" \/>\n\t<meta name=\"twitter:data2\" content=\"3\u00a0Minuten\" \/>\n<script type=\"application\/ld+json\" class=\"yoast-schema-graph\">{\"@context\":\"https:\\\/\\\/schema.org\",\"@graph\":[{\"@type\":\"Article\",\"@id\":\"https:\\\/\\\/alpenlandmagazin.at\\\/hochnachhaltig\\\/heizen-mit-klimaanlage-heizstrahler-und-photovoltaik-zwischenfazit\\\/#article\",\"isPartOf\":{\"@id\":\"https:\\\/\\\/alpenlandmagazin.at\\\/hochnachhaltig\\\/heizen-mit-klimaanlage-heizstrahler-und-photovoltaik-zwischenfazit\\\/\"},\"author\":{\"name\":\"ckrieh\",\"@id\":\"https:\\\/\\\/alpenlandmagazin.at\\\/hochnachhaltig\\\/#\\\/schema\\\/person\\\/7f5ce1e0f5b51b3dc237c27155c063b6\"},\"headline\":\"Heizen mit Klimaanlage, Heizstrahler und Photovoltaik &#8211; das Zwischenfazit\",\"datePublished\":\"2025-01-05T18:52:07+00:00\",\"dateModified\":\"2026-06-30T15:07:16+00:00\",\"mainEntityOfPage\":{\"@id\":\"https:\\\/\\\/alpenlandmagazin.at\\\/hochnachhaltig\\\/heizen-mit-klimaanlage-heizstrahler-und-photovoltaik-zwischenfazit\\\/\"},\"wordCount\":453,\"commentCount\":0,\"publisher\":{\"@id\":\"https:\\\/\\\/alpenlandmagazin.at\\\/hochnachhaltig\\\/#\\\/schema\\\/person\\\/cde7b4195499a8410a9ab4304ba1a6fe\"},\"image\":{\"@id\":\"https:\\\/\\\/alpenlandmagazin.at\\\/hochnachhaltig\\\/heizen-mit-klimaanlage-heizstrahler-und-photovoltaik-zwischenfazit\\\/#primaryimage\"},\"thumbnailUrl\":\"https:\\\/\\\/alpenlandmagazin.at\\\/hochnachhaltig\\\/wp-content\\\/uploads\\\/2025\\\/01\\\/IMDVmw8_sEXXM-e1782832025488.png\",\"inLanguage\":\"de\",\"potentialAction\":[{\"@type\":\"CommentAction\",\"name\":\"Comment\",\"target\":[\"https:\\\/\\\/alpenlandmagazin.at\\\/hochnachhaltig\\\/heizen-mit-klimaanlage-heizstrahler-und-photovoltaik-zwischenfazit\\\/#respond\"]}]},{\"@type\":\"WebPage\",\"@id\":\"https:\\\/\\\/alpenlandmagazin.at\\\/hochnachhaltig\\\/heizen-mit-klimaanlage-heizstrahler-und-photovoltaik-zwischenfazit\\\/\",\"url\":\"https:\\\/\\\/alpenlandmagazin.at\\\/hochnachhaltig\\\/heizen-mit-klimaanlage-heizstrahler-und-photovoltaik-zwischenfazit\\\/\",\"name\":\"Heizen mit Klimaanlage, Heizstrahler und Photovoltaik - das Zwischenfazit - hoch.nachhaltig - Berge. Umwelt. Selbstwirksamkeit.\",\"isPartOf\":{\"@id\":\"https:\\\/\\\/alpenlandmagazin.at\\\/hochnachhaltig\\\/#website\"},\"primaryImageOfPage\":{\"@id\":\"https:\\\/\\\/alpenlandmagazin.at\\\/hochnachhaltig\\\/heizen-mit-klimaanlage-heizstrahler-und-photovoltaik-zwischenfazit\\\/#primaryimage\"},\"image\":{\"@id\":\"https:\\\/\\\/alpenlandmagazin.at\\\/hochnachhaltig\\\/heizen-mit-klimaanlage-heizstrahler-und-photovoltaik-zwischenfazit\\\/#primaryimage\"},\"thumbnailUrl\":\"https:\\\/\\\/alpenlandmagazin.at\\\/hochnachhaltig\\\/wp-content\\\/uploads\\\/2025\\\/01\\\/IMDVmw8_sEXXM-e1782832025488.png\",\"datePublished\":\"2025-01-05T18:52:07+00:00\",\"dateModified\":\"2026-06-30T15:07:16+00:00\",\"description\":\"\\\"Heizen mit Klimaanlage, Heizstrahler und Photovoltaik - das Zwischenfazit\\\" - Ein Erfahrungsbericht aus der Praxis.\",\"breadcrumb\":{\"@id\":\"https:\\\/\\\/alpenlandmagazin.at\\\/hochnachhaltig\\\/heizen-mit-klimaanlage-heizstrahler-und-photovoltaik-zwischenfazit\\\/#breadcrumb\"},\"inLanguage\":\"de\",\"potentialAction\":[{\"@type\":\"ReadAction\",\"target\":[\"https:\\\/\\\/alpenlandmagazin.at\\\/hochnachhaltig\\\/heizen-mit-klimaanlage-heizstrahler-und-photovoltaik-zwischenfazit\\\/\"]}]},{\"@type\":\"ImageObject\",\"inLanguage\":\"de\",\"@id\":\"https:\\\/\\\/alpenlandmagazin.at\\\/hochnachhaltig\\\/heizen-mit-klimaanlage-heizstrahler-und-photovoltaik-zwischenfazit\\\/#primaryimage\",\"url\":\"https:\\\/\\\/alpenlandmagazin.at\\\/hochnachhaltig\\\/wp-content\\\/uploads\\\/2025\\\/01\\\/IMDVmw8_sEXXM-e1782832025488.png\",\"contentUrl\":\"https:\\\/\\\/alpenlandmagazin.at\\\/hochnachhaltig\\\/wp-content\\\/uploads\\\/2025\\\/01\\\/IMDVmw8_sEXXM-e1782832025488.png\",\"width\":1183,\"height\":768},{\"@type\":\"BreadcrumbList\",\"@id\":\"https:\\\/\\\/alpenlandmagazin.at\\\/hochnachhaltig\\\/heizen-mit-klimaanlage-heizstrahler-und-photovoltaik-zwischenfazit\\\/#breadcrumb\",\"itemListElement\":[{\"@type\":\"ListItem\",\"position\":1,\"name\":\"Startseite\",\"item\":\"https:\\\/\\\/alpenlandmagazin.at\\\/hochnachhaltig\\\/\"},{\"@type\":\"ListItem\",\"position\":2,\"name\":\"Heizen mit Klimaanlage, Heizstrahler und Photovoltaik &#8211; das Zwischenfazit\"}]},{\"@type\":\"WebSite\",\"@id\":\"https:\\\/\\\/alpenlandmagazin.at\\\/hochnachhaltig\\\/#website\",\"url\":\"https:\\\/\\\/alpenlandmagazin.at\\\/hochnachhaltig\\\/\",\"name\":\"hoch.nachhaltig - Berge. Umwelt. Selbstwirksamkeit.\",\"description\":\"Wie man die Welt rettet und dabei Geld spart.\",\"publisher\":{\"@id\":\"https:\\\/\\\/alpenlandmagazin.at\\\/hochnachhaltig\\\/#\\\/schema\\\/person\\\/cde7b4195499a8410a9ab4304ba1a6fe\"},\"alternateName\":\"hoch.nachhaltig\",\"potentialAction\":[{\"@type\":\"SearchAction\",\"target\":{\"@type\":\"EntryPoint\",\"urlTemplate\":\"https:\\\/\\\/alpenlandmagazin.at\\\/hochnachhaltig\\\/?s={search_term_string}\"},\"query-input\":{\"@type\":\"PropertyValueSpecification\",\"valueRequired\":true,\"valueName\":\"search_term_string\"}}],\"inLanguage\":\"de\"},{\"@type\":[\"Person\",\"Organization\"],\"@id\":\"https:\\\/\\\/alpenlandmagazin.at\\\/hochnachhaltig\\\/#\\\/schema\\\/person\\\/cde7b4195499a8410a9ab4304ba1a6fe\",\"name\":\"Christian Schreiter\",\"image\":{\"@type\":\"ImageObject\",\"inLanguage\":\"de\",\"@id\":\"https:\\\/\\\/alpenlandmagazin.at\\\/hochnachhaltig\\\/wp-content\\\/uploads\\\/2023\\\/12\\\/logo11_4_172949.png\",\"url\":\"https:\\\/\\\/alpenlandmagazin.at\\\/hochnachhaltig\\\/wp-content\\\/uploads\\\/2023\\\/12\\\/logo11_4_172949.png\",\"contentUrl\":\"https:\\\/\\\/alpenlandmagazin.at\\\/hochnachhaltig\\\/wp-content\\\/uploads\\\/2023\\\/12\\\/logo11_4_172949.png\",\"width\":2000,\"height\":2000,\"caption\":\"Christian Schreiter\"},\"logo\":{\"@id\":\"https:\\\/\\\/alpenlandmagazin.at\\\/hochnachhaltig\\\/wp-content\\\/uploads\\\/2023\\\/12\\\/logo11_4_172949.png\"}},{\"@type\":\"Person\",\"@id\":\"https:\\\/\\\/alpenlandmagazin.at\\\/hochnachhaltig\\\/#\\\/schema\\\/person\\\/7f5ce1e0f5b51b3dc237c27155c063b6\",\"name\":\"ckrieh\",\"image\":{\"@type\":\"ImageObject\",\"inLanguage\":\"de\",\"@id\":\"https:\\\/\\\/secure.gravatar.com\\\/avatar\\\/1a61d60ff2b88bcf2b98ce01b7ba9fe7685606d7822c85153b9262eac30a2c74?s=96&d=mm&r=g\",\"url\":\"https:\\\/\\\/secure.gravatar.com\\\/avatar\\\/1a61d60ff2b88bcf2b98ce01b7ba9fe7685606d7822c85153b9262eac30a2c74?s=96&d=mm&r=g\",\"contentUrl\":\"https:\\\/\\\/secure.gravatar.com\\\/avatar\\\/1a61d60ff2b88bcf2b98ce01b7ba9fe7685606d7822c85153b9262eac30a2c74?s=96&d=mm&r=g\",\"caption\":\"ckrieh\"},\"sameAs\":[\"https:\\\/\\\/alpenlandmagazin.at\\\/hochnachhaltig\"],\"url\":\"https:\\\/\\\/alpenlandmagazin.at\\\/hochnachhaltig\\\/author\\\/ckrieh\\\/\"}]}<\/script>\n<!-- \/ Yoast SEO plugin. -->","yoast_head_json":{"title":"Heizen mit Klimaanlage, Heizstrahler und Photovoltaik - das Zwischenfazit - hoch.nachhaltig - Berge. Umwelt. Selbstwirksamkeit.","description":"\"Heizen mit Klimaanlage, Heizstrahler und Photovoltaik - das Zwischenfazit\" - Ein Erfahrungsbericht aus der Praxis.","robots":{"index":"index","follow":"follow","max-snippet":"max-snippet:-1","max-image-preview":"max-image-preview:large","max-video-preview":"max-video-preview:-1"},"canonical":"https:\/\/alpenlandmagazin.at\/hochnachhaltig\/heizen-mit-klimaanlage-heizstrahler-und-photovoltaik-zwischenfazit\/","og_locale":"de_DE","og_type":"article","og_title":"Heizen mit Klimaanlage, Heizstrahler und Photovoltaik - das Zwischenfazit - hoch.nachhaltig - Berge. Umwelt. Selbstwirksamkeit.","og_description":"\"Heizen mit Klimaanlage, Heizstrahler und Photovoltaik - das Zwischenfazit\" - Ein Erfahrungsbericht aus der Praxis.","og_url":"https:\/\/alpenlandmagazin.at\/hochnachhaltig\/heizen-mit-klimaanlage-heizstrahler-und-photovoltaik-zwischenfazit\/","og_site_name":"hoch.nachhaltig - Berge. Umwelt. Selbstwirksamkeit.","article_published_time":"2025-01-05T18:52:07+00:00","article_modified_time":"2026-06-30T15:07:16+00:00","og_image":[{"width":1024,"height":665,"url":"https:\/\/alpenlandmagazin.at\/hochnachhaltig\/wp-content\/uploads\/2025\/01\/IMDVmw8_sEXXM-e1782832025488-1024x665.png","type":"image\/png"}],"author":"ckrieh","twitter_card":"summary_large_image","twitter_misc":{"Verfasst von":"ckrieh","Gesch\u00e4tzte Lesezeit":"3\u00a0Minuten"},"schema":{"@context":"https:\/\/schema.org","@graph":[{"@type":"Article","@id":"https:\/\/alpenlandmagazin.at\/hochnachhaltig\/heizen-mit-klimaanlage-heizstrahler-und-photovoltaik-zwischenfazit\/#article","isPartOf":{"@id":"https:\/\/alpenlandmagazin.at\/hochnachhaltig\/heizen-mit-klimaanlage-heizstrahler-und-photovoltaik-zwischenfazit\/"},"author":{"name":"ckrieh","@id":"https:\/\/alpenlandmagazin.at\/hochnachhaltig\/#\/schema\/person\/7f5ce1e0f5b51b3dc237c27155c063b6"},"headline":"Heizen mit Klimaanlage, Heizstrahler und Photovoltaik &#8211; das Zwischenfazit","datePublished":"2025-01-05T18:52:07+00:00","dateModified":"2026-06-30T15:07:16+00:00","mainEntityOfPage":{"@id":"https:\/\/alpenlandmagazin.at\/hochnachhaltig\/heizen-mit-klimaanlage-heizstrahler-und-photovoltaik-zwischenfazit\/"},"wordCount":453,"commentCount":0,"publisher":{"@id":"https:\/\/alpenlandmagazin.at\/hochnachhaltig\/#\/schema\/person\/cde7b4195499a8410a9ab4304ba1a6fe"},"image":{"@id":"https:\/\/alpenlandmagazin.at\/hochnachhaltig\/heizen-mit-klimaanlage-heizstrahler-und-photovoltaik-zwischenfazit\/#primaryimage"},"thumbnailUrl":"https:\/\/alpenlandmagazin.at\/hochnachhaltig\/wp-content\/uploads\/2025\/01\/IMDVmw8_sEXXM-e1782832025488.png","inLanguage":"de","potentialAction":[{"@type":"CommentAction","name":"Comment","target":["https:\/\/alpenlandmagazin.at\/hochnachhaltig\/heizen-mit-klimaanlage-heizstrahler-und-photovoltaik-zwischenfazit\/#respond"]}]},{"@type":"WebPage","@id":"https:\/\/alpenlandmagazin.at\/hochnachhaltig\/heizen-mit-klimaanlage-heizstrahler-und-photovoltaik-zwischenfazit\/","url":"https:\/\/alpenlandmagazin.at\/hochnachhaltig\/heizen-mit-klimaanlage-heizstrahler-und-photovoltaik-zwischenfazit\/","name":"Heizen mit Klimaanlage, Heizstrahler und Photovoltaik - das Zwischenfazit - hoch.nachhaltig - Berge. Umwelt. Selbstwirksamkeit.","isPartOf":{"@id":"https:\/\/alpenlandmagazin.at\/hochnachhaltig\/#website"},"primaryImageOfPage":{"@id":"https:\/\/alpenlandmagazin.at\/hochnachhaltig\/heizen-mit-klimaanlage-heizstrahler-und-photovoltaik-zwischenfazit\/#primaryimage"},"image":{"@id":"https:\/\/alpenlandmagazin.at\/hochnachhaltig\/heizen-mit-klimaanlage-heizstrahler-und-photovoltaik-zwischenfazit\/#primaryimage"},"thumbnailUrl":"https:\/\/alpenlandmagazin.at\/hochnachhaltig\/wp-content\/uploads\/2025\/01\/IMDVmw8_sEXXM-e1782832025488.png","datePublished":"2025-01-05T18:52:07+00:00","dateModified":"2026-06-30T15:07:16+00:00","description":"\"Heizen mit Klimaanlage, Heizstrahler und Photovoltaik - das Zwischenfazit\" - Ein Erfahrungsbericht aus der Praxis.","breadcrumb":{"@id":"https:\/\/alpenlandmagazin.at\/hochnachhaltig\/heizen-mit-klimaanlage-heizstrahler-und-photovoltaik-zwischenfazit\/#breadcrumb"},"inLanguage":"de","potentialAction":[{"@type":"ReadAction","target":["https:\/\/alpenlandmagazin.at\/hochnachhaltig\/heizen-mit-klimaanlage-heizstrahler-und-photovoltaik-zwischenfazit\/"]}]},{"@type":"ImageObject","inLanguage":"de","@id":"https:\/\/alpenlandmagazin.at\/hochnachhaltig\/heizen-mit-klimaanlage-heizstrahler-und-photovoltaik-zwischenfazit\/#primaryimage","url":"https:\/\/alpenlandmagazin.at\/hochnachhaltig\/wp-content\/uploads\/2025\/01\/IMDVmw8_sEXXM-e1782832025488.png","contentUrl":"https:\/\/alpenlandmagazin.at\/hochnachhaltig\/wp-content\/uploads\/2025\/01\/IMDVmw8_sEXXM-e1782832025488.png","width":1183,"height":768},{"@type":"BreadcrumbList","@id":"https:\/\/alpenlandmagazin.at\/hochnachhaltig\/heizen-mit-klimaanlage-heizstrahler-und-photovoltaik-zwischenfazit\/#breadcrumb","itemListElement":[{"@type":"ListItem","position":1,"name":"Startseite","item":"https:\/\/alpenlandmagazin.at\/hochnachhaltig\/"},{"@type":"ListItem","position":2,"name":"Heizen mit Klimaanlage, Heizstrahler und Photovoltaik &#8211; das Zwischenfazit"}]},{"@type":"WebSite","@id":"https:\/\/alpenlandmagazin.at\/hochnachhaltig\/#website","url":"https:\/\/alpenlandmagazin.at\/hochnachhaltig\/","name":"hoch.nachhaltig - Berge. Umwelt. Selbstwirksamkeit.","description":"Wie man die Welt rettet und dabei Geld spart.","publisher":{"@id":"https:\/\/alpenlandmagazin.at\/hochnachhaltig\/#\/schema\/person\/cde7b4195499a8410a9ab4304ba1a6fe"},"alternateName":"hoch.nachhaltig","potentialAction":[{"@type":"SearchAction","target":{"@type":"EntryPoint","urlTemplate":"https:\/\/alpenlandmagazin.at\/hochnachhaltig\/?s={search_term_string}"},"query-input":{"@type":"PropertyValueSpecification","valueRequired":true,"valueName":"search_term_string"}}],"inLanguage":"de"},{"@type":["Person","Organization"],"@id":"https:\/\/alpenlandmagazin.at\/hochnachhaltig\/#\/schema\/person\/cde7b4195499a8410a9ab4304ba1a6fe","name":"Christian Schreiter","image":{"@type":"ImageObject","inLanguage":"de","@id":"https:\/\/alpenlandmagazin.at\/hochnachhaltig\/wp-content\/uploads\/2023\/12\/logo11_4_172949.png","url":"https:\/\/alpenlandmagazin.at\/hochnachhaltig\/wp-content\/uploads\/2023\/12\/logo11_4_172949.png","contentUrl":"https:\/\/alpenlandmagazin.at\/hochnachhaltig\/wp-content\/uploads\/2023\/12\/logo11_4_172949.png","width":2000,"height":2000,"caption":"Christian Schreiter"},"logo":{"@id":"https:\/\/alpenlandmagazin.at\/hochnachhaltig\/wp-content\/uploads\/2023\/12\/logo11_4_172949.png"}},{"@type":"Person","@id":"https:\/\/alpenlandmagazin.at\/hochnachhaltig\/#\/schema\/person\/7f5ce1e0f5b51b3dc237c27155c063b6","name":"ckrieh","image":{"@type":"ImageObject","inLanguage":"de","@id":"https:\/\/secure.gravatar.com\/avatar\/1a61d60ff2b88bcf2b98ce01b7ba9fe7685606d7822c85153b9262eac30a2c74?s=96&d=mm&r=g","url":"https:\/\/secure.gravatar.com\/avatar\/1a61d60ff2b88bcf2b98ce01b7ba9fe7685606d7822c85153b9262eac30a2c74?s=96&d=mm&r=g","contentUrl":"https:\/\/secure.gravatar.com\/avatar\/1a61d60ff2b88bcf2b98ce01b7ba9fe7685606d7822c85153b9262eac30a2c74?s=96&d=mm&r=g","caption":"ckrieh"},"sameAs":["https:\/\/alpenlandmagazin.at\/hochnachhaltig"],"url":"https:\/\/alpenlandmagazin.at\/hochnachhaltig\/author\/ckrieh\/"}]}},"_links":{"self":[{"href":"https:\/\/alpenlandmagazin.at\/hochnachhaltig\/wp-json\/wp\/v2\/posts\/305","targetHints":{"allow":["GET"]}}],"collection":[{"href":"https:\/\/alpenlandmagazin.at\/hochnachhaltig\/wp-json\/wp\/v2\/posts"}],"about":[{"href":"https:\/\/alpenlandmagazin.at\/hochnachhaltig\/wp-json\/wp\/v2\/types\/post"}],"author":[{"embeddable":true,"href":"https:\/\/alpenlandmagazin.at\/hochnachhaltig\/wp-json\/wp\/v2\/users\/1"}],"replies":[{"embeddable":true,"href":"https:\/\/alpenlandmagazin.at\/hochnachhaltig\/wp-json\/wp\/v2\/comments?post=305"}],"version-history":[{"count":1,"href":"https:\/\/alpenlandmagazin.at\/hochnachhaltig\/wp-json\/wp\/v2\/posts\/305\/revisions"}],"predecessor-version":[{"id":307,"href":"https:\/\/alpenlandmagazin.at\/hochnachhaltig\/wp-json\/wp\/v2\/posts\/305\/revisions\/307"}],"wp:featuredmedia":[{"embeddable":true,"href":"https:\/\/alpenlandmagazin.at\/hochnachhaltig\/wp-json\/wp\/v2\/media\/409"}],"wp:attachment":[{"href":"https:\/\/alpenlandmagazin.at\/hochnachhaltig\/wp-json\/wp\/v2\/media?parent=305"}],"wp:term":[{"taxonomy":"category","embeddable":true,"href":"https:\/\/alpenlandmagazin.at\/hochnachhaltig\/wp-json\/wp\/v2\/categories?post=305"},{"taxonomy":"post_tag","embeddable":true,"href":"https:\/\/alpenlandmagazin.at\/hochnachhaltig\/wp-json\/wp\/v2\/tags?post=305"}],"curies":[{"name":"wp","href":"https:\/\/api.w.org\/{rel}","templated":true}]}}