{"id":312,"date":"2025-02-21T19:12:22","date_gmt":"2025-02-21T18:12:22","guid":{"rendered":"https:\/\/alpenlandmagazin.at\/hochnachhaltig\/?p=312"},"modified":"2026-06-30T16:26:57","modified_gmt":"2026-06-30T14:26:57","slug":"e-auto-ladekarten-die-man-in-oesterreich-haben-sollte-update-februar-2025","status":"publish","type":"post","link":"https:\/\/alpenlandmagazin.at\/hochnachhaltig\/e-auto-ladekarten-die-man-in-oesterreich-haben-sollte-update-februar-2025\/","title":{"rendered":"E-Auto Ladekarten, die man in \u00d6sterreich haben sollte &#8211; Update Februar 2025"},"content":{"rendered":"\n<p class=\"wp-block-paragraph\">Der <strong>Ladekarten-Dschungel<\/strong> lichtet sich langsam \u2013 aber ganz durchgestiegen ist man noch nicht. Seit unserem letzten Update im <a href=\"https:\/\/alpenlandmagazin.at\/hochnachhaltig\/elektroauto-ladekarten-update-oktober-2024\/\">Oktober 2024<\/a> hat sich einiges getan, vor allem bei den <strong>Preisen<\/strong>. Welche Karten du 2025 wirklich brauchst, um in \u00d6sterreich g\u00fcnstig und zuverl\u00e4ssig elektrisch unterwegs zu sein, erf\u00e4hrst du hier und im Video &#8222;E-Auto Ladekarten, die man in \u00d6sterreich haben sollte&#8220; unten.<\/p>\n\n\n<div class=\"epyt-video-wrapper\"><div  id=\"_ytid_28436\"  width=\"1200\" height=\"675\"  data-origwidth=\"1200\" data-origheight=\"675\" data-facadesrc=\"https:\/\/www.youtube.com\/embed\/88U6B1gcaGI?enablejsapi=1&#038;origin=https:\/\/alpenlandmagazin.at&#038;autoplay=0&#038;cc_load_policy=0&#038;cc_lang_pref=de&#038;iv_load_policy=1&#038;loop=0&#038;rel=0&#038;fs=1&#038;playsinline=1&#038;autohide=2&#038;theme=dark&#038;color=red&#038;controls=1&#038;disablekb=0&#038;\" class=\"__youtube_prefs__ epyt-facade no-lazyload\" data-epautoplay=\"1\" ><img decoding=\"async\" data-spai-excluded=\"true\" class=\"epyt-facade-poster skip-lazy\" loading=\"lazy\"  alt=\"YouTube player\"  src=\"https:\/\/i.ytimg.com\/vi\/88U6B1gcaGI\/maxresdefault.jpg\"  \/><button class=\"epyt-facade-play\" aria-label=\"Play\"><svg data-no-lazy=\"1\" height=\"100%\" version=\"1.1\" viewBox=\"0 0 68 48\" width=\"100%\"><path class=\"ytp-large-play-button-bg\" d=\"M66.52,7.74c-0.78-2.93-2.49-5.41-5.42-6.19C55.79,.13,34,0,34,0S12.21,.13,6.9,1.55 C3.97,2.33,2.27,4.81,1.48,7.74C0.06,13.05,0,24,0,24s0.06,10.95,1.48,16.26c0.78,2.93,2.49,5.41,5.42,6.19 C12.21,47.87,34,48,34,48s21.79-0.13,27.1-1.55c2.93-0.78,4.64-3.26,5.42-6.19C67.94,34.95,68,24,68,24S67.94,13.05,66.52,7.74z\" fill=\"#f00\"><\/path><path d=\"M 45,24 27,14 27,34\" fill=\"#fff\"><\/path><\/svg><\/button><\/div><\/div>\n\n\n<hr class=\"wp-block-separator has-alpha-channel-opacity\"\/>\n\n\n\n<h2 class=\"wp-block-heading\">\ud83d\udd0d Vergleichstabelle: Die wichtigsten Ladekarten in \u00d6sterreich<\/h2>\n\n\n\n<figure class=\"wp-block-table\"><table class=\"has-fixed-layout\"><thead><tr><th>Anbieter<\/th><th>Preis (ca.)<\/th><th>Mitgliedschaft<\/th><th>Vorteile<\/th><th>Nachteile<\/th><th>Empfehlung<\/th><\/tr><\/thead><tbody><tr><td><strong>Tesla Supercharger<\/strong><\/td><td>38\u201341 Cent\/kWh<\/td><td>100 \u20ac\/Jahr<\/td><td>G\u00fcnstig, zuverl\u00e4ssig, gut ausgebaut<\/td><td>Nur mit Jahresgeb\u00fchr lohnend<\/td><td>\u2b50\ufe0f\u2b50\ufe0f\u2b50\ufe0f\u2b50\ufe0f\u2b50\ufe0f<\/td><\/tr><tr><td><strong>EnBW (Tarif S)<\/strong><\/td><td>ca. 51 Cent\/kWh<\/td><td>Keine<\/td><td>Kein Abo, faire Preise, gute Abdeckung<\/td><td>Nicht ganz so g\u00fcnstig wie Tesla<\/td><td>\u2b50\ufe0f\u2b50\ufe0f\u2b50\ufe0f\u2b50\ufe0f<\/td><\/tr><tr><td><strong>Shell Recharge<\/strong><\/td><td>69\u201380 Cent\/kWh<\/td><td>Keine<\/td><td>Europaweit verf\u00fcgbar, ideal f\u00fcr Notf\u00e4lle<\/td><td>Teuer im Alltag<\/td><td>\u2b50\ufe0f\u2b50\ufe0f\u2b50\ufe0f<\/td><\/tr><tr><td><strong>Lidl Lades\u00e4ulen<\/strong><\/td><td>Sehr g\u00fcnstig<\/td><td>Keine<\/td><td>Unschlagbarer Preis<\/td><td>Nur w\u00e4hrend \u00d6ffnungszeiten, begrenzte Orte<\/td><td>\u2b50\ufe0f\u2b50\ufe0f<\/td><\/tr><\/tbody><\/table><\/figure>\n\n\n\n<blockquote class=\"wp-block-quote is-layout-flow wp-block-quote-is-layout-flow\">\n<p class=\"wp-block-paragraph\">\ud83d\udca1 <strong>Tipp:<\/strong> Tesla + EnBW + Shell = die perfekte Kombination f\u00fcr Alltag, Langstrecke und Notfall<\/p>\n<\/blockquote>\n\n\n\n<hr class=\"wp-block-separator has-alpha-channel-opacity\"\/>\n\n\n\n<h2 class=\"wp-block-heading\">\ud83e\udd47 Platz 1: <strong><a href=\"https:\/\/www.tesla.com\/supercharger\" target=\"_blank\" rel=\"noreferrer noopener\">Tesla Supercharger<\/a> (mit Mitgliedschaft)<\/strong><\/h2>\n\n\n\n<p class=\"wp-block-paragraph\">\u2705 <strong>G\u00fcnstig &amp; zuverl\u00e4ssig \u2013 auch f\u00fcr Nicht-Tesla-Fahrer<\/strong><\/p>\n\n\n\n<p class=\"wp-block-paragraph\">Die Supercharger von Tesla sind weiterhin die <strong>beste Option f\u00fcr Langstreckenfahrten<\/strong> in \u00d6sterreich. Und ja: Auch wenn du kein Tesla f\u00e4hrst, kannst du sie mit einer Mitgliedschaft nutzen.<\/p>\n\n\n\n<ul class=\"wp-block-list\">\n<li>\ud83d\udcb0 <strong>Kosten:<\/strong> 38\u201341 Cent\/kWh<\/li>\n\n\n\n<li>\ud83d\udcb3 <strong>Mitgliedschaft:<\/strong> 100 \u20ac\/Jahr (rechnet sich ab ca. 2 Schnellladungen\/Monat)<\/li>\n\n\n\n<li>\ud83d\udccd <strong>Vorteil:<\/strong> Sehr gute Netzabdeckung, kurze Ladezeiten, einfache Nutzung<\/li>\n<\/ul>\n\n\n\n<p class=\"wp-block-paragraph\">\ud83d\udc49 <strong>Fazit:<\/strong> Wer regelm\u00e4\u00dfig auf Langstrecke unterwegs ist, sollte diese Karte ganz oben auf der Liste haben.<\/p>\n\n\n\n<hr class=\"wp-block-separator has-alpha-channel-opacity\"\/>\n\n\n\n<h2 class=\"wp-block-heading\">\ud83e\udd48 Platz 2: <strong><a href=\"https:\/\/www.enbw.com\/elektromobilitaet\/produkte\/ladetarife\" target=\"_blank\" rel=\"noreferrer noopener\">EnBW<\/a> (Energie Baden-W\u00fcrttemberg)<\/strong><\/h2>\n\n\n\n<p class=\"wp-block-paragraph\">\ud83d\udd01 <strong>Wieder attraktiver durch Preisanstieg bei der Salzburg AG<\/strong><\/p>\n\n\n\n<p class=\"wp-block-paragraph\">Die <strong>Preiserh\u00f6hung der Salzburg AG<\/strong> auf 71 Cent\/kWh (f\u00fcr Nicht-Salzburger:innen) macht EnBW wieder zur besseren Wahl.<\/p>\n\n\n\n<ul class=\"wp-block-list\">\n<li>\ud83d\udcb0 <strong>Kosten:<\/strong> ca. 51 Cent\/kWh<\/li>\n\n\n\n<li>\ud83d\udcdd <strong>Tarif-Tipp:<\/strong> EnBW \u201eTarif S\u201c \u2013 keine Grundgeb\u00fchr, nur anmelden<\/li>\n\n\n\n<li>\ud83d\uddfa\ufe0f <strong>Vorteil:<\/strong> Einfach, transparent, gute Abdeckung auch \u00fcberregional<\/li>\n<\/ul>\n\n\n\n<p class=\"wp-block-paragraph\">\ud83d\udc49 <strong>Fazit:<\/strong> Solide Zweitkarte f\u00fcr alle, die flexibel bleiben wollen \u2013 besonders ohne Monatskosten attraktiv.<\/p>\n\n\n\n<hr class=\"wp-block-separator has-alpha-channel-opacity\"\/>\n\n\n\n<h2 class=\"wp-block-heading\">\ud83e\udd49 Platz 3: <strong><a href=\"https:\/\/www.shell.de\/laden\/ladetarife-fuer-ihr-elektroauto.html\" target=\"_blank\" rel=\"noreferrer noopener\">Shell Recharge<\/a><\/strong><\/h2>\n\n\n\n<p class=\"wp-block-paragraph\">\ud83d\udedf <strong>Die Backup-Karte f\u00fcr ganz Europa<\/strong><\/p>\n\n\n\n<p class=\"wp-block-paragraph\">Shell Recharge ist zwar <strong>nicht gerade g\u00fcnstig<\/strong>, aber durch seine <strong>enorme Netzabdeckung<\/strong> in Europa ein wertvoller Joker.<\/p>\n\n\n\n<ul class=\"wp-block-list\">\n<li>\ud83d\udcb0 <strong>Kosten:<\/strong> 69\u201380 Cent\/kWh<\/li>\n\n\n\n<li>\ud83d\udcb3 <strong>Mitgliedschaft:<\/strong> Keine \u2013 nur Registrierung erforderlich<\/li>\n\n\n\n<li>\ud83c\udf0d <strong>Vorteil:<\/strong> Funktioniert an \u201eTrillionen\u201c von Lades\u00e4ulen europaweit<\/li>\n<\/ul>\n\n\n\n<p class=\"wp-block-paragraph\">\ud83d\udc49 <strong>Fazit:<\/strong> Nicht f\u00fcr den Alltag, aber <strong>im Notfall Gold wert<\/strong> \u2013 unbedingt dabeihaben!<\/p>\n\n\n\n<hr class=\"wp-block-separator has-alpha-channel-opacity\"\/>\n\n\n\n<h2 class=\"wp-block-heading\">\ud83c\udfea Sondertipp: <strong>Lidl-Lades\u00e4ulen<\/strong><\/h2>\n\n\n\n<p class=\"wp-block-paragraph\">\ud83d\udcb8 <strong>Billiger geht&#8217;s nicht \u2013 aber nur eingeschr\u00e4nkt nutzbar<\/strong><\/p>\n\n\n\n<p class=\"wp-block-paragraph\">Lidl bietet mit Abstand die <strong>g\u00fcnstigsten Ladepreise<\/strong> \u2013 allerdings mit Haken.<\/p>\n\n\n\n<ul class=\"wp-block-list\">\n<li>\ud83d\udcb0 <strong>Kosten:<\/strong> Extrem g\u00fcnstig<\/li>\n\n\n\n<li>\ud83d\udd50 <strong>Nutzung:<\/strong> Nur w\u00e4hrend \u00d6ffnungszeiten<\/li>\n\n\n\n<li>\u26a0\ufe0f <strong>Nachteil:<\/strong> Nur bei Lidl-Filialen, meist nur 1 Ladepunkt<\/li>\n<\/ul>\n\n\n\n<p class=\"wp-block-paragraph\">\ud83d\udc49 <strong>Fazit:<\/strong> Ideal f\u00fcr den Alltag in der Stadt \u2013 aber <strong>auf Reisen keine Option<\/strong>.<\/p>\n\n\n\n<hr class=\"wp-block-separator has-alpha-channel-opacity\"\/>\n\n\n\n<h2 class=\"wp-block-heading\">\ud83c\udfe1 Zuhause laden bleibt unschlagbar<\/h2>\n\n\n\n<p class=\"wp-block-paragraph\">\ud83d\udcc9 <strong>Aber ohne PV-Anlage wird\u2019s bald eng<\/strong><\/p>\n\n\n\n<p class=\"wp-block-paragraph\">Wer die M\u00f6glichkeit hat, sollte <strong>unbedingt zu Hause laden \u2013 am besten mit Photovoltaik<\/strong>. Bei weiter steigenden Preisen an \u00f6ffentlichen S\u00e4ulen verliert Elektromobilit\u00e4t ohne eigene Energiequelle an Attraktivit\u00e4t.<\/p>\n\n\n\n<blockquote class=\"wp-block-quote is-layout-flow wp-block-quote-is-layout-flow\">\n<p class=\"wp-block-paragraph\">\u201eEin Elektroauto ohne PV-Anlage macht bald nur noch halb so viel Sinn \u2013 leider.\u201c<\/p>\n<\/blockquote>\n\n\n\n<hr class=\"wp-block-separator has-alpha-channel-opacity\"\/>\n\n\n\n<h2 class=\"wp-block-heading\">\ud83d\ude97 Fazit zu &#8222;E-Auto Ladekarten, die man in \u00d6sterreich haben sollte&#8220;:<\/h2>\n\n\n\n<p class=\"wp-block-paragraph\">Wenn du 2025 mit dem E-Auto in \u00d6sterreich sorgenfrei unterwegs sein willst, <strong>empfehlen wir diese drei Kombinationen<\/strong>:<\/p>\n\n\n\n<ol class=\"wp-block-list\">\n<li><strong>Tesla Supercharger<\/strong> \u2013 f\u00fcr die Langstrecke<\/li>\n\n\n\n<li><strong>EnBW<\/strong> \u2013 f\u00fcr flexibles, g\u00fcnstiges Laden ohne Grundgeb\u00fchr<\/li>\n\n\n\n<li><strong>Shell Recharge<\/strong> \u2013 als europaweiten Notfalljoker<\/li>\n<\/ol>\n\n\n\n<p class=\"wp-block-paragraph\">Bleib dran \u2013 wenn sich etwas \u00e4ndert, gibt\u2019s hier auf <strong>hochnachhaltig.at<\/strong> das n\u00e4chste Update. \ud83c\udf31<\/p>\n\n\n\n<p class=\"wp-block-paragraph\"><\/p>\n","protected":false},"excerpt":{"rendered":"<p>Der Ladekarten-Dschungel lichtet sich langsam \u2013 aber ganz durchgestiegen ist man noch nicht. Seit unserem letzten Update im Oktober 2024 hat sich einiges getan, vor allem bei den Preisen. Welche Karten du 2025 wirklich brauchst, um in \u00d6sterreich g\u00fcnstig und zuverl\u00e4ssig elektrisch unterwegs zu sein, erf\u00e4hrst du hier.<\/p>\n","protected":false},"author":1,"featured_media":408,"comment_status":"open","ping_status":"open","sticky":false,"template":"","format":"standard","meta":{"neve_meta_sidebar":"","neve_meta_container":"","neve_meta_enable_content_width":"","neve_meta_content_width":0,"neve_meta_title_alignment":"","neve_meta_author_avatar":"","neve_post_elements_order":"","neve_meta_disable_header":"","neve_meta_disable_footer":"","neve_meta_disable_title":"","footnotes":""},"categories":[1],"tags":[],"class_list":["post-312","post","type-post","status-publish","format-standard","has-post-thumbnail","hentry","category-allgemein"],"yoast_head":"<!-- This site is optimized with the Yoast SEO plugin v28.2 - https:\/\/yoast.com\/product\/yoast-seo-wordpress\/ -->\n<title>E-Auto Ladekarten, die man in \u00d6sterreich haben sollte - Update Februar 2025 - hoch.nachhaltig - Berge. Umwelt. Selbstwirksamkeit.<\/title>\n<meta name=\"description\" content=\"E-Auto Ladekarten, die man in \u00d6sterreich haben sollte. Seit dem letzten Update hat sich einiges getan, vor allem bei den Preisen.\" \/>\n<meta name=\"robots\" content=\"index, follow, max-snippet:-1, max-image-preview:large, max-video-preview:-1\" \/>\n<link rel=\"canonical\" href=\"https:\/\/alpenlandmagazin.at\/hochnachhaltig\/e-auto-ladekarten-die-man-in-oesterreich-haben-sollte-update-februar-2025\/\" \/>\n<meta property=\"og:locale\" content=\"de_DE\" \/>\n<meta property=\"og:type\" content=\"article\" \/>\n<meta property=\"og:title\" content=\"E-Auto Ladekarten, die man in \u00d6sterreich haben sollte - Update Februar 2025 - hoch.nachhaltig - Berge. Umwelt. Selbstwirksamkeit.\" \/>\n<meta property=\"og:description\" content=\"E-Auto Ladekarten, die man in \u00d6sterreich haben sollte. Seit dem letzten Update hat sich einiges getan, vor allem bei den Preisen.\" \/>\n<meta property=\"og:url\" content=\"https:\/\/alpenlandmagazin.at\/hochnachhaltig\/e-auto-ladekarten-die-man-in-oesterreich-haben-sollte-update-februar-2025\/\" \/>\n<meta property=\"og:site_name\" content=\"hoch.nachhaltig - Berge. Umwelt. Selbstwirksamkeit.\" \/>\n<meta property=\"article:published_time\" content=\"2025-02-21T18:12:22+00:00\" \/>\n<meta property=\"article:modified_time\" content=\"2026-06-30T14:26:57+00:00\" \/>\n<meta property=\"og:image\" content=\"https:\/\/alpenlandmagazin.at\/hochnachhaltig\/wp-content\/uploads\/2025\/02\/IMGuuT6C8hPAE-e1782829604729.png\" \/>\n\t<meta property=\"og:image:width\" content=\"1150\" \/>\n\t<meta property=\"og:image:height\" content=\"768\" \/>\n\t<meta property=\"og:image:type\" content=\"image\/png\" \/>\n<meta name=\"author\" content=\"ckrieh\" \/>\n<meta name=\"twitter:card\" content=\"summary_large_image\" \/>\n<meta name=\"twitter:label1\" content=\"Verfasst von\" \/>\n\t<meta name=\"twitter:data1\" content=\"ckrieh\" \/>\n\t<meta name=\"twitter:label2\" content=\"Gesch\u00e4tzte Lesezeit\" \/>\n\t<meta name=\"twitter:data2\" content=\"3\u00a0Minuten\" \/>\n<script type=\"application\/ld+json\" class=\"yoast-schema-graph\">{\"@context\":\"https:\\\/\\\/schema.org\",\"@graph\":[{\"@type\":\"Article\",\"@id\":\"https:\\\/\\\/alpenlandmagazin.at\\\/hochnachhaltig\\\/e-auto-ladekarten-die-man-in-oesterreich-haben-sollte-update-februar-2025\\\/#article\",\"isPartOf\":{\"@id\":\"https:\\\/\\\/alpenlandmagazin.at\\\/hochnachhaltig\\\/e-auto-ladekarten-die-man-in-oesterreich-haben-sollte-update-februar-2025\\\/\"},\"author\":{\"name\":\"ckrieh\",\"@id\":\"https:\\\/\\\/alpenlandmagazin.at\\\/hochnachhaltig\\\/#\\\/schema\\\/person\\\/7f5ce1e0f5b51b3dc237c27155c063b6\"},\"headline\":\"E-Auto Ladekarten, die man in \u00d6sterreich haben sollte &#8211; Update Februar 2025\",\"datePublished\":\"2025-02-21T18:12:22+00:00\",\"dateModified\":\"2026-06-30T14:26:57+00:00\",\"mainEntityOfPage\":{\"@id\":\"https:\\\/\\\/alpenlandmagazin.at\\\/hochnachhaltig\\\/e-auto-ladekarten-die-man-in-oesterreich-haben-sollte-update-februar-2025\\\/\"},\"wordCount\":548,\"commentCount\":0,\"publisher\":{\"@id\":\"https:\\\/\\\/alpenlandmagazin.at\\\/hochnachhaltig\\\/#\\\/schema\\\/person\\\/cde7b4195499a8410a9ab4304ba1a6fe\"},\"image\":{\"@id\":\"https:\\\/\\\/alpenlandmagazin.at\\\/hochnachhaltig\\\/e-auto-ladekarten-die-man-in-oesterreich-haben-sollte-update-februar-2025\\\/#primaryimage\"},\"thumbnailUrl\":\"https:\\\/\\\/alpenlandmagazin.at\\\/hochnachhaltig\\\/wp-content\\\/uploads\\\/2025\\\/02\\\/IMGuuT6C8hPAE-e1782829604729.png\",\"inLanguage\":\"de\",\"potentialAction\":[{\"@type\":\"CommentAction\",\"name\":\"Comment\",\"target\":[\"https:\\\/\\\/alpenlandmagazin.at\\\/hochnachhaltig\\\/e-auto-ladekarten-die-man-in-oesterreich-haben-sollte-update-februar-2025\\\/#respond\"]}]},{\"@type\":\"WebPage\",\"@id\":\"https:\\\/\\\/alpenlandmagazin.at\\\/hochnachhaltig\\\/e-auto-ladekarten-die-man-in-oesterreich-haben-sollte-update-februar-2025\\\/\",\"url\":\"https:\\\/\\\/alpenlandmagazin.at\\\/hochnachhaltig\\\/e-auto-ladekarten-die-man-in-oesterreich-haben-sollte-update-februar-2025\\\/\",\"name\":\"E-Auto Ladekarten, die man in \u00d6sterreich haben sollte - Update Februar 2025 - hoch.nachhaltig - Berge. Umwelt. Selbstwirksamkeit.\",\"isPartOf\":{\"@id\":\"https:\\\/\\\/alpenlandmagazin.at\\\/hochnachhaltig\\\/#website\"},\"primaryImageOfPage\":{\"@id\":\"https:\\\/\\\/alpenlandmagazin.at\\\/hochnachhaltig\\\/e-auto-ladekarten-die-man-in-oesterreich-haben-sollte-update-februar-2025\\\/#primaryimage\"},\"image\":{\"@id\":\"https:\\\/\\\/alpenlandmagazin.at\\\/hochnachhaltig\\\/e-auto-ladekarten-die-man-in-oesterreich-haben-sollte-update-februar-2025\\\/#primaryimage\"},\"thumbnailUrl\":\"https:\\\/\\\/alpenlandmagazin.at\\\/hochnachhaltig\\\/wp-content\\\/uploads\\\/2025\\\/02\\\/IMGuuT6C8hPAE-e1782829604729.png\",\"datePublished\":\"2025-02-21T18:12:22+00:00\",\"dateModified\":\"2026-06-30T14:26:57+00:00\",\"description\":\"E-Auto Ladekarten, die man in \u00d6sterreich haben sollte. Seit dem letzten Update hat sich einiges getan, vor allem bei den Preisen.\",\"breadcrumb\":{\"@id\":\"https:\\\/\\\/alpenlandmagazin.at\\\/hochnachhaltig\\\/e-auto-ladekarten-die-man-in-oesterreich-haben-sollte-update-februar-2025\\\/#breadcrumb\"},\"inLanguage\":\"de\",\"potentialAction\":[{\"@type\":\"ReadAction\",\"target\":[\"https:\\\/\\\/alpenlandmagazin.at\\\/hochnachhaltig\\\/e-auto-ladekarten-die-man-in-oesterreich-haben-sollte-update-februar-2025\\\/\"]}]},{\"@type\":\"ImageObject\",\"inLanguage\":\"de\",\"@id\":\"https:\\\/\\\/alpenlandmagazin.at\\\/hochnachhaltig\\\/e-auto-ladekarten-die-man-in-oesterreich-haben-sollte-update-februar-2025\\\/#primaryimage\",\"url\":\"https:\\\/\\\/alpenlandmagazin.at\\\/hochnachhaltig\\\/wp-content\\\/uploads\\\/2025\\\/02\\\/IMGuuT6C8hPAE-e1782829604729.png\",\"contentUrl\":\"https:\\\/\\\/alpenlandmagazin.at\\\/hochnachhaltig\\\/wp-content\\\/uploads\\\/2025\\\/02\\\/IMGuuT6C8hPAE-e1782829604729.png\",\"width\":1150,\"height\":768},{\"@type\":\"BreadcrumbList\",\"@id\":\"https:\\\/\\\/alpenlandmagazin.at\\\/hochnachhaltig\\\/e-auto-ladekarten-die-man-in-oesterreich-haben-sollte-update-februar-2025\\\/#breadcrumb\",\"itemListElement\":[{\"@type\":\"ListItem\",\"position\":1,\"name\":\"Startseite\",\"item\":\"https:\\\/\\\/alpenlandmagazin.at\\\/hochnachhaltig\\\/\"},{\"@type\":\"ListItem\",\"position\":2,\"name\":\"E-Auto Ladekarten, die man in \u00d6sterreich haben sollte &#8211; Update Februar 2025\"}]},{\"@type\":\"WebSite\",\"@id\":\"https:\\\/\\\/alpenlandmagazin.at\\\/hochnachhaltig\\\/#website\",\"url\":\"https:\\\/\\\/alpenlandmagazin.at\\\/hochnachhaltig\\\/\",\"name\":\"hoch.nachhaltig - Berge. Umwelt. Selbstwirksamkeit.\",\"description\":\"Wie man die Welt rettet und dabei Geld spart.\",\"publisher\":{\"@id\":\"https:\\\/\\\/alpenlandmagazin.at\\\/hochnachhaltig\\\/#\\\/schema\\\/person\\\/cde7b4195499a8410a9ab4304ba1a6fe\"},\"alternateName\":\"hoch.nachhaltig\",\"potentialAction\":[{\"@type\":\"SearchAction\",\"target\":{\"@type\":\"EntryPoint\",\"urlTemplate\":\"https:\\\/\\\/alpenlandmagazin.at\\\/hochnachhaltig\\\/?s={search_term_string}\"},\"query-input\":{\"@type\":\"PropertyValueSpecification\",\"valueRequired\":true,\"valueName\":\"search_term_string\"}}],\"inLanguage\":\"de\"},{\"@type\":[\"Person\",\"Organization\"],\"@id\":\"https:\\\/\\\/alpenlandmagazin.at\\\/hochnachhaltig\\\/#\\\/schema\\\/person\\\/cde7b4195499a8410a9ab4304ba1a6fe\",\"name\":\"Christian Schreiter\",\"image\":{\"@type\":\"ImageObject\",\"inLanguage\":\"de\",\"@id\":\"https:\\\/\\\/alpenlandmagazin.at\\\/hochnachhaltig\\\/wp-content\\\/uploads\\\/2023\\\/12\\\/logo11_4_172949.png\",\"url\":\"https:\\\/\\\/alpenlandmagazin.at\\\/hochnachhaltig\\\/wp-content\\\/uploads\\\/2023\\\/12\\\/logo11_4_172949.png\",\"contentUrl\":\"https:\\\/\\\/alpenlandmagazin.at\\\/hochnachhaltig\\\/wp-content\\\/uploads\\\/2023\\\/12\\\/logo11_4_172949.png\",\"width\":2000,\"height\":2000,\"caption\":\"Christian Schreiter\"},\"logo\":{\"@id\":\"https:\\\/\\\/alpenlandmagazin.at\\\/hochnachhaltig\\\/wp-content\\\/uploads\\\/2023\\\/12\\\/logo11_4_172949.png\"}},{\"@type\":\"Person\",\"@id\":\"https:\\\/\\\/alpenlandmagazin.at\\\/hochnachhaltig\\\/#\\\/schema\\\/person\\\/7f5ce1e0f5b51b3dc237c27155c063b6\",\"name\":\"ckrieh\",\"image\":{\"@type\":\"ImageObject\",\"inLanguage\":\"de\",\"@id\":\"https:\\\/\\\/secure.gravatar.com\\\/avatar\\\/1a61d60ff2b88bcf2b98ce01b7ba9fe7685606d7822c85153b9262eac30a2c74?s=96&d=mm&r=g\",\"url\":\"https:\\\/\\\/secure.gravatar.com\\\/avatar\\\/1a61d60ff2b88bcf2b98ce01b7ba9fe7685606d7822c85153b9262eac30a2c74?s=96&d=mm&r=g\",\"contentUrl\":\"https:\\\/\\\/secure.gravatar.com\\\/avatar\\\/1a61d60ff2b88bcf2b98ce01b7ba9fe7685606d7822c85153b9262eac30a2c74?s=96&d=mm&r=g\",\"caption\":\"ckrieh\"},\"sameAs\":[\"https:\\\/\\\/alpenlandmagazin.at\\\/hochnachhaltig\"],\"url\":\"https:\\\/\\\/alpenlandmagazin.at\\\/hochnachhaltig\\\/author\\\/ckrieh\\\/\"}]}<\/script>\n<!-- \/ Yoast SEO plugin. -->","yoast_head_json":{"title":"E-Auto Ladekarten, die man in \u00d6sterreich haben sollte - Update Februar 2025 - hoch.nachhaltig - Berge. Umwelt. Selbstwirksamkeit.","description":"E-Auto Ladekarten, die man in \u00d6sterreich haben sollte. Seit dem letzten Update hat sich einiges getan, vor allem bei den Preisen.","robots":{"index":"index","follow":"follow","max-snippet":"max-snippet:-1","max-image-preview":"max-image-preview:large","max-video-preview":"max-video-preview:-1"},"canonical":"https:\/\/alpenlandmagazin.at\/hochnachhaltig\/e-auto-ladekarten-die-man-in-oesterreich-haben-sollte-update-februar-2025\/","og_locale":"de_DE","og_type":"article","og_title":"E-Auto Ladekarten, die man in \u00d6sterreich haben sollte - Update Februar 2025 - hoch.nachhaltig - Berge. Umwelt. Selbstwirksamkeit.","og_description":"E-Auto Ladekarten, die man in \u00d6sterreich haben sollte. Seit dem letzten Update hat sich einiges getan, vor allem bei den Preisen.","og_url":"https:\/\/alpenlandmagazin.at\/hochnachhaltig\/e-auto-ladekarten-die-man-in-oesterreich-haben-sollte-update-februar-2025\/","og_site_name":"hoch.nachhaltig - Berge. Umwelt. Selbstwirksamkeit.","article_published_time":"2025-02-21T18:12:22+00:00","article_modified_time":"2026-06-30T14:26:57+00:00","og_image":[{"width":1150,"height":768,"url":"https:\/\/alpenlandmagazin.at\/hochnachhaltig\/wp-content\/uploads\/2025\/02\/IMGuuT6C8hPAE-e1782829604729.png","type":"image\/png"}],"author":"ckrieh","twitter_card":"summary_large_image","twitter_misc":{"Verfasst von":"ckrieh","Gesch\u00e4tzte Lesezeit":"3\u00a0Minuten"},"schema":{"@context":"https:\/\/schema.org","@graph":[{"@type":"Article","@id":"https:\/\/alpenlandmagazin.at\/hochnachhaltig\/e-auto-ladekarten-die-man-in-oesterreich-haben-sollte-update-februar-2025\/#article","isPartOf":{"@id":"https:\/\/alpenlandmagazin.at\/hochnachhaltig\/e-auto-ladekarten-die-man-in-oesterreich-haben-sollte-update-februar-2025\/"},"author":{"name":"ckrieh","@id":"https:\/\/alpenlandmagazin.at\/hochnachhaltig\/#\/schema\/person\/7f5ce1e0f5b51b3dc237c27155c063b6"},"headline":"E-Auto Ladekarten, die man in \u00d6sterreich haben sollte &#8211; Update Februar 2025","datePublished":"2025-02-21T18:12:22+00:00","dateModified":"2026-06-30T14:26:57+00:00","mainEntityOfPage":{"@id":"https:\/\/alpenlandmagazin.at\/hochnachhaltig\/e-auto-ladekarten-die-man-in-oesterreich-haben-sollte-update-februar-2025\/"},"wordCount":548,"commentCount":0,"publisher":{"@id":"https:\/\/alpenlandmagazin.at\/hochnachhaltig\/#\/schema\/person\/cde7b4195499a8410a9ab4304ba1a6fe"},"image":{"@id":"https:\/\/alpenlandmagazin.at\/hochnachhaltig\/e-auto-ladekarten-die-man-in-oesterreich-haben-sollte-update-februar-2025\/#primaryimage"},"thumbnailUrl":"https:\/\/alpenlandmagazin.at\/hochnachhaltig\/wp-content\/uploads\/2025\/02\/IMGuuT6C8hPAE-e1782829604729.png","inLanguage":"de","potentialAction":[{"@type":"CommentAction","name":"Comment","target":["https:\/\/alpenlandmagazin.at\/hochnachhaltig\/e-auto-ladekarten-die-man-in-oesterreich-haben-sollte-update-februar-2025\/#respond"]}]},{"@type":"WebPage","@id":"https:\/\/alpenlandmagazin.at\/hochnachhaltig\/e-auto-ladekarten-die-man-in-oesterreich-haben-sollte-update-februar-2025\/","url":"https:\/\/alpenlandmagazin.at\/hochnachhaltig\/e-auto-ladekarten-die-man-in-oesterreich-haben-sollte-update-februar-2025\/","name":"E-Auto Ladekarten, die man in \u00d6sterreich haben sollte - Update Februar 2025 - hoch.nachhaltig - Berge. Umwelt. Selbstwirksamkeit.","isPartOf":{"@id":"https:\/\/alpenlandmagazin.at\/hochnachhaltig\/#website"},"primaryImageOfPage":{"@id":"https:\/\/alpenlandmagazin.at\/hochnachhaltig\/e-auto-ladekarten-die-man-in-oesterreich-haben-sollte-update-februar-2025\/#primaryimage"},"image":{"@id":"https:\/\/alpenlandmagazin.at\/hochnachhaltig\/e-auto-ladekarten-die-man-in-oesterreich-haben-sollte-update-februar-2025\/#primaryimage"},"thumbnailUrl":"https:\/\/alpenlandmagazin.at\/hochnachhaltig\/wp-content\/uploads\/2025\/02\/IMGuuT6C8hPAE-e1782829604729.png","datePublished":"2025-02-21T18:12:22+00:00","dateModified":"2026-06-30T14:26:57+00:00","description":"E-Auto Ladekarten, die man in \u00d6sterreich haben sollte. Seit dem letzten Update hat sich einiges getan, vor allem bei den Preisen.","breadcrumb":{"@id":"https:\/\/alpenlandmagazin.at\/hochnachhaltig\/e-auto-ladekarten-die-man-in-oesterreich-haben-sollte-update-februar-2025\/#breadcrumb"},"inLanguage":"de","potentialAction":[{"@type":"ReadAction","target":["https:\/\/alpenlandmagazin.at\/hochnachhaltig\/e-auto-ladekarten-die-man-in-oesterreich-haben-sollte-update-februar-2025\/"]}]},{"@type":"ImageObject","inLanguage":"de","@id":"https:\/\/alpenlandmagazin.at\/hochnachhaltig\/e-auto-ladekarten-die-man-in-oesterreich-haben-sollte-update-februar-2025\/#primaryimage","url":"https:\/\/alpenlandmagazin.at\/hochnachhaltig\/wp-content\/uploads\/2025\/02\/IMGuuT6C8hPAE-e1782829604729.png","contentUrl":"https:\/\/alpenlandmagazin.at\/hochnachhaltig\/wp-content\/uploads\/2025\/02\/IMGuuT6C8hPAE-e1782829604729.png","width":1150,"height":768},{"@type":"BreadcrumbList","@id":"https:\/\/alpenlandmagazin.at\/hochnachhaltig\/e-auto-ladekarten-die-man-in-oesterreich-haben-sollte-update-februar-2025\/#breadcrumb","itemListElement":[{"@type":"ListItem","position":1,"name":"Startseite","item":"https:\/\/alpenlandmagazin.at\/hochnachhaltig\/"},{"@type":"ListItem","position":2,"name":"E-Auto Ladekarten, die man in \u00d6sterreich haben sollte &#8211; Update Februar 2025"}]},{"@type":"WebSite","@id":"https:\/\/alpenlandmagazin.at\/hochnachhaltig\/#website","url":"https:\/\/alpenlandmagazin.at\/hochnachhaltig\/","name":"hoch.nachhaltig - Berge. Umwelt. Selbstwirksamkeit.","description":"Wie man die Welt rettet und dabei Geld spart.","publisher":{"@id":"https:\/\/alpenlandmagazin.at\/hochnachhaltig\/#\/schema\/person\/cde7b4195499a8410a9ab4304ba1a6fe"},"alternateName":"hoch.nachhaltig","potentialAction":[{"@type":"SearchAction","target":{"@type":"EntryPoint","urlTemplate":"https:\/\/alpenlandmagazin.at\/hochnachhaltig\/?s={search_term_string}"},"query-input":{"@type":"PropertyValueSpecification","valueRequired":true,"valueName":"search_term_string"}}],"inLanguage":"de"},{"@type":["Person","Organization"],"@id":"https:\/\/alpenlandmagazin.at\/hochnachhaltig\/#\/schema\/person\/cde7b4195499a8410a9ab4304ba1a6fe","name":"Christian Schreiter","image":{"@type":"ImageObject","inLanguage":"de","@id":"https:\/\/alpenlandmagazin.at\/hochnachhaltig\/wp-content\/uploads\/2023\/12\/logo11_4_172949.png","url":"https:\/\/alpenlandmagazin.at\/hochnachhaltig\/wp-content\/uploads\/2023\/12\/logo11_4_172949.png","contentUrl":"https:\/\/alpenlandmagazin.at\/hochnachhaltig\/wp-content\/uploads\/2023\/12\/logo11_4_172949.png","width":2000,"height":2000,"caption":"Christian Schreiter"},"logo":{"@id":"https:\/\/alpenlandmagazin.at\/hochnachhaltig\/wp-content\/uploads\/2023\/12\/logo11_4_172949.png"}},{"@type":"Person","@id":"https:\/\/alpenlandmagazin.at\/hochnachhaltig\/#\/schema\/person\/7f5ce1e0f5b51b3dc237c27155c063b6","name":"ckrieh","image":{"@type":"ImageObject","inLanguage":"de","@id":"https:\/\/secure.gravatar.com\/avatar\/1a61d60ff2b88bcf2b98ce01b7ba9fe7685606d7822c85153b9262eac30a2c74?s=96&d=mm&r=g","url":"https:\/\/secure.gravatar.com\/avatar\/1a61d60ff2b88bcf2b98ce01b7ba9fe7685606d7822c85153b9262eac30a2c74?s=96&d=mm&r=g","contentUrl":"https:\/\/secure.gravatar.com\/avatar\/1a61d60ff2b88bcf2b98ce01b7ba9fe7685606d7822c85153b9262eac30a2c74?s=96&d=mm&r=g","caption":"ckrieh"},"sameAs":["https:\/\/alpenlandmagazin.at\/hochnachhaltig"],"url":"https:\/\/alpenlandmagazin.at\/hochnachhaltig\/author\/ckrieh\/"}]}},"_links":{"self":[{"href":"https:\/\/alpenlandmagazin.at\/hochnachhaltig\/wp-json\/wp\/v2\/posts\/312","targetHints":{"allow":["GET"]}}],"collection":[{"href":"https:\/\/alpenlandmagazin.at\/hochnachhaltig\/wp-json\/wp\/v2\/posts"}],"about":[{"href":"https:\/\/alpenlandmagazin.at\/hochnachhaltig\/wp-json\/wp\/v2\/types\/post"}],"author":[{"embeddable":true,"href":"https:\/\/alpenlandmagazin.at\/hochnachhaltig\/wp-json\/wp\/v2\/users\/1"}],"replies":[{"embeddable":true,"href":"https:\/\/alpenlandmagazin.at\/hochnachhaltig\/wp-json\/wp\/v2\/comments?post=312"}],"version-history":[{"count":1,"href":"https:\/\/alpenlandmagazin.at\/hochnachhaltig\/wp-json\/wp\/v2\/posts\/312\/revisions"}],"predecessor-version":[{"id":314,"href":"https:\/\/alpenlandmagazin.at\/hochnachhaltig\/wp-json\/wp\/v2\/posts\/312\/revisions\/314"}],"wp:featuredmedia":[{"embeddable":true,"href":"https:\/\/alpenlandmagazin.at\/hochnachhaltig\/wp-json\/wp\/v2\/media\/408"}],"wp:attachment":[{"href":"https:\/\/alpenlandmagazin.at\/hochnachhaltig\/wp-json\/wp\/v2\/media?parent=312"}],"wp:term":[{"taxonomy":"category","embeddable":true,"href":"https:\/\/alpenlandmagazin.at\/hochnachhaltig\/wp-json\/wp\/v2\/categories?post=312"},{"taxonomy":"post_tag","embeddable":true,"href":"https:\/\/alpenlandmagazin.at\/hochnachhaltig\/wp-json\/wp\/v2\/tags?post=312"}],"curies":[{"name":"wp","href":"https:\/\/api.w.org\/{rel}","templated":true}]}}