{"id":315,"date":"2025-03-15T19:32:35","date_gmt":"2025-03-15T18:32:35","guid":{"rendered":"https:\/\/alpenlandmagazin.at\/hochnachhaltig\/?p=315"},"modified":"2026-06-30T15:37:56","modified_gmt":"2026-06-30T13:37:56","slug":"warum-du-dein-dach-nicht-vollmachen-musst","status":"publish","type":"post","link":"https:\/\/alpenlandmagazin.at\/hochnachhaltig\/warum-du-dein-dach-nicht-vollmachen-musst\/","title":{"rendered":"Warum Du Dein Dach nicht vollmachen musst \u2013 eine ehrliche Einsch\u00e4tzung"},"content":{"rendered":"\n<p class=\"wp-block-paragraph\">Immer wieder h\u00f6rt man den Ratschlag: <em>\u201eMach doch einfach das ganze Dach voll mit PV-Modulen!\u201c<\/em> Doch ist das wirklich sinnvoll? In diesem Beitrag werfen wir einen kritischen Blick auf die Dimensionierung von Photovoltaikanlagen, Einspeiseverg\u00fctungen, Speicherl\u00f6sungen und geben praxisnahe Tipps f\u00fcr eine nachhaltige und wirtschaftlich sinnvolle Auslegung. Wir kl\u00e4ren also, warum Du Dein Dach nicht vollmachen musst.<\/p>\n\n\n<div class=\"epyt-video-wrapper\"><div  id=\"_ytid_27731\"  width=\"1200\" height=\"675\"  data-origwidth=\"1200\" data-origheight=\"675\" data-facadesrc=\"https:\/\/www.youtube.com\/embed\/Y9TAUTt3P5o?enablejsapi=1&#038;origin=https:\/\/alpenlandmagazin.at&#038;autoplay=0&#038;cc_load_policy=0&#038;cc_lang_pref=de&#038;iv_load_policy=1&#038;loop=0&#038;rel=0&#038;fs=1&#038;playsinline=1&#038;autohide=2&#038;theme=dark&#038;color=red&#038;controls=1&#038;disablekb=0&#038;\" class=\"__youtube_prefs__ epyt-facade no-lazyload\" data-epautoplay=\"1\" ><img decoding=\"async\" data-spai-excluded=\"true\" class=\"epyt-facade-poster skip-lazy\" loading=\"lazy\"  alt=\"YouTube player\"  src=\"https:\/\/i.ytimg.com\/vi\/Y9TAUTt3P5o\/maxresdefault.jpg\"  \/><button class=\"epyt-facade-play\" aria-label=\"Play\"><svg data-no-lazy=\"1\" height=\"100%\" version=\"1.1\" viewBox=\"0 0 68 48\" width=\"100%\"><path class=\"ytp-large-play-button-bg\" d=\"M66.52,7.74c-0.78-2.93-2.49-5.41-5.42-6.19C55.79,.13,34,0,34,0S12.21,.13,6.9,1.55 C3.97,2.33,2.27,4.81,1.48,7.74C0.06,13.05,0,24,0,24s0.06,10.95,1.48,16.26c0.78,2.93,2.49,5.41,5.42,6.19 C12.21,47.87,34,48,34,48s21.79-0.13,27.1-1.55c2.93-0.78,4.64-3.26,5.42-6.19C67.94,34.95,68,24,68,24S67.94,13.05,66.52,7.74z\" fill=\"#f00\"><\/path><path d=\"M 45,24 27,14 27,34\" fill=\"#fff\"><\/path><\/svg><\/button><\/div><\/div>\n\n\n<hr class=\"wp-block-separator has-alpha-channel-opacity\"\/>\n\n\n\n<h3 class=\"wp-block-heading\"><strong>Der Mythos vom \u201eVollmachen\u201c des Dachs<\/strong><\/h3>\n\n\n\n<p class=\"wp-block-paragraph\">Der Ratschlag, m\u00f6glichst viele PV-Module aufs Dach zu packen, stammt aus einer Zeit, als Einspeiseverg\u00fctungen lukrativ waren \u2013 beispielsweise \u00fcber 50 Cent\/kWh in Deutschland vor 20 Jahren. Diese Zeiten sind vorbei. Heute ist Einspeisung kein Gesch\u00e4ftsmodell mehr, sondern nur noch ein kleiner Ausgleich.<\/p>\n\n\n\n<p class=\"wp-block-paragraph\">Zudem verursacht eine \u00fcberdimensionierte Anlage unn\u00f6tige Kosten:<\/p>\n\n\n\n<ul class=\"wp-block-list\">\n<li>H\u00f6here Investitionen<\/li>\n\n\n\n<li>Geringe Einspeiseverg\u00fctung (3\u20135 Cent\/kWh)<\/li>\n\n\n\n<li>Teure Speicherl\u00f6sungen, die sich kaum amortisieren<\/li>\n<\/ul>\n\n\n\n<hr class=\"wp-block-separator has-alpha-channel-opacity\"\/>\n\n\n\n<h3 class=\"wp-block-heading\"><strong>Ein smarter Ansatz: Verbrauchsorientierte Dimensionierung<\/strong><\/h3>\n\n\n\n<p class=\"wp-block-paragraph\">Am Beispiel des Autors:<br>Fr\u00fcherer Stromverbrauch: ca. 3.800 kWh\/Jahr<br>Geplante Umstellung auf E-Auto und Stromheizung \u2192 realistischer zuk\u00fcnftiger Bedarf: ca. 5.000 kWh\/Jahr<\/p>\n\n\n\n<p class=\"wp-block-paragraph\"><strong>Gew\u00e4hlte Anlagengr\u00f6\u00dfe:<\/strong><br>5,32 kWp (ergibt rund 5.000 kWh Ertrag pro Jahr, bei der Faustregel: 1 kWp \u2248 1.000 kWh)<\/p>\n\n\n\n<p class=\"wp-block-paragraph\">\ud83d\udc49 <strong>Faustregel:<\/strong><br><strong>J\u00e4hrlicher Stromverbrauch in kWh \u00f7 1.000 = empfohlene Anlagenleistung in kWp<\/strong><\/p>\n\n\n\n<p class=\"wp-block-paragraph\"><strong>Tipp:<\/strong> Plane etwa 25\u201330\u202f% Puffer ein, wenn du k\u00fcnftig mehr Strom verbrauchst (z.\u202fB. durch W\u00e4rmepumpe oder E-Mobilit\u00e4t).<\/p>\n\n\n\n<hr class=\"wp-block-separator has-alpha-channel-opacity\"\/>\n\n\n\n<h3 class=\"wp-block-heading\"><strong>Speicher: Sinnvoll oder nur teuer?<\/strong><\/h3>\n\n\n\n<p class=\"wp-block-paragraph\">Ein h\u00e4ufiges Missverst\u00e4ndnis: Speicher <em>m\u00fcssen<\/em> rentabel sein. In der Praxis sind sie meist ein Kostentreiber.<\/p>\n\n\n\n<p class=\"wp-block-paragraph\"><strong>Beispielrechnung Speicher (5\u202fkWh):<\/strong><\/p>\n\n\n\n<ul class=\"wp-block-list\">\n<li>Investitionskosten: ca. 5.000\u202f\u20ac<\/li>\n\n\n\n<li>Rentabel w\u00e4re: max. 2.500\u202f\u20ac<\/li>\n\n\n\n<li>Ersparnis gegen\u00fcber Netzstrom (bei 10 Cent\/kWh): nur langfristig sichtbar<\/li>\n\n\n\n<li>Speicherverluste und entgangene Einspeisung verschlechtern die Bilanz<\/li>\n<\/ul>\n\n\n\n<p class=\"wp-block-paragraph\">Fazit: Speicher lohnen sich <em>derzeit<\/em> selten im Privathaushalt \u2013 vor allem nicht im Winter, wenn der Eigenverbrauch ohnehin hoch ist.<\/p>\n\n\n\n<hr class=\"wp-block-separator has-alpha-channel-opacity\"\/>\n\n\n\n<h3 class=\"wp-block-heading\"><strong>Vergleichstabelle: \u201eDach vollmachen\u201c vs. \u201ebedarfsgerecht planen\u201c<\/strong><\/h3>\n\n\n\n<figure class=\"wp-block-table\"><table class=\"has-fixed-layout\"><thead><tr><th>Kriterium<\/th><th>Dach vollmachen (10\u201315 kWp)<\/th><th>Bedarfsgerechte Planung (5\u20136 kWp)<\/th><\/tr><\/thead><tbody><tr><td><strong>Investitionskosten<\/strong><\/td><td>Hoch<\/td><td>Moderat<\/td><\/tr><tr><td><strong>Eigenverbrauchsquote<\/strong><\/td><td>Niedrig (20\u201340\u202f%)<\/td><td>Hoch (60\u201380\u202f%)<\/td><\/tr><tr><td><strong>\u00dcberschuss-Strom<\/strong><\/td><td>Viel, meist schlecht verg\u00fctet<\/td><td>Gering, besser verwertbar<\/td><\/tr><tr><td><strong>Amortisationszeit<\/strong><\/td><td>Lang (&gt;15 Jahre)<\/td><td>Kurz (8\u201312 Jahre)<\/td><\/tr><tr><td><strong>Notwendigkeit von Speicher<\/strong><\/td><td>Hoch (zur Eigenverbrauchserh\u00f6hung)<\/td><td>Gering bis optional<\/td><\/tr><tr><td><strong>\u00d6kologischer Nutzen<\/strong><\/td><td>Hoch, aber geringerer Wirkungsgrad<\/td><td>Hoch, mit guter Effizienz<\/td><\/tr><tr><td><strong>Flexibilit\u00e4t bei Nachr\u00fcstung<\/strong><\/td><td>Eingeschr\u00e4nkt<\/td><td>Besser (Reserve am Dach bleibt)<\/td><\/tr><\/tbody><\/table><\/figure>\n\n\n\n<hr class=\"wp-block-separator has-alpha-channel-opacity\"\/>\n\n\n\n<h3 class=\"wp-block-heading\"><strong>Fazit von &#8222;Warum Du Dein Dach nicht vollmachen musst<\/strong>&#8222;<strong>: Bedarf statt Maximalfl\u00e4che<\/strong><\/h3>\n\n\n\n<p class=\"wp-block-paragraph\">Mehr ist nicht automatisch besser. Eine PV-Anlage sollte:<\/p>\n\n\n\n<ul class=\"wp-block-list\">\n<li>Den erwarteten Eigenverbrauch abdecken<\/li>\n\n\n\n<li>M\u00f6glichst effizient arbeiten<\/li>\n\n\n\n<li>Sich wirtschaftlich tragen<\/li>\n<\/ul>\n\n\n\n<p class=\"wp-block-paragraph\">Speicherl\u00f6sungen lohnen sich derzeit meist nur ideell \u2013 oder wenn Blackout-Sicherheit ein zentrales Anliegen ist.<\/p>\n\n\n\n<hr class=\"wp-block-separator has-alpha-channel-opacity\"\/>\n\n\n\n<p class=\"wp-block-paragraph\"><strong>Dein Stromverbrauch liegt bei rund 5.000\u202fkWh\/Jahr?<\/strong><br>Dann ist eine PV-Anlage mit etwa 5\u20136\u202fkWp die wirtschaftlich und \u00f6kologisch sinnvollste Wahl \u2013 mit etwas Luft nach oben f\u00fcr zuk\u00fcnftige Verbrauchssteigerungen.<\/p>\n\n\n\n<hr class=\"wp-block-separator has-alpha-channel-opacity\"\/>\n\n\n\n<p class=\"wp-block-paragraph\"><strong>Fragen oder eigene Erfahrungen?<\/strong><br>Dann teile sie gerne in den Kommentaren!<\/p>\n","protected":false},"excerpt":{"rendered":"<p>Immer wieder h\u00f6rt man den Ratschlag: \u201eMach doch einfach das ganze Dach voll mit PV-Modulen!\u201c Doch ist das wirklich sinnvoll? In diesem Beitrag werfen wir einen kritischen Blick auf die Dimensionierung von Photovoltaikanlagen, Einspeiseverg\u00fctungen, Speicherl\u00f6sungen und geben praxisnahe Tipps f\u00fcr eine nachhaltige und wirtschaftlich sinnvolle Auslegung.<\/p>\n","protected":false},"author":1,"featured_media":407,"comment_status":"open","ping_status":"open","sticky":false,"template":"","format":"standard","meta":{"neve_meta_sidebar":"","neve_meta_container":"","neve_meta_enable_content_width":"","neve_meta_content_width":0,"neve_meta_title_alignment":"","neve_meta_author_avatar":"","neve_post_elements_order":"","neve_meta_disable_header":"","neve_meta_disable_footer":"","neve_meta_disable_title":"","footnotes":""},"categories":[1],"tags":[],"class_list":["post-315","post","type-post","status-publish","format-standard","has-post-thumbnail","hentry","category-allgemein"],"yoast_head":"<!-- This site is optimized with the Yoast SEO plugin v28.2 - https:\/\/yoast.com\/product\/yoast-seo-wordpress\/ -->\n<title>Warum Du Dein Dach nicht vollmachen musst \u2013 eine ehrliche Einsch\u00e4tzung<\/title>\n<meta name=\"description\" content=\"Warum Du Dein Dach nicht vollmachen musst. Immer wieder h\u00f6rt man den Ratschlag: \u201eMach das ganze Dach voll mit PV!\u201c Ist das wirklich sinnvoll?\" \/>\n<meta name=\"robots\" content=\"index, follow, max-snippet:-1, max-image-preview:large, max-video-preview:-1\" \/>\n<link rel=\"canonical\" href=\"https:\/\/alpenlandmagazin.at\/hochnachhaltig\/warum-du-dein-dach-nicht-vollmachen-musst\/\" \/>\n<meta property=\"og:locale\" content=\"de_DE\" \/>\n<meta property=\"og:type\" content=\"article\" \/>\n<meta property=\"og:title\" content=\"Warum Du Dein Dach nicht vollmachen musst \u2013 eine ehrliche Einsch\u00e4tzung\" \/>\n<meta property=\"og:description\" content=\"Warum Du Dein Dach nicht vollmachen musst. Immer wieder h\u00f6rt man den Ratschlag: \u201eMach das ganze Dach voll mit PV!\u201c Ist das wirklich sinnvoll?\" \/>\n<meta property=\"og:url\" content=\"https:\/\/alpenlandmagazin.at\/hochnachhaltig\/warum-du-dein-dach-nicht-vollmachen-musst\/\" \/>\n<meta property=\"og:site_name\" content=\"hoch.nachhaltig - Berge. Umwelt. Selbstwirksamkeit.\" \/>\n<meta property=\"article:published_time\" content=\"2025-03-15T18:32:35+00:00\" \/>\n<meta property=\"article:modified_time\" content=\"2026-06-30T13:37:56+00:00\" \/>\n<meta property=\"og:image\" content=\"https:\/\/alpenlandmagazin.at\/hochnachhaltig\/wp-content\/uploads\/2025\/03\/IMWY1FbD9VqVc-e1782825960710.png\" \/>\n\t<meta property=\"og:image:width\" content=\"1213\" \/>\n\t<meta property=\"og:image:height\" content=\"768\" \/>\n\t<meta property=\"og:image:type\" content=\"image\/png\" \/>\n<meta name=\"author\" content=\"ckrieh\" \/>\n<meta name=\"twitter:card\" content=\"summary_large_image\" \/>\n<meta name=\"twitter:label1\" content=\"Verfasst von\" \/>\n\t<meta name=\"twitter:data1\" content=\"ckrieh\" \/>\n\t<meta name=\"twitter:label2\" content=\"Gesch\u00e4tzte Lesezeit\" \/>\n\t<meta name=\"twitter:data2\" content=\"3\u00a0Minuten\" \/>\n<script type=\"application\/ld+json\" class=\"yoast-schema-graph\">{\"@context\":\"https:\\\/\\\/schema.org\",\"@graph\":[{\"@type\":\"Article\",\"@id\":\"https:\\\/\\\/alpenlandmagazin.at\\\/hochnachhaltig\\\/warum-du-dein-dach-nicht-vollmachen-musst\\\/#article\",\"isPartOf\":{\"@id\":\"https:\\\/\\\/alpenlandmagazin.at\\\/hochnachhaltig\\\/warum-du-dein-dach-nicht-vollmachen-musst\\\/\"},\"author\":{\"name\":\"ckrieh\",\"@id\":\"https:\\\/\\\/alpenlandmagazin.at\\\/hochnachhaltig\\\/#\\\/schema\\\/person\\\/7f5ce1e0f5b51b3dc237c27155c063b6\"},\"headline\":\"Warum Du Dein Dach nicht vollmachen musst \u2013 eine ehrliche Einsch\u00e4tzung\",\"datePublished\":\"2025-03-15T18:32:35+00:00\",\"dateModified\":\"2026-06-30T13:37:56+00:00\",\"mainEntityOfPage\":{\"@id\":\"https:\\\/\\\/alpenlandmagazin.at\\\/hochnachhaltig\\\/warum-du-dein-dach-nicht-vollmachen-musst\\\/\"},\"wordCount\":452,\"commentCount\":0,\"publisher\":{\"@id\":\"https:\\\/\\\/alpenlandmagazin.at\\\/hochnachhaltig\\\/#\\\/schema\\\/person\\\/cde7b4195499a8410a9ab4304ba1a6fe\"},\"image\":{\"@id\":\"https:\\\/\\\/alpenlandmagazin.at\\\/hochnachhaltig\\\/warum-du-dein-dach-nicht-vollmachen-musst\\\/#primaryimage\"},\"thumbnailUrl\":\"https:\\\/\\\/alpenlandmagazin.at\\\/hochnachhaltig\\\/wp-content\\\/uploads\\\/2025\\\/03\\\/IMWY1FbD9VqVc-e1782825960710.png\",\"inLanguage\":\"de\",\"potentialAction\":[{\"@type\":\"CommentAction\",\"name\":\"Comment\",\"target\":[\"https:\\\/\\\/alpenlandmagazin.at\\\/hochnachhaltig\\\/warum-du-dein-dach-nicht-vollmachen-musst\\\/#respond\"]}]},{\"@type\":\"WebPage\",\"@id\":\"https:\\\/\\\/alpenlandmagazin.at\\\/hochnachhaltig\\\/warum-du-dein-dach-nicht-vollmachen-musst\\\/\",\"url\":\"https:\\\/\\\/alpenlandmagazin.at\\\/hochnachhaltig\\\/warum-du-dein-dach-nicht-vollmachen-musst\\\/\",\"name\":\"Warum Du Dein Dach nicht vollmachen musst \u2013 eine ehrliche Einsch\u00e4tzung\",\"isPartOf\":{\"@id\":\"https:\\\/\\\/alpenlandmagazin.at\\\/hochnachhaltig\\\/#website\"},\"primaryImageOfPage\":{\"@id\":\"https:\\\/\\\/alpenlandmagazin.at\\\/hochnachhaltig\\\/warum-du-dein-dach-nicht-vollmachen-musst\\\/#primaryimage\"},\"image\":{\"@id\":\"https:\\\/\\\/alpenlandmagazin.at\\\/hochnachhaltig\\\/warum-du-dein-dach-nicht-vollmachen-musst\\\/#primaryimage\"},\"thumbnailUrl\":\"https:\\\/\\\/alpenlandmagazin.at\\\/hochnachhaltig\\\/wp-content\\\/uploads\\\/2025\\\/03\\\/IMWY1FbD9VqVc-e1782825960710.png\",\"datePublished\":\"2025-03-15T18:32:35+00:00\",\"dateModified\":\"2026-06-30T13:37:56+00:00\",\"description\":\"Warum Du Dein Dach nicht vollmachen musst. Immer wieder h\u00f6rt man den Ratschlag: \u201eMach das ganze Dach voll mit PV!\u201c Ist das wirklich sinnvoll?\",\"breadcrumb\":{\"@id\":\"https:\\\/\\\/alpenlandmagazin.at\\\/hochnachhaltig\\\/warum-du-dein-dach-nicht-vollmachen-musst\\\/#breadcrumb\"},\"inLanguage\":\"de\",\"potentialAction\":[{\"@type\":\"ReadAction\",\"target\":[\"https:\\\/\\\/alpenlandmagazin.at\\\/hochnachhaltig\\\/warum-du-dein-dach-nicht-vollmachen-musst\\\/\"]}]},{\"@type\":\"ImageObject\",\"inLanguage\":\"de\",\"@id\":\"https:\\\/\\\/alpenlandmagazin.at\\\/hochnachhaltig\\\/warum-du-dein-dach-nicht-vollmachen-musst\\\/#primaryimage\",\"url\":\"https:\\\/\\\/alpenlandmagazin.at\\\/hochnachhaltig\\\/wp-content\\\/uploads\\\/2025\\\/03\\\/IMWY1FbD9VqVc-e1782825960710.png\",\"contentUrl\":\"https:\\\/\\\/alpenlandmagazin.at\\\/hochnachhaltig\\\/wp-content\\\/uploads\\\/2025\\\/03\\\/IMWY1FbD9VqVc-e1782825960710.png\",\"width\":1213,\"height\":768},{\"@type\":\"BreadcrumbList\",\"@id\":\"https:\\\/\\\/alpenlandmagazin.at\\\/hochnachhaltig\\\/warum-du-dein-dach-nicht-vollmachen-musst\\\/#breadcrumb\",\"itemListElement\":[{\"@type\":\"ListItem\",\"position\":1,\"name\":\"Startseite\",\"item\":\"https:\\\/\\\/alpenlandmagazin.at\\\/hochnachhaltig\\\/\"},{\"@type\":\"ListItem\",\"position\":2,\"name\":\"Warum Du Dein Dach nicht vollmachen musst \u2013 eine ehrliche Einsch\u00e4tzung\"}]},{\"@type\":\"WebSite\",\"@id\":\"https:\\\/\\\/alpenlandmagazin.at\\\/hochnachhaltig\\\/#website\",\"url\":\"https:\\\/\\\/alpenlandmagazin.at\\\/hochnachhaltig\\\/\",\"name\":\"hoch.nachhaltig - Berge. Umwelt. Selbstwirksamkeit.\",\"description\":\"Wie man die Welt rettet und dabei Geld spart.\",\"publisher\":{\"@id\":\"https:\\\/\\\/alpenlandmagazin.at\\\/hochnachhaltig\\\/#\\\/schema\\\/person\\\/cde7b4195499a8410a9ab4304ba1a6fe\"},\"alternateName\":\"hoch.nachhaltig\",\"potentialAction\":[{\"@type\":\"SearchAction\",\"target\":{\"@type\":\"EntryPoint\",\"urlTemplate\":\"https:\\\/\\\/alpenlandmagazin.at\\\/hochnachhaltig\\\/?s={search_term_string}\"},\"query-input\":{\"@type\":\"PropertyValueSpecification\",\"valueRequired\":true,\"valueName\":\"search_term_string\"}}],\"inLanguage\":\"de\"},{\"@type\":[\"Person\",\"Organization\"],\"@id\":\"https:\\\/\\\/alpenlandmagazin.at\\\/hochnachhaltig\\\/#\\\/schema\\\/person\\\/cde7b4195499a8410a9ab4304ba1a6fe\",\"name\":\"Christian Schreiter\",\"image\":{\"@type\":\"ImageObject\",\"inLanguage\":\"de\",\"@id\":\"https:\\\/\\\/alpenlandmagazin.at\\\/hochnachhaltig\\\/wp-content\\\/uploads\\\/2023\\\/12\\\/logo11_4_172949.png\",\"url\":\"https:\\\/\\\/alpenlandmagazin.at\\\/hochnachhaltig\\\/wp-content\\\/uploads\\\/2023\\\/12\\\/logo11_4_172949.png\",\"contentUrl\":\"https:\\\/\\\/alpenlandmagazin.at\\\/hochnachhaltig\\\/wp-content\\\/uploads\\\/2023\\\/12\\\/logo11_4_172949.png\",\"width\":2000,\"height\":2000,\"caption\":\"Christian Schreiter\"},\"logo\":{\"@id\":\"https:\\\/\\\/alpenlandmagazin.at\\\/hochnachhaltig\\\/wp-content\\\/uploads\\\/2023\\\/12\\\/logo11_4_172949.png\"}},{\"@type\":\"Person\",\"@id\":\"https:\\\/\\\/alpenlandmagazin.at\\\/hochnachhaltig\\\/#\\\/schema\\\/person\\\/7f5ce1e0f5b51b3dc237c27155c063b6\",\"name\":\"ckrieh\",\"image\":{\"@type\":\"ImageObject\",\"inLanguage\":\"de\",\"@id\":\"https:\\\/\\\/secure.gravatar.com\\\/avatar\\\/1a61d60ff2b88bcf2b98ce01b7ba9fe7685606d7822c85153b9262eac30a2c74?s=96&d=mm&r=g\",\"url\":\"https:\\\/\\\/secure.gravatar.com\\\/avatar\\\/1a61d60ff2b88bcf2b98ce01b7ba9fe7685606d7822c85153b9262eac30a2c74?s=96&d=mm&r=g\",\"contentUrl\":\"https:\\\/\\\/secure.gravatar.com\\\/avatar\\\/1a61d60ff2b88bcf2b98ce01b7ba9fe7685606d7822c85153b9262eac30a2c74?s=96&d=mm&r=g\",\"caption\":\"ckrieh\"},\"sameAs\":[\"https:\\\/\\\/alpenlandmagazin.at\\\/hochnachhaltig\"],\"url\":\"https:\\\/\\\/alpenlandmagazin.at\\\/hochnachhaltig\\\/author\\\/ckrieh\\\/\"}]}<\/script>\n<!-- \/ Yoast SEO plugin. -->","yoast_head_json":{"title":"Warum Du Dein Dach nicht vollmachen musst \u2013 eine ehrliche Einsch\u00e4tzung","description":"Warum Du Dein Dach nicht vollmachen musst. Immer wieder h\u00f6rt man den Ratschlag: \u201eMach das ganze Dach voll mit PV!\u201c Ist das wirklich sinnvoll?","robots":{"index":"index","follow":"follow","max-snippet":"max-snippet:-1","max-image-preview":"max-image-preview:large","max-video-preview":"max-video-preview:-1"},"canonical":"https:\/\/alpenlandmagazin.at\/hochnachhaltig\/warum-du-dein-dach-nicht-vollmachen-musst\/","og_locale":"de_DE","og_type":"article","og_title":"Warum Du Dein Dach nicht vollmachen musst \u2013 eine ehrliche Einsch\u00e4tzung","og_description":"Warum Du Dein Dach nicht vollmachen musst. Immer wieder h\u00f6rt man den Ratschlag: \u201eMach das ganze Dach voll mit PV!\u201c Ist das wirklich sinnvoll?","og_url":"https:\/\/alpenlandmagazin.at\/hochnachhaltig\/warum-du-dein-dach-nicht-vollmachen-musst\/","og_site_name":"hoch.nachhaltig - Berge. Umwelt. Selbstwirksamkeit.","article_published_time":"2025-03-15T18:32:35+00:00","article_modified_time":"2026-06-30T13:37:56+00:00","og_image":[{"width":1213,"height":768,"url":"https:\/\/alpenlandmagazin.at\/hochnachhaltig\/wp-content\/uploads\/2025\/03\/IMWY1FbD9VqVc-e1782825960710.png","type":"image\/png"}],"author":"ckrieh","twitter_card":"summary_large_image","twitter_misc":{"Verfasst von":"ckrieh","Gesch\u00e4tzte Lesezeit":"3\u00a0Minuten"},"schema":{"@context":"https:\/\/schema.org","@graph":[{"@type":"Article","@id":"https:\/\/alpenlandmagazin.at\/hochnachhaltig\/warum-du-dein-dach-nicht-vollmachen-musst\/#article","isPartOf":{"@id":"https:\/\/alpenlandmagazin.at\/hochnachhaltig\/warum-du-dein-dach-nicht-vollmachen-musst\/"},"author":{"name":"ckrieh","@id":"https:\/\/alpenlandmagazin.at\/hochnachhaltig\/#\/schema\/person\/7f5ce1e0f5b51b3dc237c27155c063b6"},"headline":"Warum Du Dein Dach nicht vollmachen musst \u2013 eine ehrliche Einsch\u00e4tzung","datePublished":"2025-03-15T18:32:35+00:00","dateModified":"2026-06-30T13:37:56+00:00","mainEntityOfPage":{"@id":"https:\/\/alpenlandmagazin.at\/hochnachhaltig\/warum-du-dein-dach-nicht-vollmachen-musst\/"},"wordCount":452,"commentCount":0,"publisher":{"@id":"https:\/\/alpenlandmagazin.at\/hochnachhaltig\/#\/schema\/person\/cde7b4195499a8410a9ab4304ba1a6fe"},"image":{"@id":"https:\/\/alpenlandmagazin.at\/hochnachhaltig\/warum-du-dein-dach-nicht-vollmachen-musst\/#primaryimage"},"thumbnailUrl":"https:\/\/alpenlandmagazin.at\/hochnachhaltig\/wp-content\/uploads\/2025\/03\/IMWY1FbD9VqVc-e1782825960710.png","inLanguage":"de","potentialAction":[{"@type":"CommentAction","name":"Comment","target":["https:\/\/alpenlandmagazin.at\/hochnachhaltig\/warum-du-dein-dach-nicht-vollmachen-musst\/#respond"]}]},{"@type":"WebPage","@id":"https:\/\/alpenlandmagazin.at\/hochnachhaltig\/warum-du-dein-dach-nicht-vollmachen-musst\/","url":"https:\/\/alpenlandmagazin.at\/hochnachhaltig\/warum-du-dein-dach-nicht-vollmachen-musst\/","name":"Warum Du Dein Dach nicht vollmachen musst \u2013 eine ehrliche Einsch\u00e4tzung","isPartOf":{"@id":"https:\/\/alpenlandmagazin.at\/hochnachhaltig\/#website"},"primaryImageOfPage":{"@id":"https:\/\/alpenlandmagazin.at\/hochnachhaltig\/warum-du-dein-dach-nicht-vollmachen-musst\/#primaryimage"},"image":{"@id":"https:\/\/alpenlandmagazin.at\/hochnachhaltig\/warum-du-dein-dach-nicht-vollmachen-musst\/#primaryimage"},"thumbnailUrl":"https:\/\/alpenlandmagazin.at\/hochnachhaltig\/wp-content\/uploads\/2025\/03\/IMWY1FbD9VqVc-e1782825960710.png","datePublished":"2025-03-15T18:32:35+00:00","dateModified":"2026-06-30T13:37:56+00:00","description":"Warum Du Dein Dach nicht vollmachen musst. Immer wieder h\u00f6rt man den Ratschlag: \u201eMach das ganze Dach voll mit PV!\u201c Ist das wirklich sinnvoll?","breadcrumb":{"@id":"https:\/\/alpenlandmagazin.at\/hochnachhaltig\/warum-du-dein-dach-nicht-vollmachen-musst\/#breadcrumb"},"inLanguage":"de","potentialAction":[{"@type":"ReadAction","target":["https:\/\/alpenlandmagazin.at\/hochnachhaltig\/warum-du-dein-dach-nicht-vollmachen-musst\/"]}]},{"@type":"ImageObject","inLanguage":"de","@id":"https:\/\/alpenlandmagazin.at\/hochnachhaltig\/warum-du-dein-dach-nicht-vollmachen-musst\/#primaryimage","url":"https:\/\/alpenlandmagazin.at\/hochnachhaltig\/wp-content\/uploads\/2025\/03\/IMWY1FbD9VqVc-e1782825960710.png","contentUrl":"https:\/\/alpenlandmagazin.at\/hochnachhaltig\/wp-content\/uploads\/2025\/03\/IMWY1FbD9VqVc-e1782825960710.png","width":1213,"height":768},{"@type":"BreadcrumbList","@id":"https:\/\/alpenlandmagazin.at\/hochnachhaltig\/warum-du-dein-dach-nicht-vollmachen-musst\/#breadcrumb","itemListElement":[{"@type":"ListItem","position":1,"name":"Startseite","item":"https:\/\/alpenlandmagazin.at\/hochnachhaltig\/"},{"@type":"ListItem","position":2,"name":"Warum Du Dein Dach nicht vollmachen musst \u2013 eine ehrliche Einsch\u00e4tzung"}]},{"@type":"WebSite","@id":"https:\/\/alpenlandmagazin.at\/hochnachhaltig\/#website","url":"https:\/\/alpenlandmagazin.at\/hochnachhaltig\/","name":"hoch.nachhaltig - Berge. Umwelt. Selbstwirksamkeit.","description":"Wie man die Welt rettet und dabei Geld spart.","publisher":{"@id":"https:\/\/alpenlandmagazin.at\/hochnachhaltig\/#\/schema\/person\/cde7b4195499a8410a9ab4304ba1a6fe"},"alternateName":"hoch.nachhaltig","potentialAction":[{"@type":"SearchAction","target":{"@type":"EntryPoint","urlTemplate":"https:\/\/alpenlandmagazin.at\/hochnachhaltig\/?s={search_term_string}"},"query-input":{"@type":"PropertyValueSpecification","valueRequired":true,"valueName":"search_term_string"}}],"inLanguage":"de"},{"@type":["Person","Organization"],"@id":"https:\/\/alpenlandmagazin.at\/hochnachhaltig\/#\/schema\/person\/cde7b4195499a8410a9ab4304ba1a6fe","name":"Christian Schreiter","image":{"@type":"ImageObject","inLanguage":"de","@id":"https:\/\/alpenlandmagazin.at\/hochnachhaltig\/wp-content\/uploads\/2023\/12\/logo11_4_172949.png","url":"https:\/\/alpenlandmagazin.at\/hochnachhaltig\/wp-content\/uploads\/2023\/12\/logo11_4_172949.png","contentUrl":"https:\/\/alpenlandmagazin.at\/hochnachhaltig\/wp-content\/uploads\/2023\/12\/logo11_4_172949.png","width":2000,"height":2000,"caption":"Christian Schreiter"},"logo":{"@id":"https:\/\/alpenlandmagazin.at\/hochnachhaltig\/wp-content\/uploads\/2023\/12\/logo11_4_172949.png"}},{"@type":"Person","@id":"https:\/\/alpenlandmagazin.at\/hochnachhaltig\/#\/schema\/person\/7f5ce1e0f5b51b3dc237c27155c063b6","name":"ckrieh","image":{"@type":"ImageObject","inLanguage":"de","@id":"https:\/\/secure.gravatar.com\/avatar\/1a61d60ff2b88bcf2b98ce01b7ba9fe7685606d7822c85153b9262eac30a2c74?s=96&d=mm&r=g","url":"https:\/\/secure.gravatar.com\/avatar\/1a61d60ff2b88bcf2b98ce01b7ba9fe7685606d7822c85153b9262eac30a2c74?s=96&d=mm&r=g","contentUrl":"https:\/\/secure.gravatar.com\/avatar\/1a61d60ff2b88bcf2b98ce01b7ba9fe7685606d7822c85153b9262eac30a2c74?s=96&d=mm&r=g","caption":"ckrieh"},"sameAs":["https:\/\/alpenlandmagazin.at\/hochnachhaltig"],"url":"https:\/\/alpenlandmagazin.at\/hochnachhaltig\/author\/ckrieh\/"}]}},"_links":{"self":[{"href":"https:\/\/alpenlandmagazin.at\/hochnachhaltig\/wp-json\/wp\/v2\/posts\/315","targetHints":{"allow":["GET"]}}],"collection":[{"href":"https:\/\/alpenlandmagazin.at\/hochnachhaltig\/wp-json\/wp\/v2\/posts"}],"about":[{"href":"https:\/\/alpenlandmagazin.at\/hochnachhaltig\/wp-json\/wp\/v2\/types\/post"}],"author":[{"embeddable":true,"href":"https:\/\/alpenlandmagazin.at\/hochnachhaltig\/wp-json\/wp\/v2\/users\/1"}],"replies":[{"embeddable":true,"href":"https:\/\/alpenlandmagazin.at\/hochnachhaltig\/wp-json\/wp\/v2\/comments?post=315"}],"version-history":[{"count":1,"href":"https:\/\/alpenlandmagazin.at\/hochnachhaltig\/wp-json\/wp\/v2\/posts\/315\/revisions"}],"predecessor-version":[{"id":317,"href":"https:\/\/alpenlandmagazin.at\/hochnachhaltig\/wp-json\/wp\/v2\/posts\/315\/revisions\/317"}],"wp:featuredmedia":[{"embeddable":true,"href":"https:\/\/alpenlandmagazin.at\/hochnachhaltig\/wp-json\/wp\/v2\/media\/407"}],"wp:attachment":[{"href":"https:\/\/alpenlandmagazin.at\/hochnachhaltig\/wp-json\/wp\/v2\/media?parent=315"}],"wp:term":[{"taxonomy":"category","embeddable":true,"href":"https:\/\/alpenlandmagazin.at\/hochnachhaltig\/wp-json\/wp\/v2\/categories?post=315"},{"taxonomy":"post_tag","embeddable":true,"href":"https:\/\/alpenlandmagazin.at\/hochnachhaltig\/wp-json\/wp\/v2\/tags?post=315"}],"curies":[{"name":"wp","href":"https:\/\/api.w.org\/{rel}","templated":true}]}}