{"id":324,"date":"2025-05-01T16:29:42","date_gmt":"2025-05-01T14:29:42","guid":{"rendered":"https:\/\/alpenlandmagazin.at\/hochnachhaltig\/?p=324"},"modified":"2026-06-30T14:18:41","modified_gmt":"2026-06-30T12:18:41","slug":"1-jahr-mit-dem-fiat-600e","status":"publish","type":"post","link":"https:\/\/alpenlandmagazin.at\/hochnachhaltig\/1-jahr-mit-dem-fiat-600e\/","title":{"rendered":"1 Jahr mit dem Fiat 600e: mein ehrlicher Erfahrungsbericht"},"content":{"rendered":"\n<p class=\"wp-block-paragraph\">Vor ziemlich genau einem Jahr habe ich meinen <a href=\"https:\/\/alpenlandmagazin.at\/hochnachhaltig\/mein-fiat-600e-ich-erster-eindruck-inkl-reichweite\/\">Fiat 600e<\/a> abgeholt \u2013 in der wundersch\u00f6nen Farbe \u201eSea of Italy\u201c, die ich \u00fcbrigens noch immer jedem weiterempfehlen w\u00fcrde. Nun, rund 20.000 Kilometer sp\u00e4ter, ist es Zeit f\u00fcr ein ehrliches Res\u00fcmee: Wie f\u00e4hrt sich der kleine Elektro-Italiener im Alltag, auf der Langstrecke, im Sommer, im Winter \u2013 und wo liegen seine St\u00e4rken und Schw\u00e4chen? Hier kommt mein pers\u00f6nlicher R\u00fcckblick zum Thema &#8222;1 Jahr und 20.000 km mit dem <a href=\"https:\/\/www.fiat.at\/modelle\/600\" target=\"_blank\" rel=\"noreferrer noopener\">Fiat 600e<\/a>&#8222;.<\/p>\n\n\n<div class=\"epyt-video-wrapper\"><div  id=\"_ytid_86600\"  width=\"1200\" height=\"675\"  data-origwidth=\"1200\" data-origheight=\"675\" data-facadesrc=\"https:\/\/www.youtube.com\/embed\/_gH9UfAxOOg?enablejsapi=1&#038;origin=https:\/\/alpenlandmagazin.at&#038;autoplay=0&#038;cc_load_policy=0&#038;cc_lang_pref=de&#038;iv_load_policy=1&#038;loop=0&#038;rel=0&#038;fs=1&#038;playsinline=1&#038;autohide=2&#038;theme=dark&#038;color=red&#038;controls=1&#038;disablekb=0&#038;\" class=\"__youtube_prefs__ epyt-facade no-lazyload\" data-epautoplay=\"1\" ><img decoding=\"async\" data-spai-excluded=\"true\" class=\"epyt-facade-poster skip-lazy\" loading=\"lazy\"  alt=\"YouTube player\"  src=\"https:\/\/i.ytimg.com\/vi\/_gH9UfAxOOg\/maxresdefault.jpg\"  \/><button class=\"epyt-facade-play\" aria-label=\"Play\"><svg data-no-lazy=\"1\" height=\"100%\" version=\"1.1\" viewBox=\"0 0 68 48\" width=\"100%\"><path class=\"ytp-large-play-button-bg\" d=\"M66.52,7.74c-0.78-2.93-2.49-5.41-5.42-6.19C55.79,.13,34,0,34,0S12.21,.13,6.9,1.55 C3.97,2.33,2.27,4.81,1.48,7.74C0.06,13.05,0,24,0,24s0.06,10.95,1.48,16.26c0.78,2.93,2.49,5.41,5.42,6.19 C12.21,47.87,34,48,34,48s21.79-0.13,27.1-1.55c2.93-0.78,4.64-3.26,5.42-6.19C67.94,34.95,68,24,68,24S67.94,13.05,66.52,7.74z\" fill=\"#f00\"><\/path><path d=\"M 45,24 27,14 27,34\" fill=\"#fff\"><\/path><\/svg><\/button><\/div><\/div>\n\n\n<hr class=\"wp-block-separator has-alpha-channel-opacity\"\/>\n\n\n\n<h2 class=\"wp-block-heading\"><strong>Die Fakten: Verbrauch &amp; Reichweite<\/strong><\/h2>\n\n\n\n<p class=\"wp-block-paragraph\">Im Jahresdurchschnitt liege ich bei:<\/p>\n\n\n\n<ul class=\"wp-block-list\">\n<li><strong>Sommerverbrauch:<\/strong> ca. <strong>16,3 kWh\/100 km<\/strong><\/li>\n\n\n\n<li><strong>Winterverbrauch:<\/strong> ca. <strong>18,3 kWh\/100 km<\/strong><\/li>\n<\/ul>\n\n\n\n<p class=\"wp-block-paragraph\">Ich lebe am Land, fahre \u00fcberwiegend auf Landstra\u00dfen und Schnellstra\u00dfen \u2013 Stadtverkehr ist eher selten. Trotzdem zeigt der 600e hier eine solide Effizienz. Wer haupts\u00e4chlich im Stadtgebiet f\u00e4hrt, kann den Verbrauch sogar auf rund 10 kWh\/100 km dr\u00fccken.<\/p>\n\n\n\n<p class=\"wp-block-paragraph\"><strong>Reichweite?<\/strong><br>Im Alltag schaffe ich etwa <strong>350 km<\/strong>. Auf der Autobahn, je nach Jahreszeit, sind es <strong>zwischen 250 und 300 km<\/strong>. Innerst\u00e4dtisch sind sogar <strong>bis zu 500 km<\/strong> drin. F\u00fcr meine Bed\u00fcrfnisse absolut ausreichend.<\/p>\n\n\n\n<h2 class=\"wp-block-heading\"><strong>Ladeerfahrung: Schnell, zuverl\u00e4ssig &amp; g\u00fcnstig dank PV<\/strong><\/h2>\n\n\n\n<p class=\"wp-block-paragraph\">Ich lade zu Hause meist mit meiner <strong>Photovoltaikanlage<\/strong>, was mir im Jahresschnitt rund <strong>10 Cent pro kWh<\/strong> kostete \u2013 unschlagbar g\u00fcnstig. Unterwegs nutze ich vor allem die <strong>Schnelllader von Ionity<\/strong> \u2013 dank eines guten Tarifs (39 Cent\/kWh bei 12 \u20ac Grundgeb\u00fchr pro Monat) auch preislich sehr fair.<\/p>\n\n\n\n<p class=\"wp-block-paragraph\">Die Ladeleistung ist top:<\/p>\n\n\n\n<ul class=\"wp-block-list\">\n<li><strong>Bis zu 111 kW<\/strong> (auch wenn offiziell 100 kW angegeben sind)<\/li>\n\n\n\n<li>Von <strong>20 % auf 80 %<\/strong> in etwa <strong>20 Minuten<\/strong><\/li>\n<\/ul>\n\n\n\n<p class=\"wp-block-paragraph\">Kleines Manko: Die <strong>native Navigation<\/strong> von Fiat hat keine aktive Ladeplanung. Abhilfe schafft das <strong><a href=\"https:\/\/alpenlandmagazin.at\/hochnachhaltig\/intelligente-ladeplanung-mit-eroute\/\">eRoutes-Connect-Paket<\/a><\/strong>, das aber (noch) nicht ganz intuitiv ist \u2013 auch wegen der etwas gew\u00f6hnungsbed\u00fcrftigen Sprachf\u00fchrung.<\/p>\n\n\n\n<h2 class=\"wp-block-heading\"><strong>Fahrkomfort &amp; Technik<\/strong><\/h2>\n\n\n\n<p class=\"wp-block-paragraph\">Was ich besonders sch\u00e4tze:<\/p>\n\n\n\n<ul class=\"wp-block-list\">\n<li><strong>Adaptiver Tempomat, Spurhalte- &amp; Stauassistent<\/strong> \u2013 einfach traumhaft auf der Langstrecke<\/li>\n\n\n\n<li><strong>Komfortable Sitze vorne<\/strong>, sogar mit Massagefunktion (!)<\/li>\n\n\n\n<li><strong>Leises, aufger\u00e4umtes Interieur<\/strong> \u2013 keine aufdringlichen Warnsignale, sehr entspannend<\/li>\n\n\n\n<li><strong>Gute R\u00fcckfahrkamera<\/strong>, auch mit 360\u00b0-Berechnung<\/li>\n<\/ul>\n\n\n\n<p class=\"wp-block-paragraph\">Das Fahrgef\u00fchl ist angenehm unaufgeregt \u2013 <strong>ein echtes Wohlf\u00fchlauto<\/strong>, das genau das tut, was man erwartet.<\/p>\n\n\n\n<h2 class=\"wp-block-heading\"><strong>Schw\u00e4chen &amp; Verbesserungspotenzial<\/strong><\/h2>\n\n\n\n<p class=\"wp-block-paragraph\">Nat\u00fcrlich gibt\u2019s auch ein paar Kritikpunkte:<\/p>\n\n\n\n<ul class=\"wp-block-list\">\n<li><strong>R\u00fcckbank eher eng<\/strong>, kaum geeignet f\u00fcr gr\u00f6\u00dfere Erwachsene hinter einem 1,83\u202fm gro\u00dfen Fahrer<\/li>\n\n\n\n<li><strong>Kofferraum (360 l)<\/strong> ausreichend f\u00fcr den Alltag, aber bei Urlaubsreisen wird\u2019s schnell eng<\/li>\n\n\n\n<li><strong>Kein Frunk<\/strong>, aber ehrlich: Ich hab ihn nie vermisst<\/li>\n\n\n\n<li><strong>Automatische Scheibenwischer<\/strong> reagieren manchmal zu hektisch<\/li>\n\n\n\n<li><strong>Fu\u00dfsensor f\u00fcr die Heckklappe<\/strong> funktioniert eher nach Zufallsprinzip<\/li>\n\n\n\n<li><strong>Keine Frontkamera<\/strong> \u2013 w\u00e4re beim Einparken praktisch<\/li>\n<\/ul>\n\n\n\n<h2 class=\"wp-block-heading\"><strong>Fahrmodi &amp; Bremsen<\/strong><\/h2>\n\n\n\n<p class=\"wp-block-paragraph\">Ich fahre fast ausschlie\u00dflich im <strong>Normalmodus<\/strong>. Der <strong>Eco-Modus<\/strong> bringt kaum Mehrwert (vielleicht 10 km mehr Reichweite), der <strong>Sportmodus<\/strong> macht beim \u00dcberholen aber Spa\u00df.<\/p>\n\n\n\n<p class=\"wp-block-paragraph\">Die <strong>Bremsen<\/strong> zeigen bisher keine Auff\u00e4lligkeiten \u2013 vermutlich, weil der 600e nicht wie der 500e komplett \u201eOne-Pedal-Drive\u201c f\u00e4hrt. Man muss selbst bremsen \u2013 gut gegen das Rosten der Bremsanlage!<\/p>\n\n\n\n<h2 class=\"wp-block-heading\"><strong>Service &amp; Kosten<\/strong><\/h2>\n\n\n\n<p class=\"wp-block-paragraph\">Etwas verwundert war ich \u00fcber die vorgeschriebenen <strong>Inspektionen nach bereits 10.000 km<\/strong> \u2013 diese Erstinspektion hat rund <strong>180 \u20ac<\/strong> gekostet. Immerhin: Deutlich g\u00fcnstiger als bei meinem vorherigen Verbrenner.<\/p>\n\n\n\n<h2 class=\"wp-block-heading\"><strong>Fazit zu &#8222;1 Jahr mit dem Fiat 600e<\/strong>&#8222;<\/h2>\n\n\n\n<p class=\"wp-block-paragraph\">Der Fiat 600e ist kein Auto f\u00fcr Vielfahrer:innen mit 1.000 km Fahrleistung am Tag \u2013 aber wer ist das schon? F\u00fcr den Alltag, Wochenendtrips, Familienausfl\u00fcge, Urlaube oder den Arbeitsweg ist er <strong>genau richtig<\/strong>. Das Design ist gelungen, die Technik ausgereift, das Fahrgef\u00fchl entspannt. Es ist ein Auto, das man <strong>gerne f\u00e4hrt und dem man vertraut<\/strong>.<\/p>\n\n\n\n<p class=\"wp-block-paragraph\">Was mich wundert: Dass man ihn so selten auf der Stra\u00dfe sieht. Vielleicht \u00e4ndert sich das ja noch \u2013 ich w\u00fcrde ihn auf jeden Fall <strong>wieder kaufen<\/strong>.<\/p>\n\n\n\n<hr class=\"wp-block-separator has-alpha-channel-opacity\"\/>\n\n\n\n<p class=\"wp-block-paragraph\"><strong>Hast du Fragen zum Fiat 600e oder m\u00f6chtest du deine eigenen Erfahrungen teilen? Schreib&#8217;s mir gerne in die Kommentare!<\/strong><\/p>\n","protected":false},"excerpt":{"rendered":"<p>Vor ziemlich genau einem Jahr habe ich meinen Fiat 600e abgeholt \u2013 in der wundersch\u00f6nen Farbe \u201eSea of Italy\u201c, die ich \u00fcbrigens noch immer jedem weiterempfehlen w\u00fcrde. Nun, rund 20.000 Kilometer sp\u00e4ter, ist es Zeit f\u00fcr ein ehrliches Res\u00fcmee: Wie f\u00e4hrt sich der kleine Elektro-Italiener im Alltag, auf der Langstrecke, im Sommer, im Winter \u2013 und wo liegen seine St\u00e4rken und Schw\u00e4chen? Hier kommt mein pers\u00f6nlicher R\u00fcckblick zum Thema &#8222;1 Jahr und 20.000 km mit dem Fiat 600e&#8220;.<\/p>\n","protected":false},"author":1,"featured_media":405,"comment_status":"open","ping_status":"open","sticky":false,"template":"","format":"standard","meta":{"neve_meta_sidebar":"","neve_meta_container":"","neve_meta_enable_content_width":"","neve_meta_content_width":0,"neve_meta_title_alignment":"","neve_meta_author_avatar":"","neve_post_elements_order":"","neve_meta_disable_header":"","neve_meta_disable_footer":"","neve_meta_disable_title":"","footnotes":""},"categories":[1],"tags":[],"class_list":["post-324","post","type-post","status-publish","format-standard","has-post-thumbnail","hentry","category-allgemein"],"yoast_head":"<!-- This site is optimized with the Yoast SEO plugin v28.2 - https:\/\/yoast.com\/product\/yoast-seo-wordpress\/ -->\n<title>1 Jahr mit dem Fiat 600e: mein ehrlicher Erfahrungsbericht - hoch.nachhaltig - Berge. Umwelt. Selbstwirksamkeit.<\/title>\n<meta name=\"description\" content=\"Vor ziemlich genau einem Jahr habe ich meinen Fiat 600e abgeholt. Hier mein pers\u00f6nlicher R\u00fcckblick &quot;1 Jahr mit dem Fiat 600e&quot;.\" \/>\n<meta name=\"robots\" content=\"index, follow, max-snippet:-1, max-image-preview:large, max-video-preview:-1\" \/>\n<link rel=\"canonical\" href=\"https:\/\/alpenlandmagazin.at\/hochnachhaltig\/1-jahr-mit-dem-fiat-600e\/\" \/>\n<meta property=\"og:locale\" content=\"de_DE\" \/>\n<meta property=\"og:type\" content=\"article\" \/>\n<meta property=\"og:title\" content=\"1 Jahr mit dem Fiat 600e: mein ehrlicher Erfahrungsbericht - hoch.nachhaltig - Berge. Umwelt. Selbstwirksamkeit.\" \/>\n<meta property=\"og:description\" content=\"Vor ziemlich genau einem Jahr habe ich meinen Fiat 600e abgeholt. Hier mein pers\u00f6nlicher R\u00fcckblick &quot;1 Jahr mit dem Fiat 600e&quot;.\" \/>\n<meta property=\"og:url\" content=\"https:\/\/alpenlandmagazin.at\/hochnachhaltig\/1-jahr-mit-dem-fiat-600e\/\" \/>\n<meta property=\"og:site_name\" content=\"hoch.nachhaltig - Berge. Umwelt. Selbstwirksamkeit.\" \/>\n<meta property=\"article:published_time\" content=\"2025-05-01T14:29:42+00:00\" \/>\n<meta property=\"article:modified_time\" content=\"2026-06-30T12:18:41+00:00\" \/>\n<meta property=\"og:image\" content=\"https:\/\/alpenlandmagazin.at\/hochnachhaltig\/wp-content\/uploads\/2025\/05\/IMOs1aER0xQSk-e1782821910508-1024x672.png\" \/>\n\t<meta property=\"og:image:width\" content=\"1024\" \/>\n\t<meta property=\"og:image:height\" content=\"672\" \/>\n\t<meta property=\"og:image:type\" content=\"image\/png\" \/>\n<meta name=\"author\" content=\"ckrieh\" \/>\n<meta name=\"twitter:card\" content=\"summary_large_image\" \/>\n<meta name=\"twitter:label1\" content=\"Verfasst von\" \/>\n\t<meta name=\"twitter:data1\" content=\"ckrieh\" \/>\n\t<meta name=\"twitter:label2\" content=\"Gesch\u00e4tzte Lesezeit\" \/>\n\t<meta name=\"twitter:data2\" content=\"4\u00a0Minuten\" \/>\n<script type=\"application\/ld+json\" class=\"yoast-schema-graph\">{\"@context\":\"https:\\\/\\\/schema.org\",\"@graph\":[{\"@type\":\"Article\",\"@id\":\"https:\\\/\\\/alpenlandmagazin.at\\\/hochnachhaltig\\\/1-jahr-mit-dem-fiat-600e\\\/#article\",\"isPartOf\":{\"@id\":\"https:\\\/\\\/alpenlandmagazin.at\\\/hochnachhaltig\\\/1-jahr-mit-dem-fiat-600e\\\/\"},\"author\":{\"name\":\"ckrieh\",\"@id\":\"https:\\\/\\\/alpenlandmagazin.at\\\/hochnachhaltig\\\/#\\\/schema\\\/person\\\/7f5ce1e0f5b51b3dc237c27155c063b6\"},\"headline\":\"1 Jahr mit dem Fiat 600e: mein ehrlicher Erfahrungsbericht\",\"datePublished\":\"2025-05-01T14:29:42+00:00\",\"dateModified\":\"2026-06-30T12:18:41+00:00\",\"mainEntityOfPage\":{\"@id\":\"https:\\\/\\\/alpenlandmagazin.at\\\/hochnachhaltig\\\/1-jahr-mit-dem-fiat-600e\\\/\"},\"wordCount\":624,\"commentCount\":0,\"publisher\":{\"@id\":\"https:\\\/\\\/alpenlandmagazin.at\\\/hochnachhaltig\\\/#\\\/schema\\\/person\\\/cde7b4195499a8410a9ab4304ba1a6fe\"},\"image\":{\"@id\":\"https:\\\/\\\/alpenlandmagazin.at\\\/hochnachhaltig\\\/1-jahr-mit-dem-fiat-600e\\\/#primaryimage\"},\"thumbnailUrl\":\"https:\\\/\\\/alpenlandmagazin.at\\\/hochnachhaltig\\\/wp-content\\\/uploads\\\/2025\\\/05\\\/IMOs1aER0xQSk-e1782821910508.png\",\"inLanguage\":\"de\",\"potentialAction\":[{\"@type\":\"CommentAction\",\"name\":\"Comment\",\"target\":[\"https:\\\/\\\/alpenlandmagazin.at\\\/hochnachhaltig\\\/1-jahr-mit-dem-fiat-600e\\\/#respond\"]}]},{\"@type\":\"WebPage\",\"@id\":\"https:\\\/\\\/alpenlandmagazin.at\\\/hochnachhaltig\\\/1-jahr-mit-dem-fiat-600e\\\/\",\"url\":\"https:\\\/\\\/alpenlandmagazin.at\\\/hochnachhaltig\\\/1-jahr-mit-dem-fiat-600e\\\/\",\"name\":\"1 Jahr mit dem Fiat 600e: mein ehrlicher Erfahrungsbericht - hoch.nachhaltig - Berge. Umwelt. Selbstwirksamkeit.\",\"isPartOf\":{\"@id\":\"https:\\\/\\\/alpenlandmagazin.at\\\/hochnachhaltig\\\/#website\"},\"primaryImageOfPage\":{\"@id\":\"https:\\\/\\\/alpenlandmagazin.at\\\/hochnachhaltig\\\/1-jahr-mit-dem-fiat-600e\\\/#primaryimage\"},\"image\":{\"@id\":\"https:\\\/\\\/alpenlandmagazin.at\\\/hochnachhaltig\\\/1-jahr-mit-dem-fiat-600e\\\/#primaryimage\"},\"thumbnailUrl\":\"https:\\\/\\\/alpenlandmagazin.at\\\/hochnachhaltig\\\/wp-content\\\/uploads\\\/2025\\\/05\\\/IMOs1aER0xQSk-e1782821910508.png\",\"datePublished\":\"2025-05-01T14:29:42+00:00\",\"dateModified\":\"2026-06-30T12:18:41+00:00\",\"description\":\"Vor ziemlich genau einem Jahr habe ich meinen Fiat 600e abgeholt. Hier mein pers\u00f6nlicher R\u00fcckblick \\\"1 Jahr mit dem Fiat 600e\\\".\",\"breadcrumb\":{\"@id\":\"https:\\\/\\\/alpenlandmagazin.at\\\/hochnachhaltig\\\/1-jahr-mit-dem-fiat-600e\\\/#breadcrumb\"},\"inLanguage\":\"de\",\"potentialAction\":[{\"@type\":\"ReadAction\",\"target\":[\"https:\\\/\\\/alpenlandmagazin.at\\\/hochnachhaltig\\\/1-jahr-mit-dem-fiat-600e\\\/\"]}]},{\"@type\":\"ImageObject\",\"inLanguage\":\"de\",\"@id\":\"https:\\\/\\\/alpenlandmagazin.at\\\/hochnachhaltig\\\/1-jahr-mit-dem-fiat-600e\\\/#primaryimage\",\"url\":\"https:\\\/\\\/alpenlandmagazin.at\\\/hochnachhaltig\\\/wp-content\\\/uploads\\\/2025\\\/05\\\/IMOs1aER0xQSk-e1782821910508.png\",\"contentUrl\":\"https:\\\/\\\/alpenlandmagazin.at\\\/hochnachhaltig\\\/wp-content\\\/uploads\\\/2025\\\/05\\\/IMOs1aER0xQSk-e1782821910508.png\",\"width\":1170,\"height\":768},{\"@type\":\"BreadcrumbList\",\"@id\":\"https:\\\/\\\/alpenlandmagazin.at\\\/hochnachhaltig\\\/1-jahr-mit-dem-fiat-600e\\\/#breadcrumb\",\"itemListElement\":[{\"@type\":\"ListItem\",\"position\":1,\"name\":\"Startseite\",\"item\":\"https:\\\/\\\/alpenlandmagazin.at\\\/hochnachhaltig\\\/\"},{\"@type\":\"ListItem\",\"position\":2,\"name\":\"1 Jahr mit dem Fiat 600e: mein ehrlicher Erfahrungsbericht\"}]},{\"@type\":\"WebSite\",\"@id\":\"https:\\\/\\\/alpenlandmagazin.at\\\/hochnachhaltig\\\/#website\",\"url\":\"https:\\\/\\\/alpenlandmagazin.at\\\/hochnachhaltig\\\/\",\"name\":\"hoch.nachhaltig - Berge. Umwelt. Selbstwirksamkeit.\",\"description\":\"Wie man die Welt rettet und dabei Geld spart.\",\"publisher\":{\"@id\":\"https:\\\/\\\/alpenlandmagazin.at\\\/hochnachhaltig\\\/#\\\/schema\\\/person\\\/cde7b4195499a8410a9ab4304ba1a6fe\"},\"alternateName\":\"hoch.nachhaltig\",\"potentialAction\":[{\"@type\":\"SearchAction\",\"target\":{\"@type\":\"EntryPoint\",\"urlTemplate\":\"https:\\\/\\\/alpenlandmagazin.at\\\/hochnachhaltig\\\/?s={search_term_string}\"},\"query-input\":{\"@type\":\"PropertyValueSpecification\",\"valueRequired\":true,\"valueName\":\"search_term_string\"}}],\"inLanguage\":\"de\"},{\"@type\":[\"Person\",\"Organization\"],\"@id\":\"https:\\\/\\\/alpenlandmagazin.at\\\/hochnachhaltig\\\/#\\\/schema\\\/person\\\/cde7b4195499a8410a9ab4304ba1a6fe\",\"name\":\"Christian Schreiter\",\"image\":{\"@type\":\"ImageObject\",\"inLanguage\":\"de\",\"@id\":\"https:\\\/\\\/alpenlandmagazin.at\\\/hochnachhaltig\\\/wp-content\\\/uploads\\\/2023\\\/12\\\/logo11_4_172949.png\",\"url\":\"https:\\\/\\\/alpenlandmagazin.at\\\/hochnachhaltig\\\/wp-content\\\/uploads\\\/2023\\\/12\\\/logo11_4_172949.png\",\"contentUrl\":\"https:\\\/\\\/alpenlandmagazin.at\\\/hochnachhaltig\\\/wp-content\\\/uploads\\\/2023\\\/12\\\/logo11_4_172949.png\",\"width\":2000,\"height\":2000,\"caption\":\"Christian Schreiter\"},\"logo\":{\"@id\":\"https:\\\/\\\/alpenlandmagazin.at\\\/hochnachhaltig\\\/wp-content\\\/uploads\\\/2023\\\/12\\\/logo11_4_172949.png\"}},{\"@type\":\"Person\",\"@id\":\"https:\\\/\\\/alpenlandmagazin.at\\\/hochnachhaltig\\\/#\\\/schema\\\/person\\\/7f5ce1e0f5b51b3dc237c27155c063b6\",\"name\":\"ckrieh\",\"image\":{\"@type\":\"ImageObject\",\"inLanguage\":\"de\",\"@id\":\"https:\\\/\\\/secure.gravatar.com\\\/avatar\\\/1a61d60ff2b88bcf2b98ce01b7ba9fe7685606d7822c85153b9262eac30a2c74?s=96&d=mm&r=g\",\"url\":\"https:\\\/\\\/secure.gravatar.com\\\/avatar\\\/1a61d60ff2b88bcf2b98ce01b7ba9fe7685606d7822c85153b9262eac30a2c74?s=96&d=mm&r=g\",\"contentUrl\":\"https:\\\/\\\/secure.gravatar.com\\\/avatar\\\/1a61d60ff2b88bcf2b98ce01b7ba9fe7685606d7822c85153b9262eac30a2c74?s=96&d=mm&r=g\",\"caption\":\"ckrieh\"},\"sameAs\":[\"https:\\\/\\\/alpenlandmagazin.at\\\/hochnachhaltig\"],\"url\":\"https:\\\/\\\/alpenlandmagazin.at\\\/hochnachhaltig\\\/author\\\/ckrieh\\\/\"}]}<\/script>\n<!-- \/ Yoast SEO plugin. -->","yoast_head_json":{"title":"1 Jahr mit dem Fiat 600e: mein ehrlicher Erfahrungsbericht - hoch.nachhaltig - Berge. Umwelt. Selbstwirksamkeit.","description":"Vor ziemlich genau einem Jahr habe ich meinen Fiat 600e abgeholt. Hier mein pers\u00f6nlicher R\u00fcckblick \"1 Jahr mit dem Fiat 600e\".","robots":{"index":"index","follow":"follow","max-snippet":"max-snippet:-1","max-image-preview":"max-image-preview:large","max-video-preview":"max-video-preview:-1"},"canonical":"https:\/\/alpenlandmagazin.at\/hochnachhaltig\/1-jahr-mit-dem-fiat-600e\/","og_locale":"de_DE","og_type":"article","og_title":"1 Jahr mit dem Fiat 600e: mein ehrlicher Erfahrungsbericht - hoch.nachhaltig - Berge. Umwelt. Selbstwirksamkeit.","og_description":"Vor ziemlich genau einem Jahr habe ich meinen Fiat 600e abgeholt. Hier mein pers\u00f6nlicher R\u00fcckblick \"1 Jahr mit dem Fiat 600e\".","og_url":"https:\/\/alpenlandmagazin.at\/hochnachhaltig\/1-jahr-mit-dem-fiat-600e\/","og_site_name":"hoch.nachhaltig - Berge. Umwelt. Selbstwirksamkeit.","article_published_time":"2025-05-01T14:29:42+00:00","article_modified_time":"2026-06-30T12:18:41+00:00","og_image":[{"width":1024,"height":672,"url":"https:\/\/alpenlandmagazin.at\/hochnachhaltig\/wp-content\/uploads\/2025\/05\/IMOs1aER0xQSk-e1782821910508-1024x672.png","type":"image\/png"}],"author":"ckrieh","twitter_card":"summary_large_image","twitter_misc":{"Verfasst von":"ckrieh","Gesch\u00e4tzte Lesezeit":"4\u00a0Minuten"},"schema":{"@context":"https:\/\/schema.org","@graph":[{"@type":"Article","@id":"https:\/\/alpenlandmagazin.at\/hochnachhaltig\/1-jahr-mit-dem-fiat-600e\/#article","isPartOf":{"@id":"https:\/\/alpenlandmagazin.at\/hochnachhaltig\/1-jahr-mit-dem-fiat-600e\/"},"author":{"name":"ckrieh","@id":"https:\/\/alpenlandmagazin.at\/hochnachhaltig\/#\/schema\/person\/7f5ce1e0f5b51b3dc237c27155c063b6"},"headline":"1 Jahr mit dem Fiat 600e: mein ehrlicher Erfahrungsbericht","datePublished":"2025-05-01T14:29:42+00:00","dateModified":"2026-06-30T12:18:41+00:00","mainEntityOfPage":{"@id":"https:\/\/alpenlandmagazin.at\/hochnachhaltig\/1-jahr-mit-dem-fiat-600e\/"},"wordCount":624,"commentCount":0,"publisher":{"@id":"https:\/\/alpenlandmagazin.at\/hochnachhaltig\/#\/schema\/person\/cde7b4195499a8410a9ab4304ba1a6fe"},"image":{"@id":"https:\/\/alpenlandmagazin.at\/hochnachhaltig\/1-jahr-mit-dem-fiat-600e\/#primaryimage"},"thumbnailUrl":"https:\/\/alpenlandmagazin.at\/hochnachhaltig\/wp-content\/uploads\/2025\/05\/IMOs1aER0xQSk-e1782821910508.png","inLanguage":"de","potentialAction":[{"@type":"CommentAction","name":"Comment","target":["https:\/\/alpenlandmagazin.at\/hochnachhaltig\/1-jahr-mit-dem-fiat-600e\/#respond"]}]},{"@type":"WebPage","@id":"https:\/\/alpenlandmagazin.at\/hochnachhaltig\/1-jahr-mit-dem-fiat-600e\/","url":"https:\/\/alpenlandmagazin.at\/hochnachhaltig\/1-jahr-mit-dem-fiat-600e\/","name":"1 Jahr mit dem Fiat 600e: mein ehrlicher Erfahrungsbericht - hoch.nachhaltig - Berge. Umwelt. Selbstwirksamkeit.","isPartOf":{"@id":"https:\/\/alpenlandmagazin.at\/hochnachhaltig\/#website"},"primaryImageOfPage":{"@id":"https:\/\/alpenlandmagazin.at\/hochnachhaltig\/1-jahr-mit-dem-fiat-600e\/#primaryimage"},"image":{"@id":"https:\/\/alpenlandmagazin.at\/hochnachhaltig\/1-jahr-mit-dem-fiat-600e\/#primaryimage"},"thumbnailUrl":"https:\/\/alpenlandmagazin.at\/hochnachhaltig\/wp-content\/uploads\/2025\/05\/IMOs1aER0xQSk-e1782821910508.png","datePublished":"2025-05-01T14:29:42+00:00","dateModified":"2026-06-30T12:18:41+00:00","description":"Vor ziemlich genau einem Jahr habe ich meinen Fiat 600e abgeholt. Hier mein pers\u00f6nlicher R\u00fcckblick \"1 Jahr mit dem Fiat 600e\".","breadcrumb":{"@id":"https:\/\/alpenlandmagazin.at\/hochnachhaltig\/1-jahr-mit-dem-fiat-600e\/#breadcrumb"},"inLanguage":"de","potentialAction":[{"@type":"ReadAction","target":["https:\/\/alpenlandmagazin.at\/hochnachhaltig\/1-jahr-mit-dem-fiat-600e\/"]}]},{"@type":"ImageObject","inLanguage":"de","@id":"https:\/\/alpenlandmagazin.at\/hochnachhaltig\/1-jahr-mit-dem-fiat-600e\/#primaryimage","url":"https:\/\/alpenlandmagazin.at\/hochnachhaltig\/wp-content\/uploads\/2025\/05\/IMOs1aER0xQSk-e1782821910508.png","contentUrl":"https:\/\/alpenlandmagazin.at\/hochnachhaltig\/wp-content\/uploads\/2025\/05\/IMOs1aER0xQSk-e1782821910508.png","width":1170,"height":768},{"@type":"BreadcrumbList","@id":"https:\/\/alpenlandmagazin.at\/hochnachhaltig\/1-jahr-mit-dem-fiat-600e\/#breadcrumb","itemListElement":[{"@type":"ListItem","position":1,"name":"Startseite","item":"https:\/\/alpenlandmagazin.at\/hochnachhaltig\/"},{"@type":"ListItem","position":2,"name":"1 Jahr mit dem Fiat 600e: mein ehrlicher Erfahrungsbericht"}]},{"@type":"WebSite","@id":"https:\/\/alpenlandmagazin.at\/hochnachhaltig\/#website","url":"https:\/\/alpenlandmagazin.at\/hochnachhaltig\/","name":"hoch.nachhaltig - Berge. Umwelt. Selbstwirksamkeit.","description":"Wie man die Welt rettet und dabei Geld spart.","publisher":{"@id":"https:\/\/alpenlandmagazin.at\/hochnachhaltig\/#\/schema\/person\/cde7b4195499a8410a9ab4304ba1a6fe"},"alternateName":"hoch.nachhaltig","potentialAction":[{"@type":"SearchAction","target":{"@type":"EntryPoint","urlTemplate":"https:\/\/alpenlandmagazin.at\/hochnachhaltig\/?s={search_term_string}"},"query-input":{"@type":"PropertyValueSpecification","valueRequired":true,"valueName":"search_term_string"}}],"inLanguage":"de"},{"@type":["Person","Organization"],"@id":"https:\/\/alpenlandmagazin.at\/hochnachhaltig\/#\/schema\/person\/cde7b4195499a8410a9ab4304ba1a6fe","name":"Christian Schreiter","image":{"@type":"ImageObject","inLanguage":"de","@id":"https:\/\/alpenlandmagazin.at\/hochnachhaltig\/wp-content\/uploads\/2023\/12\/logo11_4_172949.png","url":"https:\/\/alpenlandmagazin.at\/hochnachhaltig\/wp-content\/uploads\/2023\/12\/logo11_4_172949.png","contentUrl":"https:\/\/alpenlandmagazin.at\/hochnachhaltig\/wp-content\/uploads\/2023\/12\/logo11_4_172949.png","width":2000,"height":2000,"caption":"Christian Schreiter"},"logo":{"@id":"https:\/\/alpenlandmagazin.at\/hochnachhaltig\/wp-content\/uploads\/2023\/12\/logo11_4_172949.png"}},{"@type":"Person","@id":"https:\/\/alpenlandmagazin.at\/hochnachhaltig\/#\/schema\/person\/7f5ce1e0f5b51b3dc237c27155c063b6","name":"ckrieh","image":{"@type":"ImageObject","inLanguage":"de","@id":"https:\/\/secure.gravatar.com\/avatar\/1a61d60ff2b88bcf2b98ce01b7ba9fe7685606d7822c85153b9262eac30a2c74?s=96&d=mm&r=g","url":"https:\/\/secure.gravatar.com\/avatar\/1a61d60ff2b88bcf2b98ce01b7ba9fe7685606d7822c85153b9262eac30a2c74?s=96&d=mm&r=g","contentUrl":"https:\/\/secure.gravatar.com\/avatar\/1a61d60ff2b88bcf2b98ce01b7ba9fe7685606d7822c85153b9262eac30a2c74?s=96&d=mm&r=g","caption":"ckrieh"},"sameAs":["https:\/\/alpenlandmagazin.at\/hochnachhaltig"],"url":"https:\/\/alpenlandmagazin.at\/hochnachhaltig\/author\/ckrieh\/"}]}},"_links":{"self":[{"href":"https:\/\/alpenlandmagazin.at\/hochnachhaltig\/wp-json\/wp\/v2\/posts\/324","targetHints":{"allow":["GET"]}}],"collection":[{"href":"https:\/\/alpenlandmagazin.at\/hochnachhaltig\/wp-json\/wp\/v2\/posts"}],"about":[{"href":"https:\/\/alpenlandmagazin.at\/hochnachhaltig\/wp-json\/wp\/v2\/types\/post"}],"author":[{"embeddable":true,"href":"https:\/\/alpenlandmagazin.at\/hochnachhaltig\/wp-json\/wp\/v2\/users\/1"}],"replies":[{"embeddable":true,"href":"https:\/\/alpenlandmagazin.at\/hochnachhaltig\/wp-json\/wp\/v2\/comments?post=324"}],"version-history":[{"count":1,"href":"https:\/\/alpenlandmagazin.at\/hochnachhaltig\/wp-json\/wp\/v2\/posts\/324\/revisions"}],"predecessor-version":[{"id":326,"href":"https:\/\/alpenlandmagazin.at\/hochnachhaltig\/wp-json\/wp\/v2\/posts\/324\/revisions\/326"}],"wp:featuredmedia":[{"embeddable":true,"href":"https:\/\/alpenlandmagazin.at\/hochnachhaltig\/wp-json\/wp\/v2\/media\/405"}],"wp:attachment":[{"href":"https:\/\/alpenlandmagazin.at\/hochnachhaltig\/wp-json\/wp\/v2\/media?parent=324"}],"wp:term":[{"taxonomy":"category","embeddable":true,"href":"https:\/\/alpenlandmagazin.at\/hochnachhaltig\/wp-json\/wp\/v2\/categories?post=324"},{"taxonomy":"post_tag","embeddable":true,"href":"https:\/\/alpenlandmagazin.at\/hochnachhaltig\/wp-json\/wp\/v2\/tags?post=324"}],"curies":[{"name":"wp","href":"https:\/\/api.w.org\/{rel}","templated":true}]}}