{"id":366,"date":"2025-08-31T12:06:08","date_gmt":"2025-08-31T10:06:08","guid":{"rendered":"https:\/\/alpenlandmagazin.at\/hochnachhaltig\/?p=366"},"modified":"2026-06-29T20:28:04","modified_gmt":"2026-06-29T18:28:04","slug":"diese-ladekarten-brauchst-du-in-oesterreich","status":"publish","type":"post","link":"https:\/\/alpenlandmagazin.at\/hochnachhaltig\/diese-ladekarten-brauchst-du-in-oesterreich\/","title":{"rendered":"Diese Ladekarten brauchst Du in \u00d6sterreich"},"content":{"rendered":"\n<p class=\"wp-block-paragraph\">Gr\u00fc\u00df euch! Heute gibt\u2019s wieder einmal ein Update zum Thema <strong>&#8222;Diese Ladekarten brauchst Du in \u00d6sterreich<\/strong>?<strong>&#8222;<\/strong>. Die Fragen sind schnell gestellt:<br>Welche Karten brauchst Du in \u00d6sterreich? Wo zahlt sich Laden aus? Und: Lohnt sich ein E-Auto \u00fcberhaupt, wenn man nicht zu Hause laden kann?<\/p>\n\n\n<div class=\"epyt-video-wrapper\"><div  id=\"_ytid_37407\"  width=\"1200\" height=\"675\"  data-origwidth=\"1200\" data-origheight=\"675\" data-facadesrc=\"https:\/\/www.youtube.com\/embed\/y1T9YgW5EaI?enablejsapi=1&#038;origin=https:\/\/alpenlandmagazin.at&#038;autoplay=0&#038;cc_load_policy=0&#038;cc_lang_pref=de&#038;iv_load_policy=1&#038;loop=0&#038;rel=0&#038;fs=1&#038;playsinline=1&#038;autohide=2&#038;theme=dark&#038;color=red&#038;controls=1&#038;disablekb=0&#038;\" class=\"__youtube_prefs__ epyt-facade no-lazyload\" data-epautoplay=\"1\" ><img decoding=\"async\" data-spai-excluded=\"true\" class=\"epyt-facade-poster skip-lazy\" loading=\"lazy\"  alt=\"YouTube player\"  src=\"https:\/\/i.ytimg.com\/vi\/y1T9YgW5EaI\/maxresdefault.jpg\"  \/><button class=\"epyt-facade-play\" aria-label=\"Play\"><svg data-no-lazy=\"1\" height=\"100%\" version=\"1.1\" viewBox=\"0 0 68 48\" width=\"100%\"><path class=\"ytp-large-play-button-bg\" d=\"M66.52,7.74c-0.78-2.93-2.49-5.41-5.42-6.19C55.79,.13,34,0,34,0S12.21,.13,6.9,1.55 C3.97,2.33,2.27,4.81,1.48,7.74C0.06,13.05,0,24,0,24s0.06,10.95,1.48,16.26c0.78,2.93,2.49,5.41,5.42,6.19 C12.21,47.87,34,48,34,48s21.79-0.13,27.1-1.55c2.93-0.78,4.64-3.26,5.42-6.19C67.94,34.95,68,24,68,24S67.94,13.05,66.52,7.74z\" fill=\"#f00\"><\/path><path d=\"M 45,24 27,14 27,34\" fill=\"#fff\"><\/path><\/svg><\/button><\/div><\/div>\n\n\n<hr class=\"wp-block-separator has-alpha-channel-opacity\"\/>\n\n\n\n<h2 class=\"wp-block-heading\">Laden zu Hause: die Grundvoraussetzung<\/h2>\n\n\n\n<p class=\"wp-block-paragraph\">Wer die M\u00f6glichkeit hat, sein Auto zu Hause an der eigenen Wallbox zu laden, f\u00e4hrt am g\u00fcnstigsten. Besonders interessant wird es mit einem <strong>dynamischen Stromtarif<\/strong>:<\/p>\n\n\n\n<ul class=\"wp-block-list\">\n<li>Im Sommer fallen die Preise mitunter sogar ins Negative \u2013 das hei\u00dft, man bekommt Geld f\u00fcrs Laden.<\/li>\n\n\n\n<li>Mit einer <strong>Photovoltaikanlage<\/strong> sinken die Kosten zus\u00e4tzlich, weil man direkt den eigenen Sonnenstrom \u201etankt\u201c.<\/li>\n<\/ul>\n\n\n\n<p class=\"wp-block-paragraph\">Ganz ehrlich: Ohne diese M\u00f6glichkeit h\u00e4tte ich mir vermutlich selbst kein Elektroauto gekauft.<\/p>\n\n\n\n<h2 class=\"wp-block-heading\">Laden unterwegs: teuer, aber machbar<\/h2>\n\n\n\n<p class=\"wp-block-paragraph\">Die Preise an \u00f6ffentlichen Schnellladern beginnen meist bei <strong>0,39 \u20ac\/kWh<\/strong> und k\u00f6nnen bis zu <strong>1 \u20ac\/kWh<\/strong> oder mehr steigen. Das macht Langstreckenfahrten zwar planbar, aber nicht billig.<\/p>\n\n\n\n<p class=\"wp-block-paragraph\">F\u00fcr meine Reisen im letzten Jahr \u2013 u. a. nach <strong>Ungarn, Italien, Deutschland, Tschechien und S\u00fcdtirol<\/strong> \u2013 hat sich folgendes Setup bew\u00e4hrt:<\/p>\n\n\n\n<h3 class=\"wp-block-heading\">Meine Top-3 Ladekarten \/ Anbieter<\/h3>\n\n\n\n<ol class=\"wp-block-list\">\n<li><strong>Ionity<\/strong>\n<ul class=\"wp-block-list\">\n<li>In ganz Europa hervorragend ausgebaut, bis hin nach Rum\u00e4nien &#8211; dort ist dann Schluss.<\/li>\n\n\n\n<li>Mit Abo (12 \u20ac\/Monat) l\u00e4dt man ab rund <strong>0,39 \u20ac\/kWh<\/strong> \u2013 damit aktuell die Nummer 1 auf Langstrecke.<\/li>\n<\/ul>\n<\/li>\n\n\n\n<li><strong>Energie Baden-W\u00fcrttemberg (EnBW)<\/strong>\n<ul class=\"wp-block-list\">\n<li>Sehr zuverl\u00e4ssig, auch im Ausland stark vertreten.<\/li>\n\n\n\n<li>F\u00fcr mich die zweitmeistgenutzte Karte nach Ionity.<\/li>\n<\/ul>\n<\/li>\n\n\n\n<li><strong>Shell Recharge<\/strong>\n<ul class=\"wp-block-list\">\n<li>Mein \u201eBackup\u201c, wenn gar nichts anderes geht.<\/li>\n<\/ul>\n<\/li>\n<\/ol>\n\n\n\n<h3 class=\"wp-block-heading\">Regionale Anbieter<\/h3>\n\n\n\n<p class=\"wp-block-paragraph\">Wer <strong>nicht zu Hause laden kann<\/strong> und im Alltag auf \u00f6ffentliche S\u00e4ulen angewiesen ist, sollte unbedingt auf regionale Versorger schauen:<\/p>\n\n\n\n<ul class=\"wp-block-list\">\n<li><strong>Wien Energie<\/strong> bietet in Wien einen sehr g\u00fcnstigen Tarif.<\/li>\n\n\n\n<li>In anderen Bundesl\u00e4ndern betreiben die jeweiligen Energieversorger (z. B. Burgenland Energie, Energie Steiermark) die lokalen Ladepunkte.<\/li>\n<\/ul>\n\n\n\n<h2 class=\"wp-block-heading\">Infrastruktur: kein Problem mehr<\/h2>\n\n\n\n<p class=\"wp-block-paragraph\">Positiv ist: <strong>Ladeinfrastruktur gibt es genug.<\/strong><br>Im letzten Jahr musste ich genau ein einziges Mal 10 Minuten warten \u2013 ansonsten war immer ein Ladepunkt frei. Navigation per Auto oder App (z. B. <strong>E-Roots<\/strong>) f\u00fchrt zuverl\u00e4ssig zu freien S\u00e4ulen.<\/p>\n\n\n\n<h2 class=\"wp-block-heading\">Das eigentliche Problem<\/h2>\n\n\n\n<p class=\"wp-block-paragraph\">Das Laden an sich ist nicht schwierig \u2013 kompliziert ist die <strong>Tarif- und Kartenvielfalt<\/strong>. Jeder Betreiber hat noch immer sein eigenes System: App hier, Karte dort. Wer halbwegs g\u00fcnstig laden will, braucht mehrere Zug\u00e4nge. Das erinnert stark an die Anfangszeiten der Mobiltelefonie, als man f\u00fcr jeden Betreiber eigene Roaming-Tarife zahlen musste.<\/p>\n\n\n\n<p class=\"wp-block-paragraph\">Solange sich das nicht vereinfacht, bleibt E-Mobilit\u00e4t f\u00fcr Neueinsteiger:innen eine Herausforderung.<\/p>\n\n\n\n<h2 class=\"wp-block-heading\">Fazit zu &#8222;Diese Ladekarten brauchst Du in \u00d6sterreich&#8220;:<\/h2>\n\n\n\n<ul class=\"wp-block-list\">\n<li><strong>F\u00fcr alle mit Wallbox zu Hause:<\/strong> Ionity + EnBW (optional Shell als Backup). Mehr braucht man f\u00fcr \u00d6sterreich und Europa nicht.<\/li>\n\n\n\n<li><strong>F\u00fcr alle ohne Ladem\u00f6glichkeit daheim:<\/strong> zus\u00e4tzlich regionale Anbieter wie Wien Energie oder den jeweiligen Landesversorger.<\/li>\n<\/ul>\n\n\n\n<hr class=\"wp-block-separator has-alpha-channel-opacity\"\/>\n\n\n\n<p class=\"wp-block-paragraph\">\ud83d\udc49 Wie seht ihr das? Habt ihr Geheimtipps f\u00fcr g\u00fcnstige Ladetarife? Schreibt\u2019s mir gerne in die Kommentare!<\/p>\n","protected":false},"excerpt":{"rendered":"<p>Gr\u00fc\u00df euch! Heute gibt\u2019s wieder einmal ein Update zum Thema &#8222;Diese Ladekarten brauchst Du in \u00d6sterreich?&#8222;. Die Fragen sind schnell gestellt:Welche Karten brauchst Du in \u00d6sterreich? Wo zahlt sich Laden aus? Und: Lohnt sich ein E-Auto \u00fcberhaupt, wenn man nicht zu Hause laden kann? Laden zu Hause: die Grundvoraussetzung Wer die M\u00f6glichkeit hat, sein Auto&hellip;&nbsp;<a href=\"https:\/\/alpenlandmagazin.at\/hochnachhaltig\/diese-ladekarten-brauchst-du-in-oesterreich\/\" rel=\"bookmark\">Weiterlesen &raquo;<span class=\"screen-reader-text\">Diese Ladekarten brauchst Du in \u00d6sterreich<\/span><\/a><\/p>\n","protected":false},"author":1,"featured_media":397,"comment_status":"open","ping_status":"open","sticky":false,"template":"","format":"standard","meta":{"neve_meta_sidebar":"","neve_meta_container":"","neve_meta_enable_content_width":"","neve_meta_content_width":0,"neve_meta_title_alignment":"","neve_meta_author_avatar":"","neve_post_elements_order":"","neve_meta_disable_header":"","neve_meta_disable_footer":"","neve_meta_disable_title":"","footnotes":""},"categories":[1],"tags":[],"class_list":["post-366","post","type-post","status-publish","format-standard","has-post-thumbnail","hentry","category-allgemein"],"yoast_head":"<!-- This site is optimized with the Yoast SEO plugin v28.2 - https:\/\/yoast.com\/product\/yoast-seo-wordpress\/ -->\n<title>Diese Ladekarten brauchst Du in \u00d6sterreich - hoch.nachhaltig - Berge. Umwelt. Selbstwirksamkeit.<\/title>\n<meta name=\"description\" content=\"Update zu den Themen &quot;Diese Ladekarten brauchst Du in \u00d6sterreich?&quot; und &quot;Lohnt sich ein E-Auto \u00fcberhaupt, wenn man nicht zu Hause laden kann?&quot;\" \/>\n<meta name=\"robots\" content=\"index, follow, max-snippet:-1, max-image-preview:large, max-video-preview:-1\" \/>\n<link rel=\"canonical\" href=\"https:\/\/alpenlandmagazin.at\/hochnachhaltig\/diese-ladekarten-brauchst-du-in-oesterreich\/\" \/>\n<meta property=\"og:locale\" content=\"de_DE\" \/>\n<meta property=\"og:type\" content=\"article\" \/>\n<meta property=\"og:title\" content=\"Diese Ladekarten brauchst Du in \u00d6sterreich - hoch.nachhaltig - Berge. Umwelt. Selbstwirksamkeit.\" \/>\n<meta property=\"og:description\" content=\"Update zu den Themen &quot;Diese Ladekarten brauchst Du in \u00d6sterreich?&quot; und &quot;Lohnt sich ein E-Auto \u00fcberhaupt, wenn man nicht zu Hause laden kann?&quot;\" \/>\n<meta property=\"og:url\" content=\"https:\/\/alpenlandmagazin.at\/hochnachhaltig\/diese-ladekarten-brauchst-du-in-oesterreich\/\" \/>\n<meta property=\"og:site_name\" content=\"hoch.nachhaltig - Berge. Umwelt. Selbstwirksamkeit.\" \/>\n<meta property=\"article:published_time\" content=\"2025-08-31T10:06:08+00:00\" \/>\n<meta property=\"article:modified_time\" content=\"2026-06-29T18:28:04+00:00\" \/>\n<meta property=\"og:image\" content=\"https:\/\/alpenlandmagazin.at\/hochnachhaltig\/wp-content\/uploads\/2025\/08\/IMPzIq7-c2sl8-e1782757648706-1024x674.png\" \/>\n\t<meta property=\"og:image:width\" content=\"1024\" \/>\n\t<meta property=\"og:image:height\" content=\"674\" \/>\n\t<meta property=\"og:image:type\" content=\"image\/png\" \/>\n<meta name=\"author\" content=\"ckrieh\" \/>\n<meta name=\"twitter:card\" content=\"summary_large_image\" \/>\n<meta name=\"twitter:label1\" content=\"Verfasst von\" \/>\n\t<meta name=\"twitter:data1\" content=\"ckrieh\" \/>\n\t<meta name=\"twitter:label2\" content=\"Gesch\u00e4tzte Lesezeit\" \/>\n\t<meta name=\"twitter:data2\" content=\"3\u00a0Minuten\" \/>\n<script type=\"application\/ld+json\" class=\"yoast-schema-graph\">{\"@context\":\"https:\\\/\\\/schema.org\",\"@graph\":[{\"@type\":\"Article\",\"@id\":\"https:\\\/\\\/alpenlandmagazin.at\\\/hochnachhaltig\\\/diese-ladekarten-brauchst-du-in-oesterreich\\\/#article\",\"isPartOf\":{\"@id\":\"https:\\\/\\\/alpenlandmagazin.at\\\/hochnachhaltig\\\/diese-ladekarten-brauchst-du-in-oesterreich\\\/\"},\"author\":{\"name\":\"ckrieh\",\"@id\":\"https:\\\/\\\/alpenlandmagazin.at\\\/hochnachhaltig\\\/#\\\/schema\\\/person\\\/7f5ce1e0f5b51b3dc237c27155c063b6\"},\"headline\":\"Diese Ladekarten brauchst Du in \u00d6sterreich\",\"datePublished\":\"2025-08-31T10:06:08+00:00\",\"dateModified\":\"2026-06-29T18:28:04+00:00\",\"mainEntityOfPage\":{\"@id\":\"https:\\\/\\\/alpenlandmagazin.at\\\/hochnachhaltig\\\/diese-ladekarten-brauchst-du-in-oesterreich\\\/\"},\"wordCount\":493,\"commentCount\":0,\"publisher\":{\"@id\":\"https:\\\/\\\/alpenlandmagazin.at\\\/hochnachhaltig\\\/#\\\/schema\\\/person\\\/cde7b4195499a8410a9ab4304ba1a6fe\"},\"image\":{\"@id\":\"https:\\\/\\\/alpenlandmagazin.at\\\/hochnachhaltig\\\/diese-ladekarten-brauchst-du-in-oesterreich\\\/#primaryimage\"},\"thumbnailUrl\":\"https:\\\/\\\/alpenlandmagazin.at\\\/hochnachhaltig\\\/wp-content\\\/uploads\\\/2025\\\/08\\\/IMPzIq7-c2sl8-e1782757648706.png\",\"inLanguage\":\"de\",\"potentialAction\":[{\"@type\":\"CommentAction\",\"name\":\"Comment\",\"target\":[\"https:\\\/\\\/alpenlandmagazin.at\\\/hochnachhaltig\\\/diese-ladekarten-brauchst-du-in-oesterreich\\\/#respond\"]}]},{\"@type\":\"WebPage\",\"@id\":\"https:\\\/\\\/alpenlandmagazin.at\\\/hochnachhaltig\\\/diese-ladekarten-brauchst-du-in-oesterreich\\\/\",\"url\":\"https:\\\/\\\/alpenlandmagazin.at\\\/hochnachhaltig\\\/diese-ladekarten-brauchst-du-in-oesterreich\\\/\",\"name\":\"Diese Ladekarten brauchst Du in \u00d6sterreich - hoch.nachhaltig - Berge. Umwelt. Selbstwirksamkeit.\",\"isPartOf\":{\"@id\":\"https:\\\/\\\/alpenlandmagazin.at\\\/hochnachhaltig\\\/#website\"},\"primaryImageOfPage\":{\"@id\":\"https:\\\/\\\/alpenlandmagazin.at\\\/hochnachhaltig\\\/diese-ladekarten-brauchst-du-in-oesterreich\\\/#primaryimage\"},\"image\":{\"@id\":\"https:\\\/\\\/alpenlandmagazin.at\\\/hochnachhaltig\\\/diese-ladekarten-brauchst-du-in-oesterreich\\\/#primaryimage\"},\"thumbnailUrl\":\"https:\\\/\\\/alpenlandmagazin.at\\\/hochnachhaltig\\\/wp-content\\\/uploads\\\/2025\\\/08\\\/IMPzIq7-c2sl8-e1782757648706.png\",\"datePublished\":\"2025-08-31T10:06:08+00:00\",\"dateModified\":\"2026-06-29T18:28:04+00:00\",\"description\":\"Update zu den Themen \\\"Diese Ladekarten brauchst Du in \u00d6sterreich?\\\" und \\\"Lohnt sich ein E-Auto \u00fcberhaupt, wenn man nicht zu Hause laden kann?\\\"\",\"breadcrumb\":{\"@id\":\"https:\\\/\\\/alpenlandmagazin.at\\\/hochnachhaltig\\\/diese-ladekarten-brauchst-du-in-oesterreich\\\/#breadcrumb\"},\"inLanguage\":\"de\",\"potentialAction\":[{\"@type\":\"ReadAction\",\"target\":[\"https:\\\/\\\/alpenlandmagazin.at\\\/hochnachhaltig\\\/diese-ladekarten-brauchst-du-in-oesterreich\\\/\"]}]},{\"@type\":\"ImageObject\",\"inLanguage\":\"de\",\"@id\":\"https:\\\/\\\/alpenlandmagazin.at\\\/hochnachhaltig\\\/diese-ladekarten-brauchst-du-in-oesterreich\\\/#primaryimage\",\"url\":\"https:\\\/\\\/alpenlandmagazin.at\\\/hochnachhaltig\\\/wp-content\\\/uploads\\\/2025\\\/08\\\/IMPzIq7-c2sl8-e1782757648706.png\",\"contentUrl\":\"https:\\\/\\\/alpenlandmagazin.at\\\/hochnachhaltig\\\/wp-content\\\/uploads\\\/2025\\\/08\\\/IMPzIq7-c2sl8-e1782757648706.png\",\"width\":1167,\"height\":768},{\"@type\":\"BreadcrumbList\",\"@id\":\"https:\\\/\\\/alpenlandmagazin.at\\\/hochnachhaltig\\\/diese-ladekarten-brauchst-du-in-oesterreich\\\/#breadcrumb\",\"itemListElement\":[{\"@type\":\"ListItem\",\"position\":1,\"name\":\"Startseite\",\"item\":\"https:\\\/\\\/alpenlandmagazin.at\\\/hochnachhaltig\\\/\"},{\"@type\":\"ListItem\",\"position\":2,\"name\":\"Diese Ladekarten brauchst Du in \u00d6sterreich\"}]},{\"@type\":\"WebSite\",\"@id\":\"https:\\\/\\\/alpenlandmagazin.at\\\/hochnachhaltig\\\/#website\",\"url\":\"https:\\\/\\\/alpenlandmagazin.at\\\/hochnachhaltig\\\/\",\"name\":\"hoch.nachhaltig - Berge. Umwelt. Selbstwirksamkeit.\",\"description\":\"Wie man die Welt rettet und dabei Geld spart.\",\"publisher\":{\"@id\":\"https:\\\/\\\/alpenlandmagazin.at\\\/hochnachhaltig\\\/#\\\/schema\\\/person\\\/cde7b4195499a8410a9ab4304ba1a6fe\"},\"alternateName\":\"hoch.nachhaltig\",\"potentialAction\":[{\"@type\":\"SearchAction\",\"target\":{\"@type\":\"EntryPoint\",\"urlTemplate\":\"https:\\\/\\\/alpenlandmagazin.at\\\/hochnachhaltig\\\/?s={search_term_string}\"},\"query-input\":{\"@type\":\"PropertyValueSpecification\",\"valueRequired\":true,\"valueName\":\"search_term_string\"}}],\"inLanguage\":\"de\"},{\"@type\":[\"Person\",\"Organization\"],\"@id\":\"https:\\\/\\\/alpenlandmagazin.at\\\/hochnachhaltig\\\/#\\\/schema\\\/person\\\/cde7b4195499a8410a9ab4304ba1a6fe\",\"name\":\"Christian Schreiter\",\"image\":{\"@type\":\"ImageObject\",\"inLanguage\":\"de\",\"@id\":\"https:\\\/\\\/alpenlandmagazin.at\\\/hochnachhaltig\\\/wp-content\\\/uploads\\\/2023\\\/12\\\/logo11_4_172949.png\",\"url\":\"https:\\\/\\\/alpenlandmagazin.at\\\/hochnachhaltig\\\/wp-content\\\/uploads\\\/2023\\\/12\\\/logo11_4_172949.png\",\"contentUrl\":\"https:\\\/\\\/alpenlandmagazin.at\\\/hochnachhaltig\\\/wp-content\\\/uploads\\\/2023\\\/12\\\/logo11_4_172949.png\",\"width\":2000,\"height\":2000,\"caption\":\"Christian Schreiter\"},\"logo\":{\"@id\":\"https:\\\/\\\/alpenlandmagazin.at\\\/hochnachhaltig\\\/wp-content\\\/uploads\\\/2023\\\/12\\\/logo11_4_172949.png\"}},{\"@type\":\"Person\",\"@id\":\"https:\\\/\\\/alpenlandmagazin.at\\\/hochnachhaltig\\\/#\\\/schema\\\/person\\\/7f5ce1e0f5b51b3dc237c27155c063b6\",\"name\":\"ckrieh\",\"image\":{\"@type\":\"ImageObject\",\"inLanguage\":\"de\",\"@id\":\"https:\\\/\\\/secure.gravatar.com\\\/avatar\\\/1a61d60ff2b88bcf2b98ce01b7ba9fe7685606d7822c85153b9262eac30a2c74?s=96&d=mm&r=g\",\"url\":\"https:\\\/\\\/secure.gravatar.com\\\/avatar\\\/1a61d60ff2b88bcf2b98ce01b7ba9fe7685606d7822c85153b9262eac30a2c74?s=96&d=mm&r=g\",\"contentUrl\":\"https:\\\/\\\/secure.gravatar.com\\\/avatar\\\/1a61d60ff2b88bcf2b98ce01b7ba9fe7685606d7822c85153b9262eac30a2c74?s=96&d=mm&r=g\",\"caption\":\"ckrieh\"},\"sameAs\":[\"https:\\\/\\\/alpenlandmagazin.at\\\/hochnachhaltig\"],\"url\":\"https:\\\/\\\/alpenlandmagazin.at\\\/hochnachhaltig\\\/author\\\/ckrieh\\\/\"}]}<\/script>\n<!-- \/ Yoast SEO plugin. -->","yoast_head_json":{"title":"Diese Ladekarten brauchst Du in \u00d6sterreich - hoch.nachhaltig - Berge. Umwelt. Selbstwirksamkeit.","description":"Update zu den Themen \"Diese Ladekarten brauchst Du in \u00d6sterreich?\" und \"Lohnt sich ein E-Auto \u00fcberhaupt, wenn man nicht zu Hause laden kann?\"","robots":{"index":"index","follow":"follow","max-snippet":"max-snippet:-1","max-image-preview":"max-image-preview:large","max-video-preview":"max-video-preview:-1"},"canonical":"https:\/\/alpenlandmagazin.at\/hochnachhaltig\/diese-ladekarten-brauchst-du-in-oesterreich\/","og_locale":"de_DE","og_type":"article","og_title":"Diese Ladekarten brauchst Du in \u00d6sterreich - hoch.nachhaltig - Berge. Umwelt. Selbstwirksamkeit.","og_description":"Update zu den Themen \"Diese Ladekarten brauchst Du in \u00d6sterreich?\" und \"Lohnt sich ein E-Auto \u00fcberhaupt, wenn man nicht zu Hause laden kann?\"","og_url":"https:\/\/alpenlandmagazin.at\/hochnachhaltig\/diese-ladekarten-brauchst-du-in-oesterreich\/","og_site_name":"hoch.nachhaltig - Berge. Umwelt. Selbstwirksamkeit.","article_published_time":"2025-08-31T10:06:08+00:00","article_modified_time":"2026-06-29T18:28:04+00:00","og_image":[{"width":1024,"height":674,"url":"https:\/\/alpenlandmagazin.at\/hochnachhaltig\/wp-content\/uploads\/2025\/08\/IMPzIq7-c2sl8-e1782757648706-1024x674.png","type":"image\/png"}],"author":"ckrieh","twitter_card":"summary_large_image","twitter_misc":{"Verfasst von":"ckrieh","Gesch\u00e4tzte Lesezeit":"3\u00a0Minuten"},"schema":{"@context":"https:\/\/schema.org","@graph":[{"@type":"Article","@id":"https:\/\/alpenlandmagazin.at\/hochnachhaltig\/diese-ladekarten-brauchst-du-in-oesterreich\/#article","isPartOf":{"@id":"https:\/\/alpenlandmagazin.at\/hochnachhaltig\/diese-ladekarten-brauchst-du-in-oesterreich\/"},"author":{"name":"ckrieh","@id":"https:\/\/alpenlandmagazin.at\/hochnachhaltig\/#\/schema\/person\/7f5ce1e0f5b51b3dc237c27155c063b6"},"headline":"Diese Ladekarten brauchst Du in \u00d6sterreich","datePublished":"2025-08-31T10:06:08+00:00","dateModified":"2026-06-29T18:28:04+00:00","mainEntityOfPage":{"@id":"https:\/\/alpenlandmagazin.at\/hochnachhaltig\/diese-ladekarten-brauchst-du-in-oesterreich\/"},"wordCount":493,"commentCount":0,"publisher":{"@id":"https:\/\/alpenlandmagazin.at\/hochnachhaltig\/#\/schema\/person\/cde7b4195499a8410a9ab4304ba1a6fe"},"image":{"@id":"https:\/\/alpenlandmagazin.at\/hochnachhaltig\/diese-ladekarten-brauchst-du-in-oesterreich\/#primaryimage"},"thumbnailUrl":"https:\/\/alpenlandmagazin.at\/hochnachhaltig\/wp-content\/uploads\/2025\/08\/IMPzIq7-c2sl8-e1782757648706.png","inLanguage":"de","potentialAction":[{"@type":"CommentAction","name":"Comment","target":["https:\/\/alpenlandmagazin.at\/hochnachhaltig\/diese-ladekarten-brauchst-du-in-oesterreich\/#respond"]}]},{"@type":"WebPage","@id":"https:\/\/alpenlandmagazin.at\/hochnachhaltig\/diese-ladekarten-brauchst-du-in-oesterreich\/","url":"https:\/\/alpenlandmagazin.at\/hochnachhaltig\/diese-ladekarten-brauchst-du-in-oesterreich\/","name":"Diese Ladekarten brauchst Du in \u00d6sterreich - hoch.nachhaltig - Berge. Umwelt. Selbstwirksamkeit.","isPartOf":{"@id":"https:\/\/alpenlandmagazin.at\/hochnachhaltig\/#website"},"primaryImageOfPage":{"@id":"https:\/\/alpenlandmagazin.at\/hochnachhaltig\/diese-ladekarten-brauchst-du-in-oesterreich\/#primaryimage"},"image":{"@id":"https:\/\/alpenlandmagazin.at\/hochnachhaltig\/diese-ladekarten-brauchst-du-in-oesterreich\/#primaryimage"},"thumbnailUrl":"https:\/\/alpenlandmagazin.at\/hochnachhaltig\/wp-content\/uploads\/2025\/08\/IMPzIq7-c2sl8-e1782757648706.png","datePublished":"2025-08-31T10:06:08+00:00","dateModified":"2026-06-29T18:28:04+00:00","description":"Update zu den Themen \"Diese Ladekarten brauchst Du in \u00d6sterreich?\" und \"Lohnt sich ein E-Auto \u00fcberhaupt, wenn man nicht zu Hause laden kann?\"","breadcrumb":{"@id":"https:\/\/alpenlandmagazin.at\/hochnachhaltig\/diese-ladekarten-brauchst-du-in-oesterreich\/#breadcrumb"},"inLanguage":"de","potentialAction":[{"@type":"ReadAction","target":["https:\/\/alpenlandmagazin.at\/hochnachhaltig\/diese-ladekarten-brauchst-du-in-oesterreich\/"]}]},{"@type":"ImageObject","inLanguage":"de","@id":"https:\/\/alpenlandmagazin.at\/hochnachhaltig\/diese-ladekarten-brauchst-du-in-oesterreich\/#primaryimage","url":"https:\/\/alpenlandmagazin.at\/hochnachhaltig\/wp-content\/uploads\/2025\/08\/IMPzIq7-c2sl8-e1782757648706.png","contentUrl":"https:\/\/alpenlandmagazin.at\/hochnachhaltig\/wp-content\/uploads\/2025\/08\/IMPzIq7-c2sl8-e1782757648706.png","width":1167,"height":768},{"@type":"BreadcrumbList","@id":"https:\/\/alpenlandmagazin.at\/hochnachhaltig\/diese-ladekarten-brauchst-du-in-oesterreich\/#breadcrumb","itemListElement":[{"@type":"ListItem","position":1,"name":"Startseite","item":"https:\/\/alpenlandmagazin.at\/hochnachhaltig\/"},{"@type":"ListItem","position":2,"name":"Diese Ladekarten brauchst Du in \u00d6sterreich"}]},{"@type":"WebSite","@id":"https:\/\/alpenlandmagazin.at\/hochnachhaltig\/#website","url":"https:\/\/alpenlandmagazin.at\/hochnachhaltig\/","name":"hoch.nachhaltig - Berge. Umwelt. Selbstwirksamkeit.","description":"Wie man die Welt rettet und dabei Geld spart.","publisher":{"@id":"https:\/\/alpenlandmagazin.at\/hochnachhaltig\/#\/schema\/person\/cde7b4195499a8410a9ab4304ba1a6fe"},"alternateName":"hoch.nachhaltig","potentialAction":[{"@type":"SearchAction","target":{"@type":"EntryPoint","urlTemplate":"https:\/\/alpenlandmagazin.at\/hochnachhaltig\/?s={search_term_string}"},"query-input":{"@type":"PropertyValueSpecification","valueRequired":true,"valueName":"search_term_string"}}],"inLanguage":"de"},{"@type":["Person","Organization"],"@id":"https:\/\/alpenlandmagazin.at\/hochnachhaltig\/#\/schema\/person\/cde7b4195499a8410a9ab4304ba1a6fe","name":"Christian Schreiter","image":{"@type":"ImageObject","inLanguage":"de","@id":"https:\/\/alpenlandmagazin.at\/hochnachhaltig\/wp-content\/uploads\/2023\/12\/logo11_4_172949.png","url":"https:\/\/alpenlandmagazin.at\/hochnachhaltig\/wp-content\/uploads\/2023\/12\/logo11_4_172949.png","contentUrl":"https:\/\/alpenlandmagazin.at\/hochnachhaltig\/wp-content\/uploads\/2023\/12\/logo11_4_172949.png","width":2000,"height":2000,"caption":"Christian Schreiter"},"logo":{"@id":"https:\/\/alpenlandmagazin.at\/hochnachhaltig\/wp-content\/uploads\/2023\/12\/logo11_4_172949.png"}},{"@type":"Person","@id":"https:\/\/alpenlandmagazin.at\/hochnachhaltig\/#\/schema\/person\/7f5ce1e0f5b51b3dc237c27155c063b6","name":"ckrieh","image":{"@type":"ImageObject","inLanguage":"de","@id":"https:\/\/secure.gravatar.com\/avatar\/1a61d60ff2b88bcf2b98ce01b7ba9fe7685606d7822c85153b9262eac30a2c74?s=96&d=mm&r=g","url":"https:\/\/secure.gravatar.com\/avatar\/1a61d60ff2b88bcf2b98ce01b7ba9fe7685606d7822c85153b9262eac30a2c74?s=96&d=mm&r=g","contentUrl":"https:\/\/secure.gravatar.com\/avatar\/1a61d60ff2b88bcf2b98ce01b7ba9fe7685606d7822c85153b9262eac30a2c74?s=96&d=mm&r=g","caption":"ckrieh"},"sameAs":["https:\/\/alpenlandmagazin.at\/hochnachhaltig"],"url":"https:\/\/alpenlandmagazin.at\/hochnachhaltig\/author\/ckrieh\/"}]}},"_links":{"self":[{"href":"https:\/\/alpenlandmagazin.at\/hochnachhaltig\/wp-json\/wp\/v2\/posts\/366","targetHints":{"allow":["GET"]}}],"collection":[{"href":"https:\/\/alpenlandmagazin.at\/hochnachhaltig\/wp-json\/wp\/v2\/posts"}],"about":[{"href":"https:\/\/alpenlandmagazin.at\/hochnachhaltig\/wp-json\/wp\/v2\/types\/post"}],"author":[{"embeddable":true,"href":"https:\/\/alpenlandmagazin.at\/hochnachhaltig\/wp-json\/wp\/v2\/users\/1"}],"replies":[{"embeddable":true,"href":"https:\/\/alpenlandmagazin.at\/hochnachhaltig\/wp-json\/wp\/v2\/comments?post=366"}],"version-history":[{"count":2,"href":"https:\/\/alpenlandmagazin.at\/hochnachhaltig\/wp-json\/wp\/v2\/posts\/366\/revisions"}],"predecessor-version":[{"id":369,"href":"https:\/\/alpenlandmagazin.at\/hochnachhaltig\/wp-json\/wp\/v2\/posts\/366\/revisions\/369"}],"wp:featuredmedia":[{"embeddable":true,"href":"https:\/\/alpenlandmagazin.at\/hochnachhaltig\/wp-json\/wp\/v2\/media\/397"}],"wp:attachment":[{"href":"https:\/\/alpenlandmagazin.at\/hochnachhaltig\/wp-json\/wp\/v2\/media?parent=366"}],"wp:term":[{"taxonomy":"category","embeddable":true,"href":"https:\/\/alpenlandmagazin.at\/hochnachhaltig\/wp-json\/wp\/v2\/categories?post=366"},{"taxonomy":"post_tag","embeddable":true,"href":"https:\/\/alpenlandmagazin.at\/hochnachhaltig\/wp-json\/wp\/v2\/tags?post=366"}],"curies":[{"name":"wp","href":"https:\/\/api.w.org\/{rel}","templated":true}]}}