{"id":412,"date":"2026-04-30T15:39:55","date_gmt":"2026-04-30T13:39:55","guid":{"rendered":"https:\/\/alpenlandmagazin.at\/hochnachhaltig\/?p=412"},"modified":"2026-07-04T15:56:13","modified_gmt":"2026-07-04T13:56:13","slug":"stromspeicher-mit-dynamischen-tarifen-laden-zahlt-sich-das-aus","status":"publish","type":"post","link":"https:\/\/alpenlandmagazin.at\/hochnachhaltig\/stromspeicher-mit-dynamischen-tarifen-laden-zahlt-sich-das-aus\/","title":{"rendered":"Stromspeicher mit dynamischen Tarifen laden &#8211; zahlt sich das aus?"},"content":{"rendered":"\n<p class=\"wp-block-paragraph\">Eine Frage aus <a href=\"https:\/\/alpenlandmagazin.at\/hochnachhaltig\/pv-stromspeicher-warum-sich-das-im-winter-lohnen-kann\/\" type=\"post\" id=\"376\">einem meiner letzten Videos<\/a> blieb offen: Hat sich mein Speicherkauf im Winter wirklich ausgezahlt? Genauer gesagt: Konnte ich durch intelligentes Laden des Speichers Kosten sparen \u2013 einerseits mit meiner PV-Anlage, andererseits mit einem dynamischen Stromtarif? Heute gebe ich Euch diese Antwort auf die Frage: Stromspeicher mit dynamischen Tarifen laden &#8211; zahlt sich das aus?<\/p>\n\n\n\n<p class=\"wp-block-paragraph\">Die Antwort ist inzwischen m\u00f6glich, weil ich meine Verbrauchs- und Kostendaten aus dem Kundenportal selbst ausgewertet habe. Leider hat <a href=\"https:\/\/www.smartenergy.at\">SmartEnergy<\/a> es bis heute n\u00e4mlich nicht geschafft, mir eine brauchbare Abrechnung bzw. Auswertung zur Verf\u00fcgung zu stellen. Also musste ich die Daten selbst zusammensuchen und analysieren.<\/p>\n\n\n<div class=\"epyt-video-wrapper\"><div  id=\"_ytid_53193\"  width=\"1200\" height=\"675\"  data-origwidth=\"1200\" data-origheight=\"675\" data-facadesrc=\"https:\/\/www.youtube.com\/embed\/bK8X-Le0ThY?enablejsapi=1&#038;origin=https:\/\/alpenlandmagazin.at&#038;autoplay=0&#038;cc_load_policy=0&#038;cc_lang_pref=de&#038;iv_load_policy=1&#038;loop=0&#038;rel=0&#038;fs=1&#038;playsinline=1&#038;autohide=2&#038;theme=dark&#038;color=red&#038;controls=1&#038;disablekb=0&#038;\" class=\"__youtube_prefs__ epyt-facade no-lazyload\" data-epautoplay=\"1\" ><img decoding=\"async\" data-spai-excluded=\"true\" class=\"epyt-facade-poster skip-lazy\" loading=\"lazy\"  alt=\"YouTube player\"  src=\"https:\/\/i.ytimg.com\/vi\/bK8X-Le0ThY\/maxresdefault.jpg\"  \/><button class=\"epyt-facade-play\" aria-label=\"Play\"><svg data-no-lazy=\"1\" height=\"100%\" version=\"1.1\" viewBox=\"0 0 68 48\" width=\"100%\"><path class=\"ytp-large-play-button-bg\" d=\"M66.52,7.74c-0.78-2.93-2.49-5.41-5.42-6.19C55.79,.13,34,0,34,0S12.21,.13,6.9,1.55 C3.97,2.33,2.27,4.81,1.48,7.74C0.06,13.05,0,24,0,24s0.06,10.95,1.48,16.26c0.78,2.93,2.49,5.41,5.42,6.19 C12.21,47.87,34,48,34,48s21.79-0.13,27.1-1.55c2.93-0.78,4.64-3.26,5.42-6.19C67.94,34.95,68,24,68,24S67.94,13.05,66.52,7.74z\" fill=\"#f00\"><\/path><path d=\"M 45,24 27,14 27,34\" fill=\"#fff\"><\/path><\/svg><\/button><\/div><\/div>\n\n\n<h2 class=\"wp-block-heading\">Die Ausgangsidee<\/h2>\n\n\n\n<p class=\"wp-block-paragraph\">Ich habe mir im vergangenen Sommer einen Stromspeicher zugelegt. Die Idee dahinter war einfach:<\/p>\n\n\n\n<p class=\"wp-block-paragraph\">In den Sommermonaten wollte ich m\u00f6glichst autark sein und den Strom meiner PV-Anlage m\u00f6glichst vollst\u00e4ndig selbst nutzen. In den Wintermonaten sollte der Speicher helfen, den Eigenverbrauch der PV-Anlage nahe an 100 Prozent zu bringen und zus\u00e4tzlich g\u00fcnstigen Netzstrom aus einem dynamischen Stromtarif zu speichern.<\/p>\n\n\n\n<p class=\"wp-block-paragraph\">Meine PV-Anlage hat rund 5 kWp. Mir war daher von Anfang an klar, dass ein 15-kWh-Speicher im Winter nicht allein durch die PV-Anlage vollgeladen werden kann. Deshalb war der Plan, den Speicher in g\u00fcnstigen Stromstunden aus dem Netz zu laden und diesen g\u00fcnstigen Strom sp\u00e4ter in teureren Stunden zu verbrauchen.<\/p>\n\n\n\n<p class=\"wp-block-paragraph\">So weit die Theorie.<\/p>\n\n\n\n<h2 class=\"wp-block-heading\">Hat das funktioniert?<\/h2>\n\n\n\n<p class=\"wp-block-paragraph\">Ja, grunds\u00e4tzlich hat es funktioniert.<\/p>\n\n\n\n<p class=\"wp-block-paragraph\">Aber nicht in dem Ausma\u00df, das ich mir erhofft hatte.<\/p>\n\n\n\n<p class=\"wp-block-paragraph\">Durch meine Strategie konnte ich den durchschnittlichen Strompreis je nach Monat um etwa 10 bis 15 Prozent senken. Das ist nat\u00fcrlich nicht nichts. Aber ehrlich gesagt lag es unter meinen Erwartungen.<\/p>\n\n\n\n<p class=\"wp-block-paragraph\">Sehr gut funktioniert hat hingegen der Eigenverbrauch der PV-Anlage. Von Oktober bis M\u00e4rz lag dieser bei etwa 85 bis 95 Prozent. Das ist ein sehr guter Wert und entspricht auch ziemlich genau dem, was ich mir vom Speicher erwartet hatte.<\/p>\n\n\n\n<h2 class=\"wp-block-heading\">Autarkie: gut, aber nicht perfekt vergleichbar<\/h2>\n\n\n\n<p class=\"wp-block-paragraph\">Der Speicher hat nat\u00fcrlich auch die Autarkiequote verbessert. Allerdings ist dieser Wert bei mir nur bedingt aussagekr\u00e4ftig, weil auch mein Elektroauto eine Rolle spielt.<\/p>\n\n\n\n<p class=\"wp-block-paragraph\">Das E-Auto lade ich in der Regel nicht \u00fcber den Speicher, sondern direkt aus dem Netz bzw. die PV-Anlage \u2013 entweder dann, wenn die Sonne scheint, oder im Winter in g\u00fcnstigen Stunden des dynamischen Stromtarifs. Dadurch wird die Autarkiequote nat\u00fcrlich beeinflusst und ist nicht ganz sauber mit anderen Haushalten vergleichbar.<\/p>\n\n\n\n<h2 class=\"wp-block-heading\">Kosten pro Kilowattstunde<\/h2>\n\n\n\n<p class=\"wp-block-paragraph\">Interessanterweise konnten die Kosten pro verbrauchter Kilowattstunde insgesamt nicht klar gesenkt werden. Das liegt aber nicht unmittelbar am Speicher, sondern daran, dass sich im Vergleich zu den Vorjahresmonaten auch Netzgeb\u00fchren und Strompreise ver\u00e4ndert haben.<\/p>\n\n\n\n<p class=\"wp-block-paragraph\">Ein direkter Vergleich ist daher schwierig.<\/p>\n\n\n\n<p class=\"wp-block-paragraph\">Was ich aber sagen kann: Im Vergleich zum Vorjahr haben sich im J\u00e4nner und Februar die Kosten pro Kilowattstunde Gesamtverbrauch um ungef\u00e4hr 10 Prozent verringert. Auch das ist okay \u2013 aber kein spektakul\u00e4rer Effekt.<\/p>\n\n\n\n<h2 class=\"wp-block-heading\">Der Winter ist die eigentliche Bew\u00e4hrungsprobe<\/h2>\n\n\n\n<p class=\"wp-block-paragraph\">Grunds\u00e4tzlich ist ein Speicher vor allem von M\u00e4rz bis Oktober eine sehr gute Sache. In diesen Monaten ist eine hohe Autarkiequote m\u00f6glich, und ein gro\u00dfer Teil des Strombedarfs kann \u00fcber die Sonne gedeckt werden.<\/p>\n\n\n\n<p class=\"wp-block-paragraph\">Im Winter sieht die Sache anders aus.<\/p>\n\n\n\n<p class=\"wp-block-paragraph\">Mein Strombedarf ist im Winter deutlich h\u00f6her, weil ich haupts\u00e4chlich mit Klimaanlage bzw. Strom heize. Im k\u00e4ltesten Monat lag mein Gesamtverbrauch heuer bei rund 950 kWh. Im Vorjahr waren es etwa 1.150 kWh.<\/p>\n\n\n\n<p class=\"wp-block-paragraph\">Das ist f\u00fcr ein Haus, das im Wesentlichen mit Strom beheizt wird, gar nicht so dramatisch. Heuer kam noch dazu, dass ich in einer sehr kalten Phase kurzzeitig meine sonst kaum genutzte Gasbrennwerttherme zur Unterst\u00fctzung verwendet habe. Dadurch wurde der Stromverbrauch etwas reduziert.<\/p>\n\n\n\n<p class=\"wp-block-paragraph\">Trotzdem bleibt: Im Winter ist ein Speicher immer auch eine Wette darauf, dass genug Sonne scheint.<\/p>\n\n\n\n<p class=\"wp-block-paragraph\">Und genau das war heuer nicht der Fall.<\/p>\n\n\n\n<p class=\"wp-block-paragraph\">Dieser Winter war bei uns eher ein Winter wie fr\u00fcher: kalt, neblig und von November bis J\u00e4nner ziemlich tr\u00fcb. In den letzten Jahren waren die Winter vergleichsweise sonniger und milder. Heuer war die PV-Produktion entsprechend schwach.<\/p>\n\n\n\n<h2 class=\"wp-block-heading\">Der bessere Winter-Move: Energiegemeinschaft<\/h2>\n\n\n\n<p class=\"wp-block-paragraph\">Interessanterweise war f\u00fcr mich im Winter nicht der Speicher der gr\u00f6\u00dfte strategische Vorteil, sondern die Teilnahme an unserer Energiegemeinschaft.<\/p>\n\n\n\n<p class=\"wp-block-paragraph\">Dort bekomme ich f\u00fcr eingespeisten Strom 9,4 Cent pro kWh und zahle f\u00fcr bezogenen Strom 10,4 Cent pro kWh. Weil die Energiegemeinschaft auch im Winter relativ gut produziert hat, war dieser Strom oft g\u00fcnstiger als die g\u00fcnstigsten Stunden meines dynamischen Tarifs.<\/p>\n\n\n\n<p class=\"wp-block-paragraph\">Im vergangenen Jahr habe ich dort sogar mehr eingespeist als verbraucht und am Ende ein Guthaben von 91 Euro ausbezahlt bekommen.<\/p>\n\n\n\n<p class=\"wp-block-paragraph\">Das war f\u00fcr mich r\u00fcckblickend fast der bessere Hebel als das gezielte Laden des Speichers mit g\u00fcnstigem Netzstrom.<\/p>\n\n\n\n<h2 class=\"wp-block-heading\">War der Speicher zu gro\u00df?<\/h2>\n\n\n\n<p class=\"wp-block-paragraph\">Mein Speicher hat rund 15 kWh Kapazit\u00e4t und hat mich inklusive allem etwa 6.000 Euro gekostet. Das ist f\u00fcr diese Gr\u00f6\u00dfe ein sehr guter Preis.<\/p>\n\n\n\n<p class=\"wp-block-paragraph\">Trotzdem muss ich sagen: H\u00e4tte ich vorher gewusst, dass meine Winterstrategie nicht ganz so stark aufgeht, h\u00e4tte vermutlich auch ein kleinerer Speicher gereicht. Vielleicht w\u00e4ren 10 kWh ausreichend gewesen, vielleicht sogar 7 kWh.<\/p>\n\n\n\n<p class=\"wp-block-paragraph\">Allerdings w\u00e4re ein halb so gro\u00dfer Speicher nicht automatisch halb so teuer gewesen. Insofern passt es f\u00fcr mich insgesamt schon.<\/p>\n\n\n\n<h2 class=\"wp-block-heading\">Mein Fazit<\/h2>\n\n\n\n<p class=\"wp-block-paragraph\">Der Speicher rechnet sich \u2013 aber anders, als ich urspr\u00fcnglich gedacht hatte.<\/p>\n\n\n\n<p class=\"wp-block-paragraph\">Meine Idee, im Winter gezielt billigen Strom aus dem dynamischen Tarif zu speichern und sp\u00e4ter zu verbrauchen, funktioniert zwar. Die Ersparnis ist aber durch Lade- und Entladeverluste sowie die tats\u00e4chlichen Preisunterschiede geringer, als ich erwartet hatte.<\/p>\n\n\n\n<p class=\"wp-block-paragraph\">Deutlich st\u00e4rker ist der Nutzen des Speichers in den Monaten M\u00e4rz bis Oktober. In dieser Zeit kann ich sehr viel PV-Strom selbst nutzen und meine Autarkie deutlich erh\u00f6hen.<\/p>\n\n\n\n<p class=\"wp-block-paragraph\">W\u00fcrde ich einen Speicher zur Unterst\u00fctzung einer W\u00e4rmepumpe, Klimaanlagenheizung oder anderer gr\u00f6\u00dferer Stromverbraucher empfehlen?<\/p>\n\n\n\n<p class=\"wp-block-paragraph\">Ja \u2013 aber vor allem dann, wenn der Speicher g\u00fcnstig ist und man ihn nicht auf den letzten Cent sch\u00f6nrechnen muss.<\/p>\n\n\n\n<p class=\"wp-block-paragraph\">In Kombination mit PV-Anlage, dynamischem Stromtarif und idealerweise einer Energiegemeinschaft kann ein Speicher sehr sinnvoll sein. Man sollte sich aber bewusst sein: Im Winter ist der Effekt begrenzt und h\u00e4ngt stark vom Wetter, vom eigenen Verbrauchsprofil und von den tats\u00e4chlichen Strompreisschwankungen ab.<\/p>\n\n\n\n<p class=\"wp-block-paragraph\">Mein pers\u00f6nliches Fazit: Der Speicher war kein Fehler. Aber der gro\u00dfe finanzielle Winter-Hebel, den ich mir erhofft hatte, war er nicht.<\/p>\n","protected":false},"excerpt":{"rendered":"<p>Eine Frage aus einem meiner letzten Videos blieb offen: Hat sich mein Speicherkauf im Winter wirklich ausgezahlt? Genauer gesagt: Konnte ich durch intelligentes Laden des Speichers Kosten sparen \u2013 einerseits mit meiner PV-Anlage, andererseits mit einem dynamischen Stromtarif? Heute gebe ich Euch diese Antwort auf die Frage: Stromspeicher mit dynamischen Tarifen laden &#8211; zahlt sich das aus?<\/p>\n","protected":false},"author":1,"featured_media":413,"comment_status":"open","ping_status":"open","sticky":false,"template":"","format":"standard","meta":{"neve_meta_sidebar":"","neve_meta_container":"","neve_meta_enable_content_width":"","neve_meta_content_width":0,"neve_meta_title_alignment":"","neve_meta_author_avatar":"","neve_post_elements_order":"","neve_meta_disable_header":"","neve_meta_disable_footer":"","neve_meta_disable_title":"","footnotes":""},"categories":[1],"tags":[],"class_list":["post-412","post","type-post","status-publish","format-standard","has-post-thumbnail","hentry","category-allgemein"],"yoast_head":"<!-- This site is optimized with the Yoast SEO plugin v28.2 - https:\/\/yoast.com\/product\/yoast-seo-wordpress\/ -->\n<title>Stromspeicher mit dynamischen Tarifen laden - zahlt sich das aus? - hoch.nachhaltig - Berge. Umwelt. Selbstwirksamkeit.<\/title>\n<meta name=\"description\" content=\"Heute gebe ich Euch die Antwort auf die Frage: Stromspeicher mit dynamischen Tarifen laden - zahlt sich das aus?\" \/>\n<meta name=\"robots\" content=\"index, follow, max-snippet:-1, max-image-preview:large, max-video-preview:-1\" \/>\n<link rel=\"canonical\" href=\"https:\/\/alpenlandmagazin.at\/hochnachhaltig\/stromspeicher-mit-dynamischen-tarifen-laden-zahlt-sich-das-aus\/\" \/>\n<meta property=\"og:locale\" content=\"de_DE\" \/>\n<meta property=\"og:type\" content=\"article\" \/>\n<meta property=\"og:title\" content=\"Stromspeicher mit dynamischen Tarifen laden - zahlt sich das aus? - hoch.nachhaltig - Berge. Umwelt. Selbstwirksamkeit.\" \/>\n<meta property=\"og:description\" content=\"Heute gebe ich Euch die Antwort auf die Frage: Stromspeicher mit dynamischen Tarifen laden - zahlt sich das aus?\" \/>\n<meta property=\"og:url\" content=\"https:\/\/alpenlandmagazin.at\/hochnachhaltig\/stromspeicher-mit-dynamischen-tarifen-laden-zahlt-sich-das-aus\/\" \/>\n<meta property=\"og:site_name\" content=\"hoch.nachhaltig - Berge. Umwelt. Selbstwirksamkeit.\" \/>\n<meta property=\"article:published_time\" content=\"2026-04-30T13:39:55+00:00\" \/>\n<meta property=\"article:modified_time\" content=\"2026-07-04T13:56:13+00:00\" \/>\n<meta property=\"og:image\" content=\"https:\/\/alpenlandmagazin.at\/hochnachhaltig\/wp-content\/uploads\/2026\/07\/maxresdefault-e1783172289385.jpg\" \/>\n\t<meta property=\"og:image:width\" content=\"1193\" \/>\n\t<meta property=\"og:image:height\" content=\"720\" \/>\n\t<meta property=\"og:image:type\" content=\"image\/jpeg\" \/>\n<meta name=\"author\" content=\"ckrieh\" \/>\n<meta name=\"twitter:card\" content=\"summary_large_image\" \/>\n<meta name=\"twitter:label1\" content=\"Verfasst von\" \/>\n\t<meta name=\"twitter:data1\" content=\"ckrieh\" \/>\n\t<meta name=\"twitter:label2\" content=\"Gesch\u00e4tzte Lesezeit\" \/>\n\t<meta name=\"twitter:data2\" content=\"6\u00a0Minuten\" \/>\n<script type=\"application\/ld+json\" class=\"yoast-schema-graph\">{\"@context\":\"https:\\\/\\\/schema.org\",\"@graph\":[{\"@type\":\"Article\",\"@id\":\"https:\\\/\\\/alpenlandmagazin.at\\\/hochnachhaltig\\\/stromspeicher-mit-dynamischen-tarifen-laden-zahlt-sich-das-aus\\\/#article\",\"isPartOf\":{\"@id\":\"https:\\\/\\\/alpenlandmagazin.at\\\/hochnachhaltig\\\/stromspeicher-mit-dynamischen-tarifen-laden-zahlt-sich-das-aus\\\/\"},\"author\":{\"name\":\"ckrieh\",\"@id\":\"https:\\\/\\\/alpenlandmagazin.at\\\/hochnachhaltig\\\/#\\\/schema\\\/person\\\/7f5ce1e0f5b51b3dc237c27155c063b6\"},\"headline\":\"Stromspeicher mit dynamischen Tarifen laden &#8211; zahlt sich das aus?\",\"datePublished\":\"2026-04-30T13:39:55+00:00\",\"dateModified\":\"2026-07-04T13:56:13+00:00\",\"mainEntityOfPage\":{\"@id\":\"https:\\\/\\\/alpenlandmagazin.at\\\/hochnachhaltig\\\/stromspeicher-mit-dynamischen-tarifen-laden-zahlt-sich-das-aus\\\/\"},\"wordCount\":1077,\"commentCount\":0,\"publisher\":{\"@id\":\"https:\\\/\\\/alpenlandmagazin.at\\\/hochnachhaltig\\\/#\\\/schema\\\/person\\\/cde7b4195499a8410a9ab4304ba1a6fe\"},\"image\":{\"@id\":\"https:\\\/\\\/alpenlandmagazin.at\\\/hochnachhaltig\\\/stromspeicher-mit-dynamischen-tarifen-laden-zahlt-sich-das-aus\\\/#primaryimage\"},\"thumbnailUrl\":\"https:\\\/\\\/alpenlandmagazin.at\\\/hochnachhaltig\\\/wp-content\\\/uploads\\\/2026\\\/07\\\/maxresdefault-e1783172289385.jpg\",\"inLanguage\":\"de\",\"potentialAction\":[{\"@type\":\"CommentAction\",\"name\":\"Comment\",\"target\":[\"https:\\\/\\\/alpenlandmagazin.at\\\/hochnachhaltig\\\/stromspeicher-mit-dynamischen-tarifen-laden-zahlt-sich-das-aus\\\/#respond\"]}]},{\"@type\":\"WebPage\",\"@id\":\"https:\\\/\\\/alpenlandmagazin.at\\\/hochnachhaltig\\\/stromspeicher-mit-dynamischen-tarifen-laden-zahlt-sich-das-aus\\\/\",\"url\":\"https:\\\/\\\/alpenlandmagazin.at\\\/hochnachhaltig\\\/stromspeicher-mit-dynamischen-tarifen-laden-zahlt-sich-das-aus\\\/\",\"name\":\"Stromspeicher mit dynamischen Tarifen laden - zahlt sich das aus? - hoch.nachhaltig - Berge. Umwelt. Selbstwirksamkeit.\",\"isPartOf\":{\"@id\":\"https:\\\/\\\/alpenlandmagazin.at\\\/hochnachhaltig\\\/#website\"},\"primaryImageOfPage\":{\"@id\":\"https:\\\/\\\/alpenlandmagazin.at\\\/hochnachhaltig\\\/stromspeicher-mit-dynamischen-tarifen-laden-zahlt-sich-das-aus\\\/#primaryimage\"},\"image\":{\"@id\":\"https:\\\/\\\/alpenlandmagazin.at\\\/hochnachhaltig\\\/stromspeicher-mit-dynamischen-tarifen-laden-zahlt-sich-das-aus\\\/#primaryimage\"},\"thumbnailUrl\":\"https:\\\/\\\/alpenlandmagazin.at\\\/hochnachhaltig\\\/wp-content\\\/uploads\\\/2026\\\/07\\\/maxresdefault-e1783172289385.jpg\",\"datePublished\":\"2026-04-30T13:39:55+00:00\",\"dateModified\":\"2026-07-04T13:56:13+00:00\",\"description\":\"Heute gebe ich Euch die Antwort auf die Frage: Stromspeicher mit dynamischen Tarifen laden - zahlt sich das aus?\",\"breadcrumb\":{\"@id\":\"https:\\\/\\\/alpenlandmagazin.at\\\/hochnachhaltig\\\/stromspeicher-mit-dynamischen-tarifen-laden-zahlt-sich-das-aus\\\/#breadcrumb\"},\"inLanguage\":\"de\",\"potentialAction\":[{\"@type\":\"ReadAction\",\"target\":[\"https:\\\/\\\/alpenlandmagazin.at\\\/hochnachhaltig\\\/stromspeicher-mit-dynamischen-tarifen-laden-zahlt-sich-das-aus\\\/\"]}]},{\"@type\":\"ImageObject\",\"inLanguage\":\"de\",\"@id\":\"https:\\\/\\\/alpenlandmagazin.at\\\/hochnachhaltig\\\/stromspeicher-mit-dynamischen-tarifen-laden-zahlt-sich-das-aus\\\/#primaryimage\",\"url\":\"https:\\\/\\\/alpenlandmagazin.at\\\/hochnachhaltig\\\/wp-content\\\/uploads\\\/2026\\\/07\\\/maxresdefault-e1783172289385.jpg\",\"contentUrl\":\"https:\\\/\\\/alpenlandmagazin.at\\\/hochnachhaltig\\\/wp-content\\\/uploads\\\/2026\\\/07\\\/maxresdefault-e1783172289385.jpg\",\"width\":1193,\"height\":720},{\"@type\":\"BreadcrumbList\",\"@id\":\"https:\\\/\\\/alpenlandmagazin.at\\\/hochnachhaltig\\\/stromspeicher-mit-dynamischen-tarifen-laden-zahlt-sich-das-aus\\\/#breadcrumb\",\"itemListElement\":[{\"@type\":\"ListItem\",\"position\":1,\"name\":\"Startseite\",\"item\":\"https:\\\/\\\/alpenlandmagazin.at\\\/hochnachhaltig\\\/\"},{\"@type\":\"ListItem\",\"position\":2,\"name\":\"Stromspeicher mit dynamischen Tarifen laden &#8211; zahlt sich das aus?\"}]},{\"@type\":\"WebSite\",\"@id\":\"https:\\\/\\\/alpenlandmagazin.at\\\/hochnachhaltig\\\/#website\",\"url\":\"https:\\\/\\\/alpenlandmagazin.at\\\/hochnachhaltig\\\/\",\"name\":\"hoch.nachhaltig - Berge. Umwelt. Selbstwirksamkeit.\",\"description\":\"Wie man die Welt rettet und dabei Geld spart.\",\"publisher\":{\"@id\":\"https:\\\/\\\/alpenlandmagazin.at\\\/hochnachhaltig\\\/#\\\/schema\\\/person\\\/cde7b4195499a8410a9ab4304ba1a6fe\"},\"alternateName\":\"hoch.nachhaltig\",\"potentialAction\":[{\"@type\":\"SearchAction\",\"target\":{\"@type\":\"EntryPoint\",\"urlTemplate\":\"https:\\\/\\\/alpenlandmagazin.at\\\/hochnachhaltig\\\/?s={search_term_string}\"},\"query-input\":{\"@type\":\"PropertyValueSpecification\",\"valueRequired\":true,\"valueName\":\"search_term_string\"}}],\"inLanguage\":\"de\"},{\"@type\":[\"Person\",\"Organization\"],\"@id\":\"https:\\\/\\\/alpenlandmagazin.at\\\/hochnachhaltig\\\/#\\\/schema\\\/person\\\/cde7b4195499a8410a9ab4304ba1a6fe\",\"name\":\"Christian Schreiter\",\"image\":{\"@type\":\"ImageObject\",\"inLanguage\":\"de\",\"@id\":\"https:\\\/\\\/alpenlandmagazin.at\\\/hochnachhaltig\\\/wp-content\\\/uploads\\\/2023\\\/12\\\/logo11_4_172949.png\",\"url\":\"https:\\\/\\\/alpenlandmagazin.at\\\/hochnachhaltig\\\/wp-content\\\/uploads\\\/2023\\\/12\\\/logo11_4_172949.png\",\"contentUrl\":\"https:\\\/\\\/alpenlandmagazin.at\\\/hochnachhaltig\\\/wp-content\\\/uploads\\\/2023\\\/12\\\/logo11_4_172949.png\",\"width\":2000,\"height\":2000,\"caption\":\"Christian Schreiter\"},\"logo\":{\"@id\":\"https:\\\/\\\/alpenlandmagazin.at\\\/hochnachhaltig\\\/wp-content\\\/uploads\\\/2023\\\/12\\\/logo11_4_172949.png\"}},{\"@type\":\"Person\",\"@id\":\"https:\\\/\\\/alpenlandmagazin.at\\\/hochnachhaltig\\\/#\\\/schema\\\/person\\\/7f5ce1e0f5b51b3dc237c27155c063b6\",\"name\":\"ckrieh\",\"image\":{\"@type\":\"ImageObject\",\"inLanguage\":\"de\",\"@id\":\"https:\\\/\\\/secure.gravatar.com\\\/avatar\\\/1a61d60ff2b88bcf2b98ce01b7ba9fe7685606d7822c85153b9262eac30a2c74?s=96&d=mm&r=g\",\"url\":\"https:\\\/\\\/secure.gravatar.com\\\/avatar\\\/1a61d60ff2b88bcf2b98ce01b7ba9fe7685606d7822c85153b9262eac30a2c74?s=96&d=mm&r=g\",\"contentUrl\":\"https:\\\/\\\/secure.gravatar.com\\\/avatar\\\/1a61d60ff2b88bcf2b98ce01b7ba9fe7685606d7822c85153b9262eac30a2c74?s=96&d=mm&r=g\",\"caption\":\"ckrieh\"},\"sameAs\":[\"https:\\\/\\\/alpenlandmagazin.at\\\/hochnachhaltig\"],\"url\":\"https:\\\/\\\/alpenlandmagazin.at\\\/hochnachhaltig\\\/author\\\/ckrieh\\\/\"}]}<\/script>\n<!-- \/ Yoast SEO plugin. -->","yoast_head_json":{"title":"Stromspeicher mit dynamischen Tarifen laden - zahlt sich das aus? - hoch.nachhaltig - Berge. Umwelt. Selbstwirksamkeit.","description":"Heute gebe ich Euch die Antwort auf die Frage: Stromspeicher mit dynamischen Tarifen laden - zahlt sich das aus?","robots":{"index":"index","follow":"follow","max-snippet":"max-snippet:-1","max-image-preview":"max-image-preview:large","max-video-preview":"max-video-preview:-1"},"canonical":"https:\/\/alpenlandmagazin.at\/hochnachhaltig\/stromspeicher-mit-dynamischen-tarifen-laden-zahlt-sich-das-aus\/","og_locale":"de_DE","og_type":"article","og_title":"Stromspeicher mit dynamischen Tarifen laden - zahlt sich das aus? - hoch.nachhaltig - Berge. Umwelt. Selbstwirksamkeit.","og_description":"Heute gebe ich Euch die Antwort auf die Frage: Stromspeicher mit dynamischen Tarifen laden - zahlt sich das aus?","og_url":"https:\/\/alpenlandmagazin.at\/hochnachhaltig\/stromspeicher-mit-dynamischen-tarifen-laden-zahlt-sich-das-aus\/","og_site_name":"hoch.nachhaltig - Berge. Umwelt. Selbstwirksamkeit.","article_published_time":"2026-04-30T13:39:55+00:00","article_modified_time":"2026-07-04T13:56:13+00:00","og_image":[{"width":1193,"height":720,"url":"https:\/\/alpenlandmagazin.at\/hochnachhaltig\/wp-content\/uploads\/2026\/07\/maxresdefault-e1783172289385.jpg","type":"image\/jpeg"}],"author":"ckrieh","twitter_card":"summary_large_image","twitter_misc":{"Verfasst von":"ckrieh","Gesch\u00e4tzte Lesezeit":"6\u00a0Minuten"},"schema":{"@context":"https:\/\/schema.org","@graph":[{"@type":"Article","@id":"https:\/\/alpenlandmagazin.at\/hochnachhaltig\/stromspeicher-mit-dynamischen-tarifen-laden-zahlt-sich-das-aus\/#article","isPartOf":{"@id":"https:\/\/alpenlandmagazin.at\/hochnachhaltig\/stromspeicher-mit-dynamischen-tarifen-laden-zahlt-sich-das-aus\/"},"author":{"name":"ckrieh","@id":"https:\/\/alpenlandmagazin.at\/hochnachhaltig\/#\/schema\/person\/7f5ce1e0f5b51b3dc237c27155c063b6"},"headline":"Stromspeicher mit dynamischen Tarifen laden &#8211; zahlt sich das aus?","datePublished":"2026-04-30T13:39:55+00:00","dateModified":"2026-07-04T13:56:13+00:00","mainEntityOfPage":{"@id":"https:\/\/alpenlandmagazin.at\/hochnachhaltig\/stromspeicher-mit-dynamischen-tarifen-laden-zahlt-sich-das-aus\/"},"wordCount":1077,"commentCount":0,"publisher":{"@id":"https:\/\/alpenlandmagazin.at\/hochnachhaltig\/#\/schema\/person\/cde7b4195499a8410a9ab4304ba1a6fe"},"image":{"@id":"https:\/\/alpenlandmagazin.at\/hochnachhaltig\/stromspeicher-mit-dynamischen-tarifen-laden-zahlt-sich-das-aus\/#primaryimage"},"thumbnailUrl":"https:\/\/alpenlandmagazin.at\/hochnachhaltig\/wp-content\/uploads\/2026\/07\/maxresdefault-e1783172289385.jpg","inLanguage":"de","potentialAction":[{"@type":"CommentAction","name":"Comment","target":["https:\/\/alpenlandmagazin.at\/hochnachhaltig\/stromspeicher-mit-dynamischen-tarifen-laden-zahlt-sich-das-aus\/#respond"]}]},{"@type":"WebPage","@id":"https:\/\/alpenlandmagazin.at\/hochnachhaltig\/stromspeicher-mit-dynamischen-tarifen-laden-zahlt-sich-das-aus\/","url":"https:\/\/alpenlandmagazin.at\/hochnachhaltig\/stromspeicher-mit-dynamischen-tarifen-laden-zahlt-sich-das-aus\/","name":"Stromspeicher mit dynamischen Tarifen laden - zahlt sich das aus? - hoch.nachhaltig - Berge. Umwelt. Selbstwirksamkeit.","isPartOf":{"@id":"https:\/\/alpenlandmagazin.at\/hochnachhaltig\/#website"},"primaryImageOfPage":{"@id":"https:\/\/alpenlandmagazin.at\/hochnachhaltig\/stromspeicher-mit-dynamischen-tarifen-laden-zahlt-sich-das-aus\/#primaryimage"},"image":{"@id":"https:\/\/alpenlandmagazin.at\/hochnachhaltig\/stromspeicher-mit-dynamischen-tarifen-laden-zahlt-sich-das-aus\/#primaryimage"},"thumbnailUrl":"https:\/\/alpenlandmagazin.at\/hochnachhaltig\/wp-content\/uploads\/2026\/07\/maxresdefault-e1783172289385.jpg","datePublished":"2026-04-30T13:39:55+00:00","dateModified":"2026-07-04T13:56:13+00:00","description":"Heute gebe ich Euch die Antwort auf die Frage: Stromspeicher mit dynamischen Tarifen laden - zahlt sich das aus?","breadcrumb":{"@id":"https:\/\/alpenlandmagazin.at\/hochnachhaltig\/stromspeicher-mit-dynamischen-tarifen-laden-zahlt-sich-das-aus\/#breadcrumb"},"inLanguage":"de","potentialAction":[{"@type":"ReadAction","target":["https:\/\/alpenlandmagazin.at\/hochnachhaltig\/stromspeicher-mit-dynamischen-tarifen-laden-zahlt-sich-das-aus\/"]}]},{"@type":"ImageObject","inLanguage":"de","@id":"https:\/\/alpenlandmagazin.at\/hochnachhaltig\/stromspeicher-mit-dynamischen-tarifen-laden-zahlt-sich-das-aus\/#primaryimage","url":"https:\/\/alpenlandmagazin.at\/hochnachhaltig\/wp-content\/uploads\/2026\/07\/maxresdefault-e1783172289385.jpg","contentUrl":"https:\/\/alpenlandmagazin.at\/hochnachhaltig\/wp-content\/uploads\/2026\/07\/maxresdefault-e1783172289385.jpg","width":1193,"height":720},{"@type":"BreadcrumbList","@id":"https:\/\/alpenlandmagazin.at\/hochnachhaltig\/stromspeicher-mit-dynamischen-tarifen-laden-zahlt-sich-das-aus\/#breadcrumb","itemListElement":[{"@type":"ListItem","position":1,"name":"Startseite","item":"https:\/\/alpenlandmagazin.at\/hochnachhaltig\/"},{"@type":"ListItem","position":2,"name":"Stromspeicher mit dynamischen Tarifen laden &#8211; zahlt sich das aus?"}]},{"@type":"WebSite","@id":"https:\/\/alpenlandmagazin.at\/hochnachhaltig\/#website","url":"https:\/\/alpenlandmagazin.at\/hochnachhaltig\/","name":"hoch.nachhaltig - Berge. Umwelt. Selbstwirksamkeit.","description":"Wie man die Welt rettet und dabei Geld spart.","publisher":{"@id":"https:\/\/alpenlandmagazin.at\/hochnachhaltig\/#\/schema\/person\/cde7b4195499a8410a9ab4304ba1a6fe"},"alternateName":"hoch.nachhaltig","potentialAction":[{"@type":"SearchAction","target":{"@type":"EntryPoint","urlTemplate":"https:\/\/alpenlandmagazin.at\/hochnachhaltig\/?s={search_term_string}"},"query-input":{"@type":"PropertyValueSpecification","valueRequired":true,"valueName":"search_term_string"}}],"inLanguage":"de"},{"@type":["Person","Organization"],"@id":"https:\/\/alpenlandmagazin.at\/hochnachhaltig\/#\/schema\/person\/cde7b4195499a8410a9ab4304ba1a6fe","name":"Christian Schreiter","image":{"@type":"ImageObject","inLanguage":"de","@id":"https:\/\/alpenlandmagazin.at\/hochnachhaltig\/wp-content\/uploads\/2023\/12\/logo11_4_172949.png","url":"https:\/\/alpenlandmagazin.at\/hochnachhaltig\/wp-content\/uploads\/2023\/12\/logo11_4_172949.png","contentUrl":"https:\/\/alpenlandmagazin.at\/hochnachhaltig\/wp-content\/uploads\/2023\/12\/logo11_4_172949.png","width":2000,"height":2000,"caption":"Christian Schreiter"},"logo":{"@id":"https:\/\/alpenlandmagazin.at\/hochnachhaltig\/wp-content\/uploads\/2023\/12\/logo11_4_172949.png"}},{"@type":"Person","@id":"https:\/\/alpenlandmagazin.at\/hochnachhaltig\/#\/schema\/person\/7f5ce1e0f5b51b3dc237c27155c063b6","name":"ckrieh","image":{"@type":"ImageObject","inLanguage":"de","@id":"https:\/\/secure.gravatar.com\/avatar\/1a61d60ff2b88bcf2b98ce01b7ba9fe7685606d7822c85153b9262eac30a2c74?s=96&d=mm&r=g","url":"https:\/\/secure.gravatar.com\/avatar\/1a61d60ff2b88bcf2b98ce01b7ba9fe7685606d7822c85153b9262eac30a2c74?s=96&d=mm&r=g","contentUrl":"https:\/\/secure.gravatar.com\/avatar\/1a61d60ff2b88bcf2b98ce01b7ba9fe7685606d7822c85153b9262eac30a2c74?s=96&d=mm&r=g","caption":"ckrieh"},"sameAs":["https:\/\/alpenlandmagazin.at\/hochnachhaltig"],"url":"https:\/\/alpenlandmagazin.at\/hochnachhaltig\/author\/ckrieh\/"}]}},"_links":{"self":[{"href":"https:\/\/alpenlandmagazin.at\/hochnachhaltig\/wp-json\/wp\/v2\/posts\/412","targetHints":{"allow":["GET"]}}],"collection":[{"href":"https:\/\/alpenlandmagazin.at\/hochnachhaltig\/wp-json\/wp\/v2\/posts"}],"about":[{"href":"https:\/\/alpenlandmagazin.at\/hochnachhaltig\/wp-json\/wp\/v2\/types\/post"}],"author":[{"embeddable":true,"href":"https:\/\/alpenlandmagazin.at\/hochnachhaltig\/wp-json\/wp\/v2\/users\/1"}],"replies":[{"embeddable":true,"href":"https:\/\/alpenlandmagazin.at\/hochnachhaltig\/wp-json\/wp\/v2\/comments?post=412"}],"version-history":[{"count":1,"href":"https:\/\/alpenlandmagazin.at\/hochnachhaltig\/wp-json\/wp\/v2\/posts\/412\/revisions"}],"predecessor-version":[{"id":414,"href":"https:\/\/alpenlandmagazin.at\/hochnachhaltig\/wp-json\/wp\/v2\/posts\/412\/revisions\/414"}],"wp:featuredmedia":[{"embeddable":true,"href":"https:\/\/alpenlandmagazin.at\/hochnachhaltig\/wp-json\/wp\/v2\/media\/413"}],"wp:attachment":[{"href":"https:\/\/alpenlandmagazin.at\/hochnachhaltig\/wp-json\/wp\/v2\/media?parent=412"}],"wp:term":[{"taxonomy":"category","embeddable":true,"href":"https:\/\/alpenlandmagazin.at\/hochnachhaltig\/wp-json\/wp\/v2\/categories?post=412"},{"taxonomy":"post_tag","embeddable":true,"href":"https:\/\/alpenlandmagazin.at\/hochnachhaltig\/wp-json\/wp\/v2\/tags?post=412"}],"curies":[{"name":"wp","href":"https:\/\/api.w.org\/{rel}","templated":true}]}}