{"id":416,"date":"2026-06-17T16:13:54","date_gmt":"2026-06-17T14:13:54","guid":{"rendered":"https:\/\/alpenlandmagazin.at\/hochnachhaltig\/?p=416"},"modified":"2026-07-04T16:14:59","modified_gmt":"2026-07-04T14:14:59","slug":"smartes-laden-zu-hause-welche-wallbox-fuer-das-elektroauto-sinnvoll-ist","status":"publish","type":"post","link":"https:\/\/alpenlandmagazin.at\/hochnachhaltig\/smartes-laden-zu-hause-welche-wallbox-fuer-das-elektroauto-sinnvoll-ist\/","title":{"rendered":"Smartes Laden zu Hause: Welche Wallbox f\u00fcr das Elektroauto sinnvoll ist"},"content":{"rendered":"\n<p class=\"wp-block-paragraph\">Nachdem es auf meinem Kanal eine Zeit lang etwas ruhiger war, m\u00f6chte ich \u00fcber den Sommer eine kleine Serie starten. Dabei geht es um mein Smart Home, um einfache und leistbare L\u00f6sungen und darum, wie man Haus, Wohnung und auch das Laden eines Elektroautos zu Hause sinnvoll steuern kann. Beginnen m\u00f6chte ich mit einem Thema, das aus meiner Sicht besonders gut erkl\u00e4rbar ist: der Wallbox f\u00fcr das Elektroauto und welche Wallbox f\u00fcr das Elektroauto sinnvoll ist.<\/p>\n\n\n\n<p class=\"wp-block-paragraph\">Dabei geht es ausdr\u00fccklich nicht um eine L\u00f6sung f\u00fcr eine Gemeinschaftsgarage oder einen Wohnblock, sondern um das Laden zu Hause in der eigenen Garage. In Mehrparteienh\u00e4usern ist das Thema meist deutlich komplexer. Im eigenen Haus ist die Sache hingegen vergleichsweise einfach.<\/p>\n\n\n<div class=\"epyt-video-wrapper\"><div  id=\"_ytid_86755\"  width=\"1200\" height=\"675\"  data-origwidth=\"1200\" data-origheight=\"675\" data-facadesrc=\"https:\/\/www.youtube.com\/embed\/5rDl-OoBW9g?enablejsapi=1&#038;origin=https:\/\/alpenlandmagazin.at&#038;autoplay=0&#038;cc_load_policy=0&#038;cc_lang_pref=de&#038;iv_load_policy=1&#038;loop=0&#038;rel=0&#038;fs=1&#038;playsinline=1&#038;autohide=2&#038;theme=dark&#038;color=red&#038;controls=1&#038;disablekb=0&#038;\" class=\"__youtube_prefs__ epyt-facade no-lazyload\" data-epautoplay=\"1\" ><img decoding=\"async\" data-spai-excluded=\"true\" class=\"epyt-facade-poster skip-lazy\" loading=\"lazy\"  alt=\"YouTube player\"  src=\"https:\/\/i.ytimg.com\/vi\/5rDl-OoBW9g\/maxresdefault.jpg\"  \/><button class=\"epyt-facade-play\" aria-label=\"Play\"><svg data-no-lazy=\"1\" height=\"100%\" version=\"1.1\" viewBox=\"0 0 68 48\" width=\"100%\"><path class=\"ytp-large-play-button-bg\" d=\"M66.52,7.74c-0.78-2.93-2.49-5.41-5.42-6.19C55.79,.13,34,0,34,0S12.21,.13,6.9,1.55 C3.97,2.33,2.27,4.81,1.48,7.74C0.06,13.05,0,24,0,24s0.06,10.95,1.48,16.26c0.78,2.93,2.49,5.41,5.42,6.19 C12.21,47.87,34,48,34,48s21.79-0.13,27.1-1.55c2.93-0.78,4.64-3.26,5.42-6.19C67.94,34.95,68,24,68,24S67.94,13.05,66.52,7.74z\" fill=\"#f00\"><\/path><path d=\"M 45,24 27,14 27,34\" fill=\"#fff\"><\/path><\/svg><\/button><\/div><\/div>\n\n\n<h2 class=\"wp-block-heading\">Was muss eine Wallbox zu Hause k\u00f6nnen?<\/h2>\n\n\n\n<p class=\"wp-block-paragraph\">Das Angebot an Wallboxen ist gro\u00df. Es reicht von einfachen mobilen L\u00f6sungen \u00fcber fix montierte Wallboxen bis hin zu teuren High-End-Systemen, die etwa geeicht sind und f\u00fcr Unternehmen oder Abrechnungszwecke interessant sein k\u00f6nnen.<\/p>\n\n\n\n<p class=\"wp-block-paragraph\">F\u00fcr den privaten Gebrauch braucht man das in der Regel nicht.<\/p>\n\n\n\n<p class=\"wp-block-paragraph\">Zu Hause sind aus meiner Sicht vor allem zwei Funktionen entscheidend:<\/p>\n\n\n\n<p class=\"wp-block-paragraph\">Erstens sollte die Wallbox \u00dcberschussladen k\u00f6nnen, wenn man eine PV-Anlage hat. Das bedeutet: Das Auto wird dann geladen, wenn gerade mehr Strom produziert wird, als im Haushalt verbraucht wird.<\/p>\n\n\n\n<p class=\"wp-block-paragraph\">Zweitens sollte die Wallbox mit dynamischen Stromtarifen umgehen k\u00f6nnen. Wenn der Strompreis je nach Stunde oder Viertelstunde schwankt, sollte das Auto m\u00f6glichst dann laden, wenn der Strom besonders g\u00fcnstig ist.<\/p>\n\n\n\n<p class=\"wp-block-paragraph\">Genau diese beiden Punkte sind f\u00fcr mich zentral: PV-\u00dcberschuss nutzen und g\u00fcnstige Stromstunden automatisch mitnehmen.<\/p>\n\n\n\n<h2 class=\"wp-block-heading\">Meine L\u00f6sung: go-e Charger Gemini Flex<\/h2>\n\n\n\n<p class=\"wp-block-paragraph\">Ich selbst habe mich f\u00fcr eine \u00f6sterreichische L\u00f6sung entschieden: den go-e Charger Gemini Flex.<\/p>\n\n\n\n<p class=\"wp-block-paragraph\">Die Gemini-Serie gibt es grunds\u00e4tzlich in zwei Varianten: als fixe Wallbox, die fest verdrahtet wird, und als flexible Variante, die an eine passende Starkstromsteckdose angeschlossen wird. Ich habe die Flex-Version gew\u00e4hlt.<\/p>\n\n\n\n<p class=\"wp-block-paragraph\">Der Vorteil dieser Variante ist, dass man sie grunds\u00e4tzlich mitnehmen kann \u2013 etwa bei einem Umzug oder theoretisch auch unterwegs. Es gibt auch Adapter f\u00fcr normale Steckdosen. In der Praxis muss ich aber sagen: Ich habe diese mobile Funktion in zwei Jahren Elektroauto noch nie gebraucht.<\/p>\n\n\n\n<p class=\"wp-block-paragraph\">Trotzdem ist es nicht schlecht, diese M\u00f6glichkeit zu haben.<\/p>\n\n\n\n<p class=\"wp-block-paragraph\">F\u00fcr den Betrieb zu Hause braucht man eine passende Starkstromsteckdose in der Garage. Diese muss nat\u00fcrlich fachgerecht von einem Elektriker installiert werden. Danach wird die Wallbox dort angesteckt. Bei der fixen Variante verkabelt der Elektriker die Wallbox direkt. Beides ist grunds\u00e4tzlich keine gro\u00dfe Sache.<\/p>\n\n\n\n<p class=\"wp-block-paragraph\">Preislich liegt die go-e Gemini Flex ungef\u00e4hr bei 750 Euro. Mit Installation durch den Elektriker landet man je nach Ausgangslage vielleicht bei rund 900 Euro. Damit hat man aus meiner Sicht bereits alles, was man im Alltag braucht.<\/p>\n\n\n\n<h2 class=\"wp-block-heading\">Was die go-e Wallbox kann<\/h2>\n\n\n\n<p class=\"wp-block-paragraph\">Die go-e Wallbox kann unter anderem per NFC erkennen, wer gerade laden m\u00f6chte. Man kann also Chips, das Handy oder theoretisch auch eine Karte hinterlegen und dadurch unterschiedliche Nutzer:innen oder Ladeprofile abbilden.<\/p>\n\n\n\n<p class=\"wp-block-paragraph\">Das ist eine nette Funktion, die man in der Praxis aber vermutlich eher selten wirklich braucht.<\/p>\n\n\n\n<p class=\"wp-block-paragraph\">Deutlich wichtiger ist das intelligente Laden nach Strompreis. In der App kann man hinterlegen, welchen Stromanbieter und welchen Tarif man nutzt. Danach kann die Wallbox automatisch dann laden, wenn der Strom besonders g\u00fcnstig ist.<\/p>\n\n\n\n<p class=\"wp-block-paragraph\">Auch \u00dcberschussladen mit PV ist m\u00f6glich. Im Idealfall wird also zuerst der PV-\u00dcberschuss genutzt, und wenn das nicht reicht, wird zus\u00e4tzlich in g\u00fcnstigen Stunden aus dem Netz geladen.<\/p>\n\n\n\n<p class=\"wp-block-paragraph\">Das ist f\u00fcr viele Haushalte bereits ausreichend smart.<\/p>\n\n\n\n<h2 class=\"wp-block-heading\">Steuerung \u00fcber Clever-PV<\/h2>\n\n\n\n<p class=\"wp-block-paragraph\">Ich selbst steuere die Wallbox nicht ausschlie\u00dflich \u00fcber die eigene go-e App, sondern \u00fcber Clever-PV.<\/p>\n\n\n\n<p class=\"wp-block-paragraph\">Clever-PV ist f\u00fcr mich eine Art schlanke Smart-Home-L\u00f6sung f\u00fcr alle, die eine PV-Anlage haben und intelligente Verbraucher steuern m\u00f6chten. Der Vorteil ist, dass man unterschiedliche Ger\u00e4te miteinander verkn\u00fcpfen kann, auch wenn Wechselrichter, Z\u00e4hler oder Verbraucher nicht aus einem einzigen System stammen.<\/p>\n\n\n\n<p class=\"wp-block-paragraph\">Clever-PV kann dann entscheiden, wann welches Ger\u00e4t Strom bekommen soll. Das ist vor allem dann interessant, wenn nicht automatisch der gesamte PV-\u00dcberschuss ins Auto flie\u00dfen soll, sondern auch andere Verbraucher ber\u00fccksichtigt werden sollen.<\/p>\n\n\n\n<p class=\"wp-block-paragraph\">Die go-e Wallbox l\u00e4sst sich au\u00dferdem auch in Home Assistant integrieren. Auch das habe ich umgesetzt. Damit er\u00f6ffnen sich noch einmal deutlich mehr M\u00f6glichkeiten, verschiedene Verbraucher nach eigenen Regeln zu steuern. Darauf werde ich aber in einem eigenen Beitrag eingehen.<\/p>\n\n\n\n<p class=\"wp-block-paragraph\">F\u00fcr den Anfang gilt: Wer nur das Auto smart laden m\u00f6chte, kommt mit der go-e Wallbox allein schon sehr weit. Wer zus\u00e4tzlich andere Verbraucher intelligent einbinden m\u00f6chte, sollte sich Clever-PV n\u00e4her ansehen.<\/p>\n\n\n\n<h2 class=\"wp-block-heading\">Braucht man ein mobiles Ladeger\u00e4t?<\/h2>\n\n\n\n<p class=\"wp-block-paragraph\">Aus meiner Sicht: in den meisten F\u00e4llen nein.<\/p>\n\n\n\n<p class=\"wp-block-paragraph\">Es gibt relativ teure mobile Ladeboxen, etwa den Juice Booster, die vor einigen Jahren stark beworben wurden. Solche Systeme k\u00f6nnen in bestimmten Spezialf\u00e4llen sinnvoll sein, etwa wenn man regelm\u00e4\u00dfig an unterschiedlichen Steckdosen laden muss.<\/p>\n\n\n\n<p class=\"wp-block-paragraph\">F\u00fcr die meisten E-Auto-Fahrer:innen ist das aber nicht notwendig.<\/p>\n\n\n\n<p class=\"wp-block-paragraph\">Ich w\u00fcrde gerade Einsteiger:innen davon abraten, am Anfang sofort viele Zusatzger\u00e4te zu kaufen, nur weil man glaubt, sie sp\u00e4ter vielleicht zu brauchen. In der Praxis l\u00e4dt man entweder zu Hause an der Wallbox oder unterwegs an \u00f6ffentlichen Lades\u00e4ulen. Auf Langstrecken nutzt man \u00fcblicherweise DC-Schnelllader, bei denen das Kabel ohnehin fix an der S\u00e4ule h\u00e4ngt.<\/p>\n\n\n\n<p class=\"wp-block-paragraph\">Ein mobiles Ladeger\u00e4t im Auto mitzuf\u00fchren, braucht man aus meiner Erfahrung praktisch nie.<\/p>\n\n\n\n<p class=\"wp-block-paragraph\">Was man je nach Nutzung eventuell braucht, ist ein normales Typ-2-Ladekabel f\u00fcr AC-Lades\u00e4ulen. Ich pers\u00f6nlich habe meines allerdings noch nie wirklich gebraucht, weil ich im Alltag zu Hause lade und auf l\u00e4ngeren Strecken DC-Schnelllader nutze.<\/p>\n\n\n\n<h2 class=\"wp-block-heading\">Mein Fazit<\/h2>\n\n\n\n<p class=\"wp-block-paragraph\">F\u00fcr das Laden zu Hause braucht man keine \u00fcberteuerte High-End-L\u00f6sung. Wichtig ist, dass die Wallbox PV-\u00dcberschussladen und dynamische Stromtarife sinnvoll nutzen kann.<\/p>\n\n\n\n<p class=\"wp-block-paragraph\">Die go-e Gemini Flex erf\u00fcllt diese Anforderungen aus meiner Sicht sehr gut. Sie ist vergleichsweise g\u00fcnstig, flexibel einsetzbar, gut steuerbar und l\u00e4sst sich auch in Systeme wie Clever-PV oder Home Assistant integrieren.<\/p>\n\n\n\n<p class=\"wp-block-paragraph\">Das soll keine Werbung sein \u2013 ich bekomme von go-e nichts. Es ist einfach eine gute und preislich vern\u00fcnftige Wallbox, die f\u00fcr meinen Anwendungsfall sehr gut passt.<\/p>\n\n\n\n<p class=\"wp-block-paragraph\">Ich w\u00fcrde sie jederzeit wieder nehmen.<\/p>\n\n\n\n<p class=\"wp-block-paragraph\">Wer also zu Hause ein Elektroauto laden m\u00f6chte und eine einfache, smarte und leistbare L\u00f6sung sucht, ist mit einer solchen Wallbox gut aufgestellt. F\u00fcr die meisten privaten Anwendungen reicht das v\u00f6llig aus.<\/p>\n\n\n\n<p class=\"wp-block-paragraph\"><\/p>\n","protected":false},"excerpt":{"rendered":"<p>Nachdem es auf meinem Kanal eine Zeit lang etwas ruhiger war, m\u00f6chte ich \u00fcber den Sommer eine kleine Serie starten. Dabei geht es um mein Smart Home, um einfache und leistbare L\u00f6sungen und darum, wie man Haus, Wohnung und auch das Laden eines Elektroautos zu Hause sinnvoll steuern kann. Beginnen m\u00f6chte ich mit einem Thema,&hellip;&nbsp;<a href=\"https:\/\/alpenlandmagazin.at\/hochnachhaltig\/smartes-laden-zu-hause-welche-wallbox-fuer-das-elektroauto-sinnvoll-ist\/\" rel=\"bookmark\">Weiterlesen &raquo;<span class=\"screen-reader-text\">Smartes Laden zu Hause: Welche Wallbox f\u00fcr das Elektroauto sinnvoll ist<\/span><\/a><\/p>\n","protected":false},"author":1,"featured_media":417,"comment_status":"open","ping_status":"open","sticky":false,"template":"","format":"standard","meta":{"neve_meta_sidebar":"","neve_meta_container":"","neve_meta_enable_content_width":"","neve_meta_content_width":0,"neve_meta_title_alignment":"","neve_meta_author_avatar":"","neve_post_elements_order":"","neve_meta_disable_header":"","neve_meta_disable_footer":"","neve_meta_disable_title":"","footnotes":""},"categories":[1],"tags":[],"class_list":["post-416","post","type-post","status-publish","format-standard","has-post-thumbnail","hentry","category-allgemein"],"yoast_head":"<!-- This site is optimized with the Yoast SEO plugin v28.2 - https:\/\/yoast.com\/product\/yoast-seo-wordpress\/ -->\n<title>Smartes Laden zu Hause: Welche Wallbox f\u00fcr das Elektroauto sinnvoll ist - hoch.nachhaltig - Berge. Umwelt. Selbstwirksamkeit.<\/title>\n<meta name=\"description\" content=\"Heute ein Smarthome-Thema, das leicht erkl\u00e4rbar ist: die Wallbox f\u00fcr das Elektroauto und welche Wallbox f\u00fcr das Elektroauto sinnvoll ist.\" \/>\n<meta name=\"robots\" content=\"index, follow, max-snippet:-1, max-image-preview:large, max-video-preview:-1\" \/>\n<link rel=\"canonical\" href=\"https:\/\/alpenlandmagazin.at\/hochnachhaltig\/smartes-laden-zu-hause-welche-wallbox-fuer-das-elektroauto-sinnvoll-ist\/\" \/>\n<meta property=\"og:locale\" content=\"de_DE\" \/>\n<meta property=\"og:type\" content=\"article\" \/>\n<meta property=\"og:title\" content=\"Smartes Laden zu Hause: Welche Wallbox f\u00fcr das Elektroauto sinnvoll ist - hoch.nachhaltig - Berge. Umwelt. Selbstwirksamkeit.\" \/>\n<meta property=\"og:description\" content=\"Heute ein Smarthome-Thema, das leicht erkl\u00e4rbar ist: die Wallbox f\u00fcr das Elektroauto und welche Wallbox f\u00fcr das Elektroauto sinnvoll ist.\" \/>\n<meta property=\"og:url\" content=\"https:\/\/alpenlandmagazin.at\/hochnachhaltig\/smartes-laden-zu-hause-welche-wallbox-fuer-das-elektroauto-sinnvoll-ist\/\" \/>\n<meta property=\"og:site_name\" content=\"hoch.nachhaltig - Berge. Umwelt. Selbstwirksamkeit.\" \/>\n<meta property=\"article:published_time\" content=\"2026-06-17T14:13:54+00:00\" \/>\n<meta property=\"article:modified_time\" content=\"2026-07-04T14:14:59+00:00\" \/>\n<meta property=\"og:image\" content=\"https:\/\/alpenlandmagazin.at\/hochnachhaltig\/wp-content\/uploads\/2026\/07\/maxresdefault-1-e1783174066488.jpg\" \/>\n\t<meta property=\"og:image:width\" content=\"1130\" \/>\n\t<meta property=\"og:image:height\" content=\"720\" \/>\n\t<meta property=\"og:image:type\" content=\"image\/jpeg\" \/>\n<meta name=\"author\" content=\"ckrieh\" \/>\n<meta name=\"twitter:card\" content=\"summary_large_image\" \/>\n<meta name=\"twitter:label1\" content=\"Verfasst von\" \/>\n\t<meta name=\"twitter:data1\" content=\"ckrieh\" \/>\n\t<meta name=\"twitter:label2\" content=\"Gesch\u00e4tzte Lesezeit\" \/>\n\t<meta name=\"twitter:data2\" content=\"6\u00a0Minuten\" \/>\n<script type=\"application\/ld+json\" class=\"yoast-schema-graph\">{\"@context\":\"https:\\\/\\\/schema.org\",\"@graph\":[{\"@type\":\"Article\",\"@id\":\"https:\\\/\\\/alpenlandmagazin.at\\\/hochnachhaltig\\\/smartes-laden-zu-hause-welche-wallbox-fuer-das-elektroauto-sinnvoll-ist\\\/#article\",\"isPartOf\":{\"@id\":\"https:\\\/\\\/alpenlandmagazin.at\\\/hochnachhaltig\\\/smartes-laden-zu-hause-welche-wallbox-fuer-das-elektroauto-sinnvoll-ist\\\/\"},\"author\":{\"name\":\"ckrieh\",\"@id\":\"https:\\\/\\\/alpenlandmagazin.at\\\/hochnachhaltig\\\/#\\\/schema\\\/person\\\/7f5ce1e0f5b51b3dc237c27155c063b6\"},\"headline\":\"Smartes Laden zu Hause: Welche Wallbox f\u00fcr das Elektroauto sinnvoll ist\",\"datePublished\":\"2026-06-17T14:13:54+00:00\",\"dateModified\":\"2026-07-04T14:14:59+00:00\",\"mainEntityOfPage\":{\"@id\":\"https:\\\/\\\/alpenlandmagazin.at\\\/hochnachhaltig\\\/smartes-laden-zu-hause-welche-wallbox-fuer-das-elektroauto-sinnvoll-ist\\\/\"},\"wordCount\":1124,\"commentCount\":0,\"publisher\":{\"@id\":\"https:\\\/\\\/alpenlandmagazin.at\\\/hochnachhaltig\\\/#\\\/schema\\\/person\\\/cde7b4195499a8410a9ab4304ba1a6fe\"},\"image\":{\"@id\":\"https:\\\/\\\/alpenlandmagazin.at\\\/hochnachhaltig\\\/smartes-laden-zu-hause-welche-wallbox-fuer-das-elektroauto-sinnvoll-ist\\\/#primaryimage\"},\"thumbnailUrl\":\"https:\\\/\\\/alpenlandmagazin.at\\\/hochnachhaltig\\\/wp-content\\\/uploads\\\/2026\\\/07\\\/maxresdefault-1-e1783174066488.jpg\",\"inLanguage\":\"de\",\"potentialAction\":[{\"@type\":\"CommentAction\",\"name\":\"Comment\",\"target\":[\"https:\\\/\\\/alpenlandmagazin.at\\\/hochnachhaltig\\\/smartes-laden-zu-hause-welche-wallbox-fuer-das-elektroauto-sinnvoll-ist\\\/#respond\"]}]},{\"@type\":\"WebPage\",\"@id\":\"https:\\\/\\\/alpenlandmagazin.at\\\/hochnachhaltig\\\/smartes-laden-zu-hause-welche-wallbox-fuer-das-elektroauto-sinnvoll-ist\\\/\",\"url\":\"https:\\\/\\\/alpenlandmagazin.at\\\/hochnachhaltig\\\/smartes-laden-zu-hause-welche-wallbox-fuer-das-elektroauto-sinnvoll-ist\\\/\",\"name\":\"Smartes Laden zu Hause: Welche Wallbox f\u00fcr das Elektroauto sinnvoll ist - hoch.nachhaltig - Berge. Umwelt. Selbstwirksamkeit.\",\"isPartOf\":{\"@id\":\"https:\\\/\\\/alpenlandmagazin.at\\\/hochnachhaltig\\\/#website\"},\"primaryImageOfPage\":{\"@id\":\"https:\\\/\\\/alpenlandmagazin.at\\\/hochnachhaltig\\\/smartes-laden-zu-hause-welche-wallbox-fuer-das-elektroauto-sinnvoll-ist\\\/#primaryimage\"},\"image\":{\"@id\":\"https:\\\/\\\/alpenlandmagazin.at\\\/hochnachhaltig\\\/smartes-laden-zu-hause-welche-wallbox-fuer-das-elektroauto-sinnvoll-ist\\\/#primaryimage\"},\"thumbnailUrl\":\"https:\\\/\\\/alpenlandmagazin.at\\\/hochnachhaltig\\\/wp-content\\\/uploads\\\/2026\\\/07\\\/maxresdefault-1-e1783174066488.jpg\",\"datePublished\":\"2026-06-17T14:13:54+00:00\",\"dateModified\":\"2026-07-04T14:14:59+00:00\",\"description\":\"Heute ein Smarthome-Thema, das leicht erkl\u00e4rbar ist: die Wallbox f\u00fcr das Elektroauto und welche Wallbox f\u00fcr das Elektroauto sinnvoll ist.\",\"breadcrumb\":{\"@id\":\"https:\\\/\\\/alpenlandmagazin.at\\\/hochnachhaltig\\\/smartes-laden-zu-hause-welche-wallbox-fuer-das-elektroauto-sinnvoll-ist\\\/#breadcrumb\"},\"inLanguage\":\"de\",\"potentialAction\":[{\"@type\":\"ReadAction\",\"target\":[\"https:\\\/\\\/alpenlandmagazin.at\\\/hochnachhaltig\\\/smartes-laden-zu-hause-welche-wallbox-fuer-das-elektroauto-sinnvoll-ist\\\/\"]}]},{\"@type\":\"ImageObject\",\"inLanguage\":\"de\",\"@id\":\"https:\\\/\\\/alpenlandmagazin.at\\\/hochnachhaltig\\\/smartes-laden-zu-hause-welche-wallbox-fuer-das-elektroauto-sinnvoll-ist\\\/#primaryimage\",\"url\":\"https:\\\/\\\/alpenlandmagazin.at\\\/hochnachhaltig\\\/wp-content\\\/uploads\\\/2026\\\/07\\\/maxresdefault-1-e1783174066488.jpg\",\"contentUrl\":\"https:\\\/\\\/alpenlandmagazin.at\\\/hochnachhaltig\\\/wp-content\\\/uploads\\\/2026\\\/07\\\/maxresdefault-1-e1783174066488.jpg\",\"width\":1130,\"height\":720},{\"@type\":\"BreadcrumbList\",\"@id\":\"https:\\\/\\\/alpenlandmagazin.at\\\/hochnachhaltig\\\/smartes-laden-zu-hause-welche-wallbox-fuer-das-elektroauto-sinnvoll-ist\\\/#breadcrumb\",\"itemListElement\":[{\"@type\":\"ListItem\",\"position\":1,\"name\":\"Startseite\",\"item\":\"https:\\\/\\\/alpenlandmagazin.at\\\/hochnachhaltig\\\/\"},{\"@type\":\"ListItem\",\"position\":2,\"name\":\"Smartes Laden zu Hause: Welche Wallbox f\u00fcr das Elektroauto sinnvoll ist\"}]},{\"@type\":\"WebSite\",\"@id\":\"https:\\\/\\\/alpenlandmagazin.at\\\/hochnachhaltig\\\/#website\",\"url\":\"https:\\\/\\\/alpenlandmagazin.at\\\/hochnachhaltig\\\/\",\"name\":\"hoch.nachhaltig - Berge. Umwelt. Selbstwirksamkeit.\",\"description\":\"Wie man die Welt rettet und dabei Geld spart.\",\"publisher\":{\"@id\":\"https:\\\/\\\/alpenlandmagazin.at\\\/hochnachhaltig\\\/#\\\/schema\\\/person\\\/cde7b4195499a8410a9ab4304ba1a6fe\"},\"alternateName\":\"hoch.nachhaltig\",\"potentialAction\":[{\"@type\":\"SearchAction\",\"target\":{\"@type\":\"EntryPoint\",\"urlTemplate\":\"https:\\\/\\\/alpenlandmagazin.at\\\/hochnachhaltig\\\/?s={search_term_string}\"},\"query-input\":{\"@type\":\"PropertyValueSpecification\",\"valueRequired\":true,\"valueName\":\"search_term_string\"}}],\"inLanguage\":\"de\"},{\"@type\":[\"Person\",\"Organization\"],\"@id\":\"https:\\\/\\\/alpenlandmagazin.at\\\/hochnachhaltig\\\/#\\\/schema\\\/person\\\/cde7b4195499a8410a9ab4304ba1a6fe\",\"name\":\"Christian Schreiter\",\"image\":{\"@type\":\"ImageObject\",\"inLanguage\":\"de\",\"@id\":\"https:\\\/\\\/alpenlandmagazin.at\\\/hochnachhaltig\\\/wp-content\\\/uploads\\\/2023\\\/12\\\/logo11_4_172949.png\",\"url\":\"https:\\\/\\\/alpenlandmagazin.at\\\/hochnachhaltig\\\/wp-content\\\/uploads\\\/2023\\\/12\\\/logo11_4_172949.png\",\"contentUrl\":\"https:\\\/\\\/alpenlandmagazin.at\\\/hochnachhaltig\\\/wp-content\\\/uploads\\\/2023\\\/12\\\/logo11_4_172949.png\",\"width\":2000,\"height\":2000,\"caption\":\"Christian Schreiter\"},\"logo\":{\"@id\":\"https:\\\/\\\/alpenlandmagazin.at\\\/hochnachhaltig\\\/wp-content\\\/uploads\\\/2023\\\/12\\\/logo11_4_172949.png\"}},{\"@type\":\"Person\",\"@id\":\"https:\\\/\\\/alpenlandmagazin.at\\\/hochnachhaltig\\\/#\\\/schema\\\/person\\\/7f5ce1e0f5b51b3dc237c27155c063b6\",\"name\":\"ckrieh\",\"image\":{\"@type\":\"ImageObject\",\"inLanguage\":\"de\",\"@id\":\"https:\\\/\\\/secure.gravatar.com\\\/avatar\\\/1a61d60ff2b88bcf2b98ce01b7ba9fe7685606d7822c85153b9262eac30a2c74?s=96&d=mm&r=g\",\"url\":\"https:\\\/\\\/secure.gravatar.com\\\/avatar\\\/1a61d60ff2b88bcf2b98ce01b7ba9fe7685606d7822c85153b9262eac30a2c74?s=96&d=mm&r=g\",\"contentUrl\":\"https:\\\/\\\/secure.gravatar.com\\\/avatar\\\/1a61d60ff2b88bcf2b98ce01b7ba9fe7685606d7822c85153b9262eac30a2c74?s=96&d=mm&r=g\",\"caption\":\"ckrieh\"},\"sameAs\":[\"https:\\\/\\\/alpenlandmagazin.at\\\/hochnachhaltig\"],\"url\":\"https:\\\/\\\/alpenlandmagazin.at\\\/hochnachhaltig\\\/author\\\/ckrieh\\\/\"}]}<\/script>\n<!-- \/ Yoast SEO plugin. -->","yoast_head_json":{"title":"Smartes Laden zu Hause: Welche Wallbox f\u00fcr das Elektroauto sinnvoll ist - hoch.nachhaltig - Berge. Umwelt. Selbstwirksamkeit.","description":"Heute ein Smarthome-Thema, das leicht erkl\u00e4rbar ist: die Wallbox f\u00fcr das Elektroauto und welche Wallbox f\u00fcr das Elektroauto sinnvoll ist.","robots":{"index":"index","follow":"follow","max-snippet":"max-snippet:-1","max-image-preview":"max-image-preview:large","max-video-preview":"max-video-preview:-1"},"canonical":"https:\/\/alpenlandmagazin.at\/hochnachhaltig\/smartes-laden-zu-hause-welche-wallbox-fuer-das-elektroauto-sinnvoll-ist\/","og_locale":"de_DE","og_type":"article","og_title":"Smartes Laden zu Hause: Welche Wallbox f\u00fcr das Elektroauto sinnvoll ist - hoch.nachhaltig - Berge. Umwelt. Selbstwirksamkeit.","og_description":"Heute ein Smarthome-Thema, das leicht erkl\u00e4rbar ist: die Wallbox f\u00fcr das Elektroauto und welche Wallbox f\u00fcr das Elektroauto sinnvoll ist.","og_url":"https:\/\/alpenlandmagazin.at\/hochnachhaltig\/smartes-laden-zu-hause-welche-wallbox-fuer-das-elektroauto-sinnvoll-ist\/","og_site_name":"hoch.nachhaltig - Berge. Umwelt. Selbstwirksamkeit.","article_published_time":"2026-06-17T14:13:54+00:00","article_modified_time":"2026-07-04T14:14:59+00:00","og_image":[{"width":1130,"height":720,"url":"https:\/\/alpenlandmagazin.at\/hochnachhaltig\/wp-content\/uploads\/2026\/07\/maxresdefault-1-e1783174066488.jpg","type":"image\/jpeg"}],"author":"ckrieh","twitter_card":"summary_large_image","twitter_misc":{"Verfasst von":"ckrieh","Gesch\u00e4tzte Lesezeit":"6\u00a0Minuten"},"schema":{"@context":"https:\/\/schema.org","@graph":[{"@type":"Article","@id":"https:\/\/alpenlandmagazin.at\/hochnachhaltig\/smartes-laden-zu-hause-welche-wallbox-fuer-das-elektroauto-sinnvoll-ist\/#article","isPartOf":{"@id":"https:\/\/alpenlandmagazin.at\/hochnachhaltig\/smartes-laden-zu-hause-welche-wallbox-fuer-das-elektroauto-sinnvoll-ist\/"},"author":{"name":"ckrieh","@id":"https:\/\/alpenlandmagazin.at\/hochnachhaltig\/#\/schema\/person\/7f5ce1e0f5b51b3dc237c27155c063b6"},"headline":"Smartes Laden zu Hause: Welche Wallbox f\u00fcr das Elektroauto sinnvoll ist","datePublished":"2026-06-17T14:13:54+00:00","dateModified":"2026-07-04T14:14:59+00:00","mainEntityOfPage":{"@id":"https:\/\/alpenlandmagazin.at\/hochnachhaltig\/smartes-laden-zu-hause-welche-wallbox-fuer-das-elektroauto-sinnvoll-ist\/"},"wordCount":1124,"commentCount":0,"publisher":{"@id":"https:\/\/alpenlandmagazin.at\/hochnachhaltig\/#\/schema\/person\/cde7b4195499a8410a9ab4304ba1a6fe"},"image":{"@id":"https:\/\/alpenlandmagazin.at\/hochnachhaltig\/smartes-laden-zu-hause-welche-wallbox-fuer-das-elektroauto-sinnvoll-ist\/#primaryimage"},"thumbnailUrl":"https:\/\/alpenlandmagazin.at\/hochnachhaltig\/wp-content\/uploads\/2026\/07\/maxresdefault-1-e1783174066488.jpg","inLanguage":"de","potentialAction":[{"@type":"CommentAction","name":"Comment","target":["https:\/\/alpenlandmagazin.at\/hochnachhaltig\/smartes-laden-zu-hause-welche-wallbox-fuer-das-elektroauto-sinnvoll-ist\/#respond"]}]},{"@type":"WebPage","@id":"https:\/\/alpenlandmagazin.at\/hochnachhaltig\/smartes-laden-zu-hause-welche-wallbox-fuer-das-elektroauto-sinnvoll-ist\/","url":"https:\/\/alpenlandmagazin.at\/hochnachhaltig\/smartes-laden-zu-hause-welche-wallbox-fuer-das-elektroauto-sinnvoll-ist\/","name":"Smartes Laden zu Hause: Welche Wallbox f\u00fcr das Elektroauto sinnvoll ist - hoch.nachhaltig - Berge. Umwelt. Selbstwirksamkeit.","isPartOf":{"@id":"https:\/\/alpenlandmagazin.at\/hochnachhaltig\/#website"},"primaryImageOfPage":{"@id":"https:\/\/alpenlandmagazin.at\/hochnachhaltig\/smartes-laden-zu-hause-welche-wallbox-fuer-das-elektroauto-sinnvoll-ist\/#primaryimage"},"image":{"@id":"https:\/\/alpenlandmagazin.at\/hochnachhaltig\/smartes-laden-zu-hause-welche-wallbox-fuer-das-elektroauto-sinnvoll-ist\/#primaryimage"},"thumbnailUrl":"https:\/\/alpenlandmagazin.at\/hochnachhaltig\/wp-content\/uploads\/2026\/07\/maxresdefault-1-e1783174066488.jpg","datePublished":"2026-06-17T14:13:54+00:00","dateModified":"2026-07-04T14:14:59+00:00","description":"Heute ein Smarthome-Thema, das leicht erkl\u00e4rbar ist: die Wallbox f\u00fcr das Elektroauto und welche Wallbox f\u00fcr das Elektroauto sinnvoll ist.","breadcrumb":{"@id":"https:\/\/alpenlandmagazin.at\/hochnachhaltig\/smartes-laden-zu-hause-welche-wallbox-fuer-das-elektroauto-sinnvoll-ist\/#breadcrumb"},"inLanguage":"de","potentialAction":[{"@type":"ReadAction","target":["https:\/\/alpenlandmagazin.at\/hochnachhaltig\/smartes-laden-zu-hause-welche-wallbox-fuer-das-elektroauto-sinnvoll-ist\/"]}]},{"@type":"ImageObject","inLanguage":"de","@id":"https:\/\/alpenlandmagazin.at\/hochnachhaltig\/smartes-laden-zu-hause-welche-wallbox-fuer-das-elektroauto-sinnvoll-ist\/#primaryimage","url":"https:\/\/alpenlandmagazin.at\/hochnachhaltig\/wp-content\/uploads\/2026\/07\/maxresdefault-1-e1783174066488.jpg","contentUrl":"https:\/\/alpenlandmagazin.at\/hochnachhaltig\/wp-content\/uploads\/2026\/07\/maxresdefault-1-e1783174066488.jpg","width":1130,"height":720},{"@type":"BreadcrumbList","@id":"https:\/\/alpenlandmagazin.at\/hochnachhaltig\/smartes-laden-zu-hause-welche-wallbox-fuer-das-elektroauto-sinnvoll-ist\/#breadcrumb","itemListElement":[{"@type":"ListItem","position":1,"name":"Startseite","item":"https:\/\/alpenlandmagazin.at\/hochnachhaltig\/"},{"@type":"ListItem","position":2,"name":"Smartes Laden zu Hause: Welche Wallbox f\u00fcr das Elektroauto sinnvoll ist"}]},{"@type":"WebSite","@id":"https:\/\/alpenlandmagazin.at\/hochnachhaltig\/#website","url":"https:\/\/alpenlandmagazin.at\/hochnachhaltig\/","name":"hoch.nachhaltig - Berge. Umwelt. Selbstwirksamkeit.","description":"Wie man die Welt rettet und dabei Geld spart.","publisher":{"@id":"https:\/\/alpenlandmagazin.at\/hochnachhaltig\/#\/schema\/person\/cde7b4195499a8410a9ab4304ba1a6fe"},"alternateName":"hoch.nachhaltig","potentialAction":[{"@type":"SearchAction","target":{"@type":"EntryPoint","urlTemplate":"https:\/\/alpenlandmagazin.at\/hochnachhaltig\/?s={search_term_string}"},"query-input":{"@type":"PropertyValueSpecification","valueRequired":true,"valueName":"search_term_string"}}],"inLanguage":"de"},{"@type":["Person","Organization"],"@id":"https:\/\/alpenlandmagazin.at\/hochnachhaltig\/#\/schema\/person\/cde7b4195499a8410a9ab4304ba1a6fe","name":"Christian Schreiter","image":{"@type":"ImageObject","inLanguage":"de","@id":"https:\/\/alpenlandmagazin.at\/hochnachhaltig\/wp-content\/uploads\/2023\/12\/logo11_4_172949.png","url":"https:\/\/alpenlandmagazin.at\/hochnachhaltig\/wp-content\/uploads\/2023\/12\/logo11_4_172949.png","contentUrl":"https:\/\/alpenlandmagazin.at\/hochnachhaltig\/wp-content\/uploads\/2023\/12\/logo11_4_172949.png","width":2000,"height":2000,"caption":"Christian Schreiter"},"logo":{"@id":"https:\/\/alpenlandmagazin.at\/hochnachhaltig\/wp-content\/uploads\/2023\/12\/logo11_4_172949.png"}},{"@type":"Person","@id":"https:\/\/alpenlandmagazin.at\/hochnachhaltig\/#\/schema\/person\/7f5ce1e0f5b51b3dc237c27155c063b6","name":"ckrieh","image":{"@type":"ImageObject","inLanguage":"de","@id":"https:\/\/secure.gravatar.com\/avatar\/1a61d60ff2b88bcf2b98ce01b7ba9fe7685606d7822c85153b9262eac30a2c74?s=96&d=mm&r=g","url":"https:\/\/secure.gravatar.com\/avatar\/1a61d60ff2b88bcf2b98ce01b7ba9fe7685606d7822c85153b9262eac30a2c74?s=96&d=mm&r=g","contentUrl":"https:\/\/secure.gravatar.com\/avatar\/1a61d60ff2b88bcf2b98ce01b7ba9fe7685606d7822c85153b9262eac30a2c74?s=96&d=mm&r=g","caption":"ckrieh"},"sameAs":["https:\/\/alpenlandmagazin.at\/hochnachhaltig"],"url":"https:\/\/alpenlandmagazin.at\/hochnachhaltig\/author\/ckrieh\/"}]}},"_links":{"self":[{"href":"https:\/\/alpenlandmagazin.at\/hochnachhaltig\/wp-json\/wp\/v2\/posts\/416","targetHints":{"allow":["GET"]}}],"collection":[{"href":"https:\/\/alpenlandmagazin.at\/hochnachhaltig\/wp-json\/wp\/v2\/posts"}],"about":[{"href":"https:\/\/alpenlandmagazin.at\/hochnachhaltig\/wp-json\/wp\/v2\/types\/post"}],"author":[{"embeddable":true,"href":"https:\/\/alpenlandmagazin.at\/hochnachhaltig\/wp-json\/wp\/v2\/users\/1"}],"replies":[{"embeddable":true,"href":"https:\/\/alpenlandmagazin.at\/hochnachhaltig\/wp-json\/wp\/v2\/comments?post=416"}],"version-history":[{"count":1,"href":"https:\/\/alpenlandmagazin.at\/hochnachhaltig\/wp-json\/wp\/v2\/posts\/416\/revisions"}],"predecessor-version":[{"id":418,"href":"https:\/\/alpenlandmagazin.at\/hochnachhaltig\/wp-json\/wp\/v2\/posts\/416\/revisions\/418"}],"wp:featuredmedia":[{"embeddable":true,"href":"https:\/\/alpenlandmagazin.at\/hochnachhaltig\/wp-json\/wp\/v2\/media\/417"}],"wp:attachment":[{"href":"https:\/\/alpenlandmagazin.at\/hochnachhaltig\/wp-json\/wp\/v2\/media?parent=416"}],"wp:term":[{"taxonomy":"category","embeddable":true,"href":"https:\/\/alpenlandmagazin.at\/hochnachhaltig\/wp-json\/wp\/v2\/categories?post=416"},{"taxonomy":"post_tag","embeddable":true,"href":"https:\/\/alpenlandmagazin.at\/hochnachhaltig\/wp-json\/wp\/v2\/tags?post=416"}],"curies":[{"name":"wp","href":"https:\/\/api.w.org\/{rel}","templated":true}]}}