{"id":452,"date":"2026-07-31T20:16:27","date_gmt":"2026-07-31T18:16:27","guid":{"rendered":"https:\/\/alpenlandmagazin.at\/hochnachhaltig\/?p=452"},"modified":"2026-07-31T20:17:04","modified_gmt":"2026-07-31T18:17:04","slug":"fiat-600e-nach-40-000-kilometern-mein-fazit-nach-gut-zwei-jahren","status":"publish","type":"post","link":"https:\/\/alpenlandmagazin.at\/hochnachhaltig\/fiat-600e-nach-40-000-kilometern-mein-fazit-nach-gut-zwei-jahren\/","title":{"rendered":"Fiat 600e nach 40.000 Kilometern: Mein Fazit nach gut zwei Jahren"},"content":{"rendered":"\n<p class=\"wp-block-paragraph\">Im April 2024 habe ich meinen Fiat 600e \u00fcbernommen \u2013 damals als einer der ersten Fahrer dieses Modells in \u00d6sterreich. Mittlerweile sind gut zwei Jahre und drei Monate vergangen und der Kilometerz\u00e4hler hat die Marke von 40.000 Kilometern \u00fcberschritten. Zeit f\u00fcr ein ausf\u00fchrliches Fazit: Wie macht sich der Fiat 600e nach 40.000 Kilometern? Wie zuverl\u00e4ssig war er bisher? Welche Reparaturen waren notwendig? Wie bew\u00e4hrt er sich auf der Langstrecke? Und w\u00fcrde ich ihn wieder kaufen?<\/p>\n\n\n<div class=\"epyt-video-wrapper\"><div  id=\"_ytid_45227\"  width=\"1200\" height=\"675\"  data-origwidth=\"1200\" data-origheight=\"675\" data-facadesrc=\"https:\/\/www.youtube.com\/embed\/MNTBuwQtWKc?enablejsapi=1&#038;origin=https:\/\/alpenlandmagazin.at&#038;autoplay=0&#038;cc_load_policy=0&#038;cc_lang_pref=de&#038;iv_load_policy=1&#038;loop=0&#038;rel=0&#038;fs=1&#038;playsinline=1&#038;autohide=2&#038;theme=dark&#038;color=red&#038;controls=1&#038;disablekb=0&#038;\" class=\"__youtube_prefs__ epyt-facade no-lazyload\" data-epautoplay=\"1\" ><img decoding=\"async\" data-spai-excluded=\"true\" class=\"epyt-facade-poster skip-lazy\" loading=\"lazy\"  alt=\"YouTube player\"  src=\"https:\/\/i.ytimg.com\/vi\/MNTBuwQtWKc\/maxresdefault.jpg\"  \/><button class=\"epyt-facade-play\" aria-label=\"Play\"><svg data-no-lazy=\"1\" height=\"100%\" version=\"1.1\" viewBox=\"0 0 68 48\" width=\"100%\"><path class=\"ytp-large-play-button-bg\" d=\"M66.52,7.74c-0.78-2.93-2.49-5.41-5.42-6.19C55.79,.13,34,0,34,0S12.21,.13,6.9,1.55 C3.97,2.33,2.27,4.81,1.48,7.74C0.06,13.05,0,24,0,24s0.06,10.95,1.48,16.26c0.78,2.93,2.49,5.41,5.42,6.19 C12.21,47.87,34,48,34,48s21.79-0.13,27.1-1.55c2.93-0.78,4.64-3.26,5.42-6.19C67.94,34.95,68,24,68,24S67.94,13.05,66.52,7.74z\" fill=\"#f00\"><\/path><path d=\"M 45,24 27,14 27,34\" fill=\"#fff\"><\/path><\/svg><\/button><\/div><\/div>\n\n\n<p class=\"wp-block-paragraph\"><\/p>\n\n\n\n<h3 class=\"wp-block-heading\">Das Wichtigste vorweg: Ich bin nach wie vor sehr zufrieden<\/h3>\n\n\n\n<p class=\"wp-block-paragraph\">Nach 40.000 Kilometern kann ich sagen: Der Fiat 600e macht genau das, was ein Auto machen soll. Er f\u00e4hrt zuverl\u00e4ssig, komfortabel und weitgehend unauff\u00e4llig.<\/p>\n\n\n\n<p class=\"wp-block-paragraph\">Ich nutze das Fahrzeug sehr unterschiedlich. Einerseits pendle ich damit regelm\u00e4\u00dfig zum Bahnhof, andererseits fahre ich l\u00e4ngere Gesch\u00e4fts- und Urlaubsreisen. Gelegentlich muss der Fiat 600e auch \u00fcber schlechtere Zufahrtsstra\u00dfen zu den Schutzh\u00fctten meines Vereins. All das erledigt er bisher problemlos.<\/p>\n\n\n\n<p class=\"wp-block-paragraph\">Der Fiat 600e ist nat\u00fcrlich kein Gel\u00e4ndewagen. Leichte Fahrten auf unbefestigten Wegen oder schlechten Forststra\u00dfen waren bislang aber kein Problem.<\/p>\n\n\n\n<h3 class=\"wp-block-heading\">Sehr gutes assistiertes Fahren<\/h3>\n\n\n\n<p class=\"wp-block-paragraph\">Besonders sch\u00e4tze ich weiterhin die Fahrerassistenzsysteme. Der Fiat 600e bietet ein Level-2-System, also ein unterst\u00fctztes und kein vollst\u00e4ndig autonomes Fahren.<\/p>\n\n\n\n<p class=\"wp-block-paragraph\">In der Praxis funktioniert dieses System ausgesprochen gut. Der adaptive Tempomat h\u00e4lt Geschwindigkeit und Abstand, w\u00e4hrend der Spurhalteassistent das Fahrzeug angenehm in der Fahrspur f\u00fchrt. <\/p>\n\n\n\n<p class=\"wp-block-paragraph\">Dabei greift das System nicht hektisch oder abrupt ein. Die Lenkbewegungen erfolgen \u00fcberwiegend weich und nachvollziehbar. Das Auto vermittelt dadurch ein hohes Sicherheitsgef\u00fchl, ohne den Fahrer permanent mit Warnsignalen zu bel\u00e4stigen.<\/p>\n\n\n\n<p class=\"wp-block-paragraph\">Das ist f\u00fcr mich ein gro\u00dfer Vorteil. Manche modernen Fahrzeuge piepsen bei beinahe jeder Gelegenheit. Im Fiat 600e bleiben die Warnungen im normalen Fahrbetrieb vergleichsweise dezent.<\/p>\n\n\n\n<p class=\"wp-block-paragraph\">Eine Ausnahme gibt es allerdings: Ist jemand nicht angeschnallt, meldet sich das Auto ausgesprochen nachdr\u00fccklich. Diese Warnung ist laut, dauerhaft und nicht einfach abschaltbar. Nachdem ohnehin alle Insassen angeschnallt sein m\u00fcssen, ist das aber letztlich kein ernsthaftes Problem.<\/p>\n\n\n\n<h3 class=\"wp-block-heading\">Hoher Fahrkomfort im Alltag und auf Reisen<\/h3>\n\n\n\n<p class=\"wp-block-paragraph\">Der Fiat 600e f\u00e4hrt sich ausgesprochen angenehm. Das Fahrwerk ist komfortabel, ohne schwammig zu wirken. Gleichzeitig ist das Auto kompakt genug f\u00fcr den Stadtverkehr und bietet dennoch ausreichend Platz f\u00fcr l\u00e4ngere Reisen.<\/p>\n\n\n\n<p class=\"wp-block-paragraph\">Auch nach mehreren Stunden Fahrt empfinde ich das Fahrzeug nicht als anstrengend. Die Ger\u00e4uschkulisse ist niedrig und die Assistenzsysteme reduzieren den Stress auf Autobahnetappen deutlich. Gerade auf langen Strecken zeigt sich, dass ein gutes Elektroauto nicht nur leise, sondern auch sehr entspannt zu fahren ist.<\/p>\n\n\n\n<h3 class=\"wp-block-heading\">Ein gr\u00f6\u00dferer Defekt in 40.000 Kilometern<\/h3>\n\n\n\n<p class=\"wp-block-paragraph\">Ganz ohne Reparatur ging es allerdings nicht. Nach ungef\u00e4hr einem Jahr fiel der Kompressor der Klimaanlage aus. Passiert ist das ausgerechnet bei der Heimfahrt aus Italien w\u00e4hrend einer ausgesprochen hei\u00dfen Wetterphase. Das war naturgem\u00e4\u00df unangenehm. Der Defekt wurde jedoch vollst\u00e4ndig im Rahmen der Garantie behoben.<\/p>\n\n\n\n<p class=\"wp-block-paragraph\">Abgesehen davon gab es in den ersten 40.000 Kilometern keine nennenswerten technischen Probleme und keine weiteren au\u00dferplanm\u00e4\u00dfigen Reparaturen. Damit f\u00e4llt meine bisherige Zuverl\u00e4ssigkeitsbilanz insgesamt sehr positiv aus.<\/p>\n\n\n\n<h3 class=\"wp-block-heading\">Drei Serviceaufenthalte und \u00fcberschaubare Kosten<\/h3>\n\n\n\n<p class=\"wp-block-paragraph\">Vorgeschrieben waren bisher drei Servicetermine:<\/p>\n\n\n\n<ul class=\"wp-block-list\">\n<li>bei 10.000 Kilometern,<\/li>\n\n\n\n<li>bei 20.000 Kilometern,<\/li>\n\n\n\n<li>bei 40.000 Kilometern.<\/li>\n<\/ul>\n\n\n\n<p class=\"wp-block-paragraph\">Die einzelnen Services kosteten jeweils ungef\u00e4hr zwischen 160 und 220 Euro.<\/p>\n\n\n\n<p class=\"wp-block-paragraph\">Grunds\u00e4tzlich kann man dar\u00fcber diskutieren, weshalb Elektroautos \u00fcberhaupt derart h\u00e4ufig zum Service m\u00fcssen. Viele Arbeiten bestehen haupts\u00e4chlich aus Sichtkontrollen, dem Auslesen des Fehlerspeichers und der \u00dcberpr\u00fcfung verschiedener Fahrzeugkomponenten.<\/p>\n\n\n\n<p class=\"wp-block-paragraph\">Trotzdem sind die Kosten \u00fcberschaubar. Drei Servicetermine in etwas mehr als zwei Jahren sind verkraftbar und deutlich g\u00fcnstiger als die Wartung meines fr\u00fcheren Verbrenners.<\/p>\n\n\n\n<h3 class=\"wp-block-heading\">Laden zu Hause und unterwegs<\/h3>\n\n\n\n<p class=\"wp-block-paragraph\">Den \u00fcberwiegenden Teil des Stroms lade ich zu Hause an meiner Wallbox. Das ist bequem und in meinem Fall auch deutlich g\u00fcnstiger als das Fahren mit Benzin oder Diesel.<\/p>\n\n\n\n<p class=\"wp-block-paragraph\">Auf Langstrecken nutze ich haupts\u00e4chlich das Ionity-Netz. Dort verwende ich den Power-Tarif mit entsprechender Ladekarte.<\/p>\n\n\n\n<p class=\"wp-block-paragraph\">Die Preisstruktur bei \u00f6ffentlichen Schnellladern war in den vergangenen Jahren teilweise un\u00fcbersichtlich. Mittlerweile hat sich f\u00fcr mich aber eine praktikable L\u00f6sung ergeben: zu Hause laden, wann immer es m\u00f6glich ist, und auf langen Fahrten gezielt die Schnellladeparks von Ionity nutzen.<\/p>\n\n\n\n<p class=\"wp-block-paragraph\">Mit dieser Kombination funktioniert das Reisen unkompliziert.<\/p>\n\n\n\n<h3 class=\"wp-block-heading\">Reale Reichweite auf der Langstrecke<\/h3>\n\n\n\n<p class=\"wp-block-paragraph\">Meine \u00fcblichen Fahretappen auf der Autobahn liegen bei ungef\u00e4hr 250 bis 300 Kilometern.<\/p>\n\n\n\n<p class=\"wp-block-paragraph\">Das bedeutet nicht, dass der Akku nach dieser Strecke vollst\u00e4ndig leer ist. Vielmehr plant die Navigations- und Ladeplanung die Route so, dass ich mit einer ausreichenden Restladung an der n\u00e4chsten Lades\u00e4ule eintreffe.<\/p>\n\n\n\n<p class=\"wp-block-paragraph\">Ich versuche, Schnellladestationen mit ungef\u00e4hr 15 bis 20 Prozent Akkustand zu erreichen. Am eigentlichen Reiseziel m\u00f6chte ich meist noch rund 40 Prozent Ladung haben, sofern ich dort nicht direkt laden kann. Damit bleibt ausreichend Reserve f\u00fcr weitere Fahrten am Zielort oder f\u00fcr einen Teil der R\u00fcckreise.<\/p>\n\n\n\n<p class=\"wp-block-paragraph\">Bei Fahrten nach Salzburg und retour ergeben sich auf Hin- und R\u00fcckfahrt insgesamt ungef\u00e4hr zwei bis drei Ladestopps. F\u00fcr mich ist das vollkommen in Ordnung.<\/p>\n\n\n\n<h3 class=\"wp-block-heading\">1.000 Kilometer und mehr sind problemlos m\u00f6glich<\/h3>\n\n\n\n<p class=\"wp-block-paragraph\">Unsere Urlaubsfahrten sind h\u00e4ufig deutlich l\u00e4nger. Strecken von rund 1.000 Kilometern sind keine Seltenheit.<\/p>\n\n\n\n<p class=\"wp-block-paragraph\">Bei einer Reise in die Niederlande waren es je nach Route ungef\u00e4hr 1.100 bis 1.200 Kilometer. Bis zum Ziel waren dabei ungef\u00e4hr f\u00fcnf Ladestopps notwendig.<\/p>\n\n\n\n<p class=\"wp-block-paragraph\">Nat\u00fcrlich ist der Fiat 600e kein Langstreckenfahrzeug, das 700 oder 800 Kilometer ohne Pause zur\u00fccklegt. Das brauche ich allerdings auch nicht. Nach 200 bis 300 Kilometern lege ich ohnehin eine Pause ein. Man geht zur Toilette, trinkt einen Kaffee oder vertritt sich kurz die Beine. Wird das Laden vern\u00fcnftig in diese Pausen integriert, empfinde ich die Stopps nicht als wesentliche Einschr\u00e4nkung.<\/p>\n\n\n\n<p class=\"wp-block-paragraph\">Die entscheidende Voraussetzung ist eine funktionierende Ladeplanung. Mit einer entsprechenden Routenplanungs-App l\u00e4sst sich die Reise gut vorbereiten. e-Routes ist dazu mit an Board des Fiat-Paketes und leistet ausgesprochen gute Dienste auf Basis der Live-Batteriedaten.<\/p>\n\n\n\n<h3 class=\"wp-block-heading\">Ladeleistung: ausreichend, aber nicht mehr f\u00fchrend<\/h3>\n\n\n\n<p class=\"wp-block-paragraph\">Der Fiat 600e l\u00e4dt am Schnelllader mit maximal rund 100 kW. Die Ladekurve ist grunds\u00e4tzlich gut und bleibt \u00fcber einen brauchbaren Bereich relativ stabil. Mit steigendem Akkustand sinkt die Leistung allerdings ab. Das ist bei Elektroautos normal. In h\u00f6heren Ladebereichen stehen daher keine 100 kW mehr zur Verf\u00fcgung.<\/p>\n\n\n\n<p class=\"wp-block-paragraph\">Im Alltag hat mich das bisher kaum gest\u00f6rt. Meistens ist das Auto fertig oder beinahe fertig geladen, wenn meine Pause vorbei ist. Trotzdem entwickelt sich die Technik weiter. Neuere Elektroautos erreichen teilweise deutlich h\u00f6here Ladeleistungen und k\u00f6nnen diese auch l\u00e4nger halten.<\/p>\n\n\n\n<p class=\"wp-block-paragraph\">Bei einem k\u00fcnftigen Fahrzeug w\u00e4re schnelleres Laden daher durchaus ein zus\u00e4tzlicher Komfortgewinn. Ein zwingender Grund f\u00fcr einen Fahrzeugwechsel ist es f\u00fcr mich derzeit aber nicht.<\/p>\n\n\n\n<h3 class=\"wp-block-heading\">Warum sieht man den Fiat 600e so selten?<\/h3>\n\n\n\n<p class=\"wp-block-paragraph\">Was mich lange \u00fcberrascht hat: W\u00e4hrend der ersten eineinhalb Jahre begegnete mir kaum ein anderer Fiat 600e auf \u00f6sterreichischen Stra\u00dfen.<\/p>\n\n\n\n<p class=\"wp-block-paragraph\">Der kleinere Fiat 500e ist deutlich h\u00e4ufiger zu sehen. Dabei ist der Fiat 600e aus meiner Sicht in fast allen praktischen Bereichen das vielseitigere Fahrzeug. Er bietet mehr Platz, mehr Reichweite und eignet sich deutlich besser f\u00fcr l\u00e4ngere Strecken.<\/p>\n\n\n\n<p class=\"wp-block-paragraph\">Mittlerweile nimmt die Zahl der Fahrzeuge auf der Stra\u00dfe erkennbar zu. M\u00f6glicherweise tragen auch die hohen Benzin- und Dieselpreise dazu bei, dass sich wieder mehr Menschen mit Elektroautos besch\u00e4ftigen.<\/p>\n\n\n\n<h3 class=\"wp-block-heading\">W\u00fcrde ich den Fiat 600e wieder w\u00e4hlen?<\/h3>\n\n\n\n<p class=\"wp-block-paragraph\">Nach 40.000 Kilometern lautet meine Antwort eindeutig: Ja.<\/p>\n\n\n\n<p class=\"wp-block-paragraph\">Der Fiat 600e ist komfortabel, zuverl\u00e4ssig, sparsam und angenehm zu fahren. Er eignet sich f\u00fcr den t\u00e4glichen Arbeitsweg ebenso wie f\u00fcr lange Urlaubsreisen.<\/p>\n\n\n\n<p class=\"wp-block-paragraph\">Die einzige gr\u00f6\u00dfere Reparatur wurde von der Garantie \u00fcbernommen. Die Wartungskosten blieben \u00fcberschaubar und die Reichweite hat sich im bisherigen Nutzungszeitraum nicht sp\u00fcrbar ver\u00e4ndert.<\/p>\n\n\n\n<p class=\"wp-block-paragraph\">Das Fahrzeug ist kein technisches Extremmodell. Es bietet weder Rekordreichweite noch die h\u00f6chste Ladeleistung. Daf\u00fcr funktioniert es im Alltag ausgesprochen unproblematisch. Und genau das erwarte ich von einem Auto.<\/p>\n\n\n\n<h3 class=\"wp-block-heading\">Wie geht es nach dem Leasing weiter?<\/h3>\n\n\n\n<p class=\"wp-block-paragraph\">Mein Fiat 600e ist geleast. In ungef\u00e4hr zwei Jahren l\u00e4uft der Vertrag aus.<\/p>\n\n\n\n<p class=\"wp-block-paragraph\">Ob ich das Fahrzeug anschlie\u00dfend behalte oder auf ein neueres Elektroauto umsteige, ist noch offen. Wahrscheinlicher ist derzeit ein Wechsel auf ein Modell mit h\u00f6herer Ladeleistung.<\/p>\n\n\n\n<p class=\"wp-block-paragraph\">Genauso gut kann es aber sein, dass ich den Fiat 600e \u00fcbernehme. Denn ein Fahrzeug, das zuverl\u00e4ssig funktioniert und mit dem man zufrieden ist, muss man nicht unbedingt ersetzen.<\/p>\n\n\n\n<h3 class=\"wp-block-heading\">Mein Gesamtfazit nach 40.000 Kilometern<\/h3>\n\n\n\n<p class=\"wp-block-paragraph\">Der Fiat 600e hat sich in den ersten 40.000 Kilometern als ausgesprochen alltagstaugliches Elektroauto erwiesen.<\/p>\n\n\n\n<p class=\"wp-block-paragraph\">Er f\u00e4hrt komfortabel, die Assistenzsysteme funktionieren sehr gut und auch lange Reisen sind ohne besondere Schwierigkeiten m\u00f6glich. Die laufenden Kosten sind \u00fcberschaubar und technische Probleme gab es \u2013 abgesehen vom defekten Klimakompressor \u2013 keine.<\/p>\n\n\n\n<p class=\"wp-block-paragraph\">F\u00fcr Menschen, die ein kompaktes, aber dennoch reisetaugliches Elektroauto suchen, ist der Fiat 600e aus meiner Sicht weiterhin eine klare Empfehlung.<\/p>\n","protected":false},"excerpt":{"rendered":"<p>Im April 2024 habe ich meinen Fiat 600e \u00fcbernommen \u2013 damals als einer der ersten Fahrer dieses Modells in \u00d6sterreich. Mittlerweile sind gut zwei Jahre und drei Monate vergangen und der Kilometerz\u00e4hler hat die Marke von 40.000 Kilometern \u00fcberschritten. Zeit f\u00fcr ein ausf\u00fchrliches Fazit: Wie macht sich der Fiat 600e nach 40.000 Kilometern? Wie zuverl\u00e4ssig war er bisher? Welche Reparaturen waren notwendig? Wie bew\u00e4hrt er sich auf der Langstrecke? Und w\u00fcrde ich ihn wieder kaufen?<\/p>\n","protected":false},"author":1,"featured_media":453,"comment_status":"open","ping_status":"open","sticky":false,"template":"","format":"standard","meta":{"neve_meta_sidebar":"","neve_meta_container":"","neve_meta_enable_content_width":"","neve_meta_content_width":0,"neve_meta_title_alignment":"","neve_meta_author_avatar":"","neve_post_elements_order":"","neve_meta_disable_header":"","neve_meta_disable_footer":"","neve_meta_disable_title":"","footnotes":""},"categories":[1],"tags":[],"class_list":["post-452","post","type-post","status-publish","format-standard","has-post-thumbnail","hentry","category-allgemein"],"yoast_head":"<!-- This site is optimized with the Yoast SEO plugin v28.2 - https:\/\/yoast.com\/product\/yoast-seo-wordpress\/ -->\n<title>Fiat 600e nach 40.000 Kilometern: Mein Fazit nach gut zwei Jahren - hoch.nachhaltig - Berge. Umwelt. Selbstwirksamkeit.<\/title>\n<meta name=\"description\" content=\"Im April 2024 habe ich meinen Fiat 600e \u00fcbernommen \u2013 Zeit f\u00fcr ein ausf\u00fchrliches Fazit: Wie macht sich der Fiat 600e nach 40.000 Kilometern?\" \/>\n<meta name=\"robots\" content=\"index, follow, max-snippet:-1, max-image-preview:large, max-video-preview:-1\" \/>\n<link rel=\"canonical\" href=\"https:\/\/alpenlandmagazin.at\/hochnachhaltig\/fiat-600e-nach-40-000-kilometern-mein-fazit-nach-gut-zwei-jahren\/\" \/>\n<meta property=\"og:locale\" content=\"de_DE\" \/>\n<meta property=\"og:type\" content=\"article\" \/>\n<meta property=\"og:title\" content=\"Fiat 600e nach 40.000 Kilometern: Mein Fazit nach gut zwei Jahren - hoch.nachhaltig - Berge. Umwelt. Selbstwirksamkeit.\" \/>\n<meta property=\"og:description\" content=\"Im April 2024 habe ich meinen Fiat 600e \u00fcbernommen \u2013 Zeit f\u00fcr ein ausf\u00fchrliches Fazit: Wie macht sich der Fiat 600e nach 40.000 Kilometern?\" \/>\n<meta property=\"og:url\" content=\"https:\/\/alpenlandmagazin.at\/hochnachhaltig\/fiat-600e-nach-40-000-kilometern-mein-fazit-nach-gut-zwei-jahren\/\" \/>\n<meta property=\"og:site_name\" content=\"hoch.nachhaltig - Berge. Umwelt. Selbstwirksamkeit.\" \/>\n<meta property=\"article:published_time\" content=\"2026-07-31T18:16:27+00:00\" \/>\n<meta property=\"article:modified_time\" content=\"2026-07-31T18:17:04+00:00\" \/>\n<meta property=\"og:image\" content=\"https:\/\/alpenlandmagazin.at\/hochnachhaltig\/wp-content\/uploads\/2026\/07\/maxresdefault-1-e1785521688725.webp\" \/>\n\t<meta property=\"og:image:width\" content=\"1130\" \/>\n\t<meta property=\"og:image:height\" content=\"720\" \/>\n\t<meta property=\"og:image:type\" content=\"image\/webp\" \/>\n<meta name=\"author\" content=\"ckrieh\" \/>\n<meta name=\"twitter:card\" content=\"summary_large_image\" \/>\n<meta name=\"twitter:label1\" content=\"Verfasst von\" \/>\n\t<meta name=\"twitter:data1\" content=\"ckrieh\" \/>\n\t<meta name=\"twitter:label2\" content=\"Gesch\u00e4tzte Lesezeit\" \/>\n\t<meta name=\"twitter:data2\" content=\"8\u00a0Minuten\" \/>\n<script type=\"application\/ld+json\" class=\"yoast-schema-graph\">{\"@context\":\"https:\\\/\\\/schema.org\",\"@graph\":[{\"@type\":\"Article\",\"@id\":\"https:\\\/\\\/alpenlandmagazin.at\\\/hochnachhaltig\\\/fiat-600e-nach-40-000-kilometern-mein-fazit-nach-gut-zwei-jahren\\\/#article\",\"isPartOf\":{\"@id\":\"https:\\\/\\\/alpenlandmagazin.at\\\/hochnachhaltig\\\/fiat-600e-nach-40-000-kilometern-mein-fazit-nach-gut-zwei-jahren\\\/\"},\"author\":{\"name\":\"ckrieh\",\"@id\":\"https:\\\/\\\/alpenlandmagazin.at\\\/hochnachhaltig\\\/#\\\/schema\\\/person\\\/7f5ce1e0f5b51b3dc237c27155c063b6\"},\"headline\":\"Fiat 600e nach 40.000 Kilometern: Mein Fazit nach gut zwei Jahren\",\"datePublished\":\"2026-07-31T18:16:27+00:00\",\"dateModified\":\"2026-07-31T18:17:04+00:00\",\"mainEntityOfPage\":{\"@id\":\"https:\\\/\\\/alpenlandmagazin.at\\\/hochnachhaltig\\\/fiat-600e-nach-40-000-kilometern-mein-fazit-nach-gut-zwei-jahren\\\/\"},\"wordCount\":1482,\"commentCount\":0,\"publisher\":{\"@id\":\"https:\\\/\\\/alpenlandmagazin.at\\\/hochnachhaltig\\\/#\\\/schema\\\/person\\\/cde7b4195499a8410a9ab4304ba1a6fe\"},\"image\":{\"@id\":\"https:\\\/\\\/alpenlandmagazin.at\\\/hochnachhaltig\\\/fiat-600e-nach-40-000-kilometern-mein-fazit-nach-gut-zwei-jahren\\\/#primaryimage\"},\"thumbnailUrl\":\"https:\\\/\\\/alpenlandmagazin.at\\\/hochnachhaltig\\\/wp-content\\\/uploads\\\/2026\\\/07\\\/maxresdefault-1-e1785521688725.webp\",\"inLanguage\":\"de\",\"potentialAction\":[{\"@type\":\"CommentAction\",\"name\":\"Comment\",\"target\":[\"https:\\\/\\\/alpenlandmagazin.at\\\/hochnachhaltig\\\/fiat-600e-nach-40-000-kilometern-mein-fazit-nach-gut-zwei-jahren\\\/#respond\"]}]},{\"@type\":\"WebPage\",\"@id\":\"https:\\\/\\\/alpenlandmagazin.at\\\/hochnachhaltig\\\/fiat-600e-nach-40-000-kilometern-mein-fazit-nach-gut-zwei-jahren\\\/\",\"url\":\"https:\\\/\\\/alpenlandmagazin.at\\\/hochnachhaltig\\\/fiat-600e-nach-40-000-kilometern-mein-fazit-nach-gut-zwei-jahren\\\/\",\"name\":\"Fiat 600e nach 40.000 Kilometern: Mein Fazit nach gut zwei Jahren - hoch.nachhaltig - Berge. Umwelt. Selbstwirksamkeit.\",\"isPartOf\":{\"@id\":\"https:\\\/\\\/alpenlandmagazin.at\\\/hochnachhaltig\\\/#website\"},\"primaryImageOfPage\":{\"@id\":\"https:\\\/\\\/alpenlandmagazin.at\\\/hochnachhaltig\\\/fiat-600e-nach-40-000-kilometern-mein-fazit-nach-gut-zwei-jahren\\\/#primaryimage\"},\"image\":{\"@id\":\"https:\\\/\\\/alpenlandmagazin.at\\\/hochnachhaltig\\\/fiat-600e-nach-40-000-kilometern-mein-fazit-nach-gut-zwei-jahren\\\/#primaryimage\"},\"thumbnailUrl\":\"https:\\\/\\\/alpenlandmagazin.at\\\/hochnachhaltig\\\/wp-content\\\/uploads\\\/2026\\\/07\\\/maxresdefault-1-e1785521688725.webp\",\"datePublished\":\"2026-07-31T18:16:27+00:00\",\"dateModified\":\"2026-07-31T18:17:04+00:00\",\"description\":\"Im April 2024 habe ich meinen Fiat 600e \u00fcbernommen \u2013 Zeit f\u00fcr ein ausf\u00fchrliches Fazit: Wie macht sich der Fiat 600e nach 40.000 Kilometern?\",\"breadcrumb\":{\"@id\":\"https:\\\/\\\/alpenlandmagazin.at\\\/hochnachhaltig\\\/fiat-600e-nach-40-000-kilometern-mein-fazit-nach-gut-zwei-jahren\\\/#breadcrumb\"},\"inLanguage\":\"de\",\"potentialAction\":[{\"@type\":\"ReadAction\",\"target\":[\"https:\\\/\\\/alpenlandmagazin.at\\\/hochnachhaltig\\\/fiat-600e-nach-40-000-kilometern-mein-fazit-nach-gut-zwei-jahren\\\/\"]}]},{\"@type\":\"ImageObject\",\"inLanguage\":\"de\",\"@id\":\"https:\\\/\\\/alpenlandmagazin.at\\\/hochnachhaltig\\\/fiat-600e-nach-40-000-kilometern-mein-fazit-nach-gut-zwei-jahren\\\/#primaryimage\",\"url\":\"https:\\\/\\\/alpenlandmagazin.at\\\/hochnachhaltig\\\/wp-content\\\/uploads\\\/2026\\\/07\\\/maxresdefault-1-e1785521688725.webp\",\"contentUrl\":\"https:\\\/\\\/alpenlandmagazin.at\\\/hochnachhaltig\\\/wp-content\\\/uploads\\\/2026\\\/07\\\/maxresdefault-1-e1785521688725.webp\",\"width\":1130,\"height\":720},{\"@type\":\"BreadcrumbList\",\"@id\":\"https:\\\/\\\/alpenlandmagazin.at\\\/hochnachhaltig\\\/fiat-600e-nach-40-000-kilometern-mein-fazit-nach-gut-zwei-jahren\\\/#breadcrumb\",\"itemListElement\":[{\"@type\":\"ListItem\",\"position\":1,\"name\":\"Startseite\",\"item\":\"https:\\\/\\\/alpenlandmagazin.at\\\/hochnachhaltig\\\/\"},{\"@type\":\"ListItem\",\"position\":2,\"name\":\"Fiat 600e nach 40.000 Kilometern: Mein Fazit nach gut zwei Jahren\"}]},{\"@type\":\"WebSite\",\"@id\":\"https:\\\/\\\/alpenlandmagazin.at\\\/hochnachhaltig\\\/#website\",\"url\":\"https:\\\/\\\/alpenlandmagazin.at\\\/hochnachhaltig\\\/\",\"name\":\"hoch.nachhaltig - Berge. Umwelt. Selbstwirksamkeit.\",\"description\":\"Wie man die Welt rettet und dabei Geld spart.\",\"publisher\":{\"@id\":\"https:\\\/\\\/alpenlandmagazin.at\\\/hochnachhaltig\\\/#\\\/schema\\\/person\\\/cde7b4195499a8410a9ab4304ba1a6fe\"},\"alternateName\":\"hoch.nachhaltig\",\"potentialAction\":[{\"@type\":\"SearchAction\",\"target\":{\"@type\":\"EntryPoint\",\"urlTemplate\":\"https:\\\/\\\/alpenlandmagazin.at\\\/hochnachhaltig\\\/?s={search_term_string}\"},\"query-input\":{\"@type\":\"PropertyValueSpecification\",\"valueRequired\":true,\"valueName\":\"search_term_string\"}}],\"inLanguage\":\"de\"},{\"@type\":[\"Person\",\"Organization\"],\"@id\":\"https:\\\/\\\/alpenlandmagazin.at\\\/hochnachhaltig\\\/#\\\/schema\\\/person\\\/cde7b4195499a8410a9ab4304ba1a6fe\",\"name\":\"Christian Schreiter\",\"image\":{\"@type\":\"ImageObject\",\"inLanguage\":\"de\",\"@id\":\"https:\\\/\\\/alpenlandmagazin.at\\\/hochnachhaltig\\\/wp-content\\\/uploads\\\/2023\\\/12\\\/logo11_4_172949.png\",\"url\":\"https:\\\/\\\/alpenlandmagazin.at\\\/hochnachhaltig\\\/wp-content\\\/uploads\\\/2023\\\/12\\\/logo11_4_172949.png\",\"contentUrl\":\"https:\\\/\\\/alpenlandmagazin.at\\\/hochnachhaltig\\\/wp-content\\\/uploads\\\/2023\\\/12\\\/logo11_4_172949.png\",\"width\":2000,\"height\":2000,\"caption\":\"Christian Schreiter\"},\"logo\":{\"@id\":\"https:\\\/\\\/alpenlandmagazin.at\\\/hochnachhaltig\\\/wp-content\\\/uploads\\\/2023\\\/12\\\/logo11_4_172949.png\"}},{\"@type\":\"Person\",\"@id\":\"https:\\\/\\\/alpenlandmagazin.at\\\/hochnachhaltig\\\/#\\\/schema\\\/person\\\/7f5ce1e0f5b51b3dc237c27155c063b6\",\"name\":\"ckrieh\",\"image\":{\"@type\":\"ImageObject\",\"inLanguage\":\"de\",\"@id\":\"https:\\\/\\\/secure.gravatar.com\\\/avatar\\\/1a61d60ff2b88bcf2b98ce01b7ba9fe7685606d7822c85153b9262eac30a2c74?s=96&d=mm&r=g\",\"url\":\"https:\\\/\\\/secure.gravatar.com\\\/avatar\\\/1a61d60ff2b88bcf2b98ce01b7ba9fe7685606d7822c85153b9262eac30a2c74?s=96&d=mm&r=g\",\"contentUrl\":\"https:\\\/\\\/secure.gravatar.com\\\/avatar\\\/1a61d60ff2b88bcf2b98ce01b7ba9fe7685606d7822c85153b9262eac30a2c74?s=96&d=mm&r=g\",\"caption\":\"ckrieh\"},\"sameAs\":[\"https:\\\/\\\/alpenlandmagazin.at\\\/hochnachhaltig\"],\"url\":\"https:\\\/\\\/alpenlandmagazin.at\\\/hochnachhaltig\\\/author\\\/ckrieh\\\/\"}]}<\/script>\n<!-- \/ Yoast SEO plugin. -->","yoast_head_json":{"title":"Fiat 600e nach 40.000 Kilometern: Mein Fazit nach gut zwei Jahren - hoch.nachhaltig - Berge. Umwelt. Selbstwirksamkeit.","description":"Im April 2024 habe ich meinen Fiat 600e \u00fcbernommen \u2013 Zeit f\u00fcr ein ausf\u00fchrliches Fazit: Wie macht sich der Fiat 600e nach 40.000 Kilometern?","robots":{"index":"index","follow":"follow","max-snippet":"max-snippet:-1","max-image-preview":"max-image-preview:large","max-video-preview":"max-video-preview:-1"},"canonical":"https:\/\/alpenlandmagazin.at\/hochnachhaltig\/fiat-600e-nach-40-000-kilometern-mein-fazit-nach-gut-zwei-jahren\/","og_locale":"de_DE","og_type":"article","og_title":"Fiat 600e nach 40.000 Kilometern: Mein Fazit nach gut zwei Jahren - hoch.nachhaltig - Berge. Umwelt. Selbstwirksamkeit.","og_description":"Im April 2024 habe ich meinen Fiat 600e \u00fcbernommen \u2013 Zeit f\u00fcr ein ausf\u00fchrliches Fazit: Wie macht sich der Fiat 600e nach 40.000 Kilometern?","og_url":"https:\/\/alpenlandmagazin.at\/hochnachhaltig\/fiat-600e-nach-40-000-kilometern-mein-fazit-nach-gut-zwei-jahren\/","og_site_name":"hoch.nachhaltig - Berge. Umwelt. Selbstwirksamkeit.","article_published_time":"2026-07-31T18:16:27+00:00","article_modified_time":"2026-07-31T18:17:04+00:00","og_image":[{"width":1130,"height":720,"url":"https:\/\/alpenlandmagazin.at\/hochnachhaltig\/wp-content\/uploads\/2026\/07\/maxresdefault-1-e1785521688725.webp","type":"image\/webp"}],"author":"ckrieh","twitter_card":"summary_large_image","twitter_misc":{"Verfasst von":"ckrieh","Gesch\u00e4tzte Lesezeit":"8\u00a0Minuten"},"schema":{"@context":"https:\/\/schema.org","@graph":[{"@type":"Article","@id":"https:\/\/alpenlandmagazin.at\/hochnachhaltig\/fiat-600e-nach-40-000-kilometern-mein-fazit-nach-gut-zwei-jahren\/#article","isPartOf":{"@id":"https:\/\/alpenlandmagazin.at\/hochnachhaltig\/fiat-600e-nach-40-000-kilometern-mein-fazit-nach-gut-zwei-jahren\/"},"author":{"name":"ckrieh","@id":"https:\/\/alpenlandmagazin.at\/hochnachhaltig\/#\/schema\/person\/7f5ce1e0f5b51b3dc237c27155c063b6"},"headline":"Fiat 600e nach 40.000 Kilometern: Mein Fazit nach gut zwei Jahren","datePublished":"2026-07-31T18:16:27+00:00","dateModified":"2026-07-31T18:17:04+00:00","mainEntityOfPage":{"@id":"https:\/\/alpenlandmagazin.at\/hochnachhaltig\/fiat-600e-nach-40-000-kilometern-mein-fazit-nach-gut-zwei-jahren\/"},"wordCount":1482,"commentCount":0,"publisher":{"@id":"https:\/\/alpenlandmagazin.at\/hochnachhaltig\/#\/schema\/person\/cde7b4195499a8410a9ab4304ba1a6fe"},"image":{"@id":"https:\/\/alpenlandmagazin.at\/hochnachhaltig\/fiat-600e-nach-40-000-kilometern-mein-fazit-nach-gut-zwei-jahren\/#primaryimage"},"thumbnailUrl":"https:\/\/alpenlandmagazin.at\/hochnachhaltig\/wp-content\/uploads\/2026\/07\/maxresdefault-1-e1785521688725.webp","inLanguage":"de","potentialAction":[{"@type":"CommentAction","name":"Comment","target":["https:\/\/alpenlandmagazin.at\/hochnachhaltig\/fiat-600e-nach-40-000-kilometern-mein-fazit-nach-gut-zwei-jahren\/#respond"]}]},{"@type":"WebPage","@id":"https:\/\/alpenlandmagazin.at\/hochnachhaltig\/fiat-600e-nach-40-000-kilometern-mein-fazit-nach-gut-zwei-jahren\/","url":"https:\/\/alpenlandmagazin.at\/hochnachhaltig\/fiat-600e-nach-40-000-kilometern-mein-fazit-nach-gut-zwei-jahren\/","name":"Fiat 600e nach 40.000 Kilometern: Mein Fazit nach gut zwei Jahren - hoch.nachhaltig - Berge. Umwelt. Selbstwirksamkeit.","isPartOf":{"@id":"https:\/\/alpenlandmagazin.at\/hochnachhaltig\/#website"},"primaryImageOfPage":{"@id":"https:\/\/alpenlandmagazin.at\/hochnachhaltig\/fiat-600e-nach-40-000-kilometern-mein-fazit-nach-gut-zwei-jahren\/#primaryimage"},"image":{"@id":"https:\/\/alpenlandmagazin.at\/hochnachhaltig\/fiat-600e-nach-40-000-kilometern-mein-fazit-nach-gut-zwei-jahren\/#primaryimage"},"thumbnailUrl":"https:\/\/alpenlandmagazin.at\/hochnachhaltig\/wp-content\/uploads\/2026\/07\/maxresdefault-1-e1785521688725.webp","datePublished":"2026-07-31T18:16:27+00:00","dateModified":"2026-07-31T18:17:04+00:00","description":"Im April 2024 habe ich meinen Fiat 600e \u00fcbernommen \u2013 Zeit f\u00fcr ein ausf\u00fchrliches Fazit: Wie macht sich der Fiat 600e nach 40.000 Kilometern?","breadcrumb":{"@id":"https:\/\/alpenlandmagazin.at\/hochnachhaltig\/fiat-600e-nach-40-000-kilometern-mein-fazit-nach-gut-zwei-jahren\/#breadcrumb"},"inLanguage":"de","potentialAction":[{"@type":"ReadAction","target":["https:\/\/alpenlandmagazin.at\/hochnachhaltig\/fiat-600e-nach-40-000-kilometern-mein-fazit-nach-gut-zwei-jahren\/"]}]},{"@type":"ImageObject","inLanguage":"de","@id":"https:\/\/alpenlandmagazin.at\/hochnachhaltig\/fiat-600e-nach-40-000-kilometern-mein-fazit-nach-gut-zwei-jahren\/#primaryimage","url":"https:\/\/alpenlandmagazin.at\/hochnachhaltig\/wp-content\/uploads\/2026\/07\/maxresdefault-1-e1785521688725.webp","contentUrl":"https:\/\/alpenlandmagazin.at\/hochnachhaltig\/wp-content\/uploads\/2026\/07\/maxresdefault-1-e1785521688725.webp","width":1130,"height":720},{"@type":"BreadcrumbList","@id":"https:\/\/alpenlandmagazin.at\/hochnachhaltig\/fiat-600e-nach-40-000-kilometern-mein-fazit-nach-gut-zwei-jahren\/#breadcrumb","itemListElement":[{"@type":"ListItem","position":1,"name":"Startseite","item":"https:\/\/alpenlandmagazin.at\/hochnachhaltig\/"},{"@type":"ListItem","position":2,"name":"Fiat 600e nach 40.000 Kilometern: Mein Fazit nach gut zwei Jahren"}]},{"@type":"WebSite","@id":"https:\/\/alpenlandmagazin.at\/hochnachhaltig\/#website","url":"https:\/\/alpenlandmagazin.at\/hochnachhaltig\/","name":"hoch.nachhaltig - Berge. Umwelt. Selbstwirksamkeit.","description":"Wie man die Welt rettet und dabei Geld spart.","publisher":{"@id":"https:\/\/alpenlandmagazin.at\/hochnachhaltig\/#\/schema\/person\/cde7b4195499a8410a9ab4304ba1a6fe"},"alternateName":"hoch.nachhaltig","potentialAction":[{"@type":"SearchAction","target":{"@type":"EntryPoint","urlTemplate":"https:\/\/alpenlandmagazin.at\/hochnachhaltig\/?s={search_term_string}"},"query-input":{"@type":"PropertyValueSpecification","valueRequired":true,"valueName":"search_term_string"}}],"inLanguage":"de"},{"@type":["Person","Organization"],"@id":"https:\/\/alpenlandmagazin.at\/hochnachhaltig\/#\/schema\/person\/cde7b4195499a8410a9ab4304ba1a6fe","name":"Christian Schreiter","image":{"@type":"ImageObject","inLanguage":"de","@id":"https:\/\/alpenlandmagazin.at\/hochnachhaltig\/wp-content\/uploads\/2023\/12\/logo11_4_172949.png","url":"https:\/\/alpenlandmagazin.at\/hochnachhaltig\/wp-content\/uploads\/2023\/12\/logo11_4_172949.png","contentUrl":"https:\/\/alpenlandmagazin.at\/hochnachhaltig\/wp-content\/uploads\/2023\/12\/logo11_4_172949.png","width":2000,"height":2000,"caption":"Christian Schreiter"},"logo":{"@id":"https:\/\/alpenlandmagazin.at\/hochnachhaltig\/wp-content\/uploads\/2023\/12\/logo11_4_172949.png"}},{"@type":"Person","@id":"https:\/\/alpenlandmagazin.at\/hochnachhaltig\/#\/schema\/person\/7f5ce1e0f5b51b3dc237c27155c063b6","name":"ckrieh","image":{"@type":"ImageObject","inLanguage":"de","@id":"https:\/\/secure.gravatar.com\/avatar\/1a61d60ff2b88bcf2b98ce01b7ba9fe7685606d7822c85153b9262eac30a2c74?s=96&d=mm&r=g","url":"https:\/\/secure.gravatar.com\/avatar\/1a61d60ff2b88bcf2b98ce01b7ba9fe7685606d7822c85153b9262eac30a2c74?s=96&d=mm&r=g","contentUrl":"https:\/\/secure.gravatar.com\/avatar\/1a61d60ff2b88bcf2b98ce01b7ba9fe7685606d7822c85153b9262eac30a2c74?s=96&d=mm&r=g","caption":"ckrieh"},"sameAs":["https:\/\/alpenlandmagazin.at\/hochnachhaltig"],"url":"https:\/\/alpenlandmagazin.at\/hochnachhaltig\/author\/ckrieh\/"}]}},"_links":{"self":[{"href":"https:\/\/alpenlandmagazin.at\/hochnachhaltig\/wp-json\/wp\/v2\/posts\/452","targetHints":{"allow":["GET"]}}],"collection":[{"href":"https:\/\/alpenlandmagazin.at\/hochnachhaltig\/wp-json\/wp\/v2\/posts"}],"about":[{"href":"https:\/\/alpenlandmagazin.at\/hochnachhaltig\/wp-json\/wp\/v2\/types\/post"}],"author":[{"embeddable":true,"href":"https:\/\/alpenlandmagazin.at\/hochnachhaltig\/wp-json\/wp\/v2\/users\/1"}],"replies":[{"embeddable":true,"href":"https:\/\/alpenlandmagazin.at\/hochnachhaltig\/wp-json\/wp\/v2\/comments?post=452"}],"version-history":[{"count":2,"href":"https:\/\/alpenlandmagazin.at\/hochnachhaltig\/wp-json\/wp\/v2\/posts\/452\/revisions"}],"predecessor-version":[{"id":455,"href":"https:\/\/alpenlandmagazin.at\/hochnachhaltig\/wp-json\/wp\/v2\/posts\/452\/revisions\/455"}],"wp:featuredmedia":[{"embeddable":true,"href":"https:\/\/alpenlandmagazin.at\/hochnachhaltig\/wp-json\/wp\/v2\/media\/453"}],"wp:attachment":[{"href":"https:\/\/alpenlandmagazin.at\/hochnachhaltig\/wp-json\/wp\/v2\/media?parent=452"}],"wp:term":[{"taxonomy":"category","embeddable":true,"href":"https:\/\/alpenlandmagazin.at\/hochnachhaltig\/wp-json\/wp\/v2\/categories?post=452"},{"taxonomy":"post_tag","embeddable":true,"href":"https:\/\/alpenlandmagazin.at\/hochnachhaltig\/wp-json\/wp\/v2\/tags?post=452"}],"curies":[{"name":"wp","href":"https:\/\/api.w.org\/{rel}","templated":true}]}}