{"id":88,"date":"2023-12-20T11:01:55","date_gmt":"2023-12-20T10:01:55","guid":{"rendered":"https:\/\/alpenlandmagazin.at\/hochnachhaltig\/?p=88"},"modified":"2023-12-23T12:57:29","modified_gmt":"2023-12-23T11:57:29","slug":"waermepumpe-und-photovoltaik-im-winter-lohnt-das-mein-fazit-fuer-november","status":"publish","type":"post","link":"https:\/\/alpenlandmagazin.at\/hochnachhaltig\/waermepumpe-und-photovoltaik-im-winter-lohnt-das-mein-fazit-fuer-november\/","title":{"rendered":"W\u00e4rmepumpe und Photovoltaik im Winter. Lohnt das? Mein Fazit f\u00fcr November."},"content":{"rendered":"<div class=\"epyt-video-wrapper\"><div  id=\"_ytid_90832\"  width=\"1200\" height=\"675\"  data-origwidth=\"1200\" data-origheight=\"675\" data-facadesrc=\"https:\/\/www.youtube.com\/embed\/5nYWT_Ll2HU?enablejsapi=1&#038;origin=https:\/\/alpenlandmagazin.at&#038;autoplay=0&#038;cc_load_policy=0&#038;cc_lang_pref=de&#038;iv_load_policy=1&#038;loop=0&#038;rel=0&#038;fs=1&#038;playsinline=1&#038;autohide=2&#038;theme=dark&#038;color=red&#038;controls=1&#038;disablekb=0&#038;\" class=\"__youtube_prefs__ epyt-facade no-lazyload\" data-epautoplay=\"1\" ><img decoding=\"async\" data-spai-excluded=\"true\" class=\"epyt-facade-poster skip-lazy\" loading=\"lazy\"  alt=\"YouTube player\"  src=\"https:\/\/i.ytimg.com\/vi\/5nYWT_Ll2HU\/maxresdefault.jpg\"  \/><button class=\"epyt-facade-play\" aria-label=\"Play\"><svg data-no-lazy=\"1\" height=\"100%\" version=\"1.1\" viewBox=\"0 0 68 48\" width=\"100%\"><path class=\"ytp-large-play-button-bg\" d=\"M66.52,7.74c-0.78-2.93-2.49-5.41-5.42-6.19C55.79,.13,34,0,34,0S12.21,.13,6.9,1.55 C3.97,2.33,2.27,4.81,1.48,7.74C0.06,13.05,0,24,0,24s0.06,10.95,1.48,16.26c0.78,2.93,2.49,5.41,5.42,6.19 C12.21,47.87,34,48,34,48s21.79-0.13,27.1-1.55c2.93-0.78,4.64-3.26,5.42-6.19C67.94,34.95,68,24,68,24S67.94,13.05,66.52,7.74z\" fill=\"#f00\"><\/path><path d=\"M 45,24 27,14 27,34\" fill=\"#fff\"><\/path><\/svg><\/button><\/div><\/div>\n\n\n<p><\/p>\n\n\n\n<p>Sowohl im Bekanntenkreis, als auch in einer Gruppe auf Facebook &#8211; und \u00fcberhaupt immer, wenn es um W\u00e4rmepumpen geht &#8211; geistert die Meinung herum, dass sich eine W\u00e4rmepumpe mit Photovoltaik im Winter nicht lohnt. Das ist einfach nicht richtig und deshalb lasse ich die Hosen runter und zeige ob sich W\u00e4rmepumpe und Photovoltaik erg\u00e4nzen. Das werde ich im \u00dcbrigen den ganzen Winter lang machen, sodass am Ende eine belastbare Aussage getroffen werden kann. Hier mein Fazit f\u00fcr November.<\/p>\n\n\n\n<p>Zun\u00e4chst muss angemerkt werden, dass ich<a href=\"https:\/\/alpenlandmagazin.at\/hochnachhaltig\/heizen-mit-klimaanlage\/\"> mit Klimaanlage heize<\/a>. Und zwar ca. 75m\u00b2 meiner 100m\u00b2-Hauses. Was heize ich nicht mit Klimaanlage (einfach, weil ich dort noch keine verbaut habe): WC, Bad, ein kleineres Zimmer und das Vorzimmer. Dort ist die Gasbrennwerttherme am Start. Zwei gr\u00f6\u00dfere Zimmer sowie einen offenen Bereich aus Wohnzimmer, Esszimmer, K\u00fcche und Diele heize ich mit der Luft-Luft-W\u00e4rmepumpe, auch bekannt als Klimaanlage.<\/p>\n\n\n\n<p><strong>Eine fachm\u00e4nnisch dimensionierte und ausgew\u00e4hlte Luft-Luft-W\u00e4rmepumpe ist die effizienteste Form des Heizens.<\/strong> Aber auch andere Arten von W\u00e4rmepumpen haben sehr gute Effizienzen (SCOP-Werte) &#8211; noch dazu mit dem Vorteil, dass man mit ihnen auch Warmwasser erzeugen kann. Das kann eine Klimaanlage nat\u00fcrlich nicht. In allen F\u00e4llen wir die Effizienz der Gesamtanlage(n) eines Hauses &#8211; in diesem Fall die Kombination W\u00e4rmepumpe und Photovoltaik &#8211; von einer Vielzahl von Parametern beeinflusst. Ein wesentliche davon ist der eigene Lifestyle. Wann ist man zuhause, wann nicht? Ist es m\u00f6glich (und je nach Anlage auch sinnvoll), die Anlage bei Nichtanwesenheit oder Nachts abzusenken und wie wird das gesteuert? Wie ist meine Photovoltaikanlage dimensioniert? Wie meine W\u00e4rmepumpe? Und so weiter.<\/p>\n\n\n\n<p>Apropos: meine Photovoltaikanlage hat 5,32 kWp wovon 2 kWp NNW und der Rest SSO ausgerichtet sind bei einer Dachneigung von rund 45\u00b0. Ich wohne in Ost\u00f6sterreich. <\/p>\n\n\n\n<p>Ich selbst senke die Temperatur nachts ab und dann wenn wir nicht zuhause sind, wobei wir eher tags\u00fcber nicht daheim sind. An den Tagesr\u00e4ndern haben wir dabei den gr\u00f6\u00dften W\u00e4rmebedarf.<\/p>\n\n\n\n<h3 class=\"wp-block-heading\">Nun aber zur Frage aller Fragen: kann ich die W\u00e4rmepumpe im Winter mit der PV-Anlage unterst\u00fctzen und damit kosteng\u00fcnstiger betreiben, ja oder nein?<\/h3>\n\n\n\n<figure class=\"wp-block-image size-large\"><img loading=\"lazy\" decoding=\"async\" width=\"1024\" height=\"358\" src=\"https:\/\/alpenlandmagazin.at\/hochnachhaltig\/wp-content\/uploads\/2023\/12\/history_simple_hd-e1703065270373-1024x358.png\" alt=\"\" class=\"wp-image-92\" srcset=\"https:\/\/alpenlandmagazin.at\/hochnachhaltig\/wp-content\/uploads\/2023\/12\/history_simple_hd-e1703065270373-1024x358.png 1024w, https:\/\/alpenlandmagazin.at\/hochnachhaltig\/wp-content\/uploads\/2023\/12\/history_simple_hd-e1703065270373-300x105.png 300w, https:\/\/alpenlandmagazin.at\/hochnachhaltig\/wp-content\/uploads\/2023\/12\/history_simple_hd-e1703065270373-768x269.png 768w, https:\/\/alpenlandmagazin.at\/hochnachhaltig\/wp-content\/uploads\/2023\/12\/history_simple_hd-e1703065270373-1536x538.png 1536w, https:\/\/alpenlandmagazin.at\/hochnachhaltig\/wp-content\/uploads\/2023\/12\/history_simple_hd-e1703065270373-2048x717.png 2048w\" sizes=\"auto, (max-width: 1024px) 100vw, 1024px\" \/><figcaption class=\"wp-element-caption\"><sup>Quelle: <a href=\"https:\/\/www.meteoblue.com\/de\/wetter\/historyclimate\/weatherarchive\/neud%c3%b6rfl_%c3%96sterreich_2770803?fcstlength=1m&amp;year=2023&amp;month=11\" target=\"_blank\" rel=\"noreferrer noopener\">https:\/\/www.meteoblue.com\/de\/wetter\/historyclimate\/weatherarchive\/neud%c3%b6rfl_%c3%96sterreich_2770803?fcstlength=1m&amp;year=2023&amp;month=11<\/a><\/sup><\/figcaption><\/figure>\n\n\n\n<p>Wie das Archiv von <a href=\"https:\/\/www.meteoblue.com\/de\/wetter\/historyclimate\/weatherarchive\/neud%c3%b6rfl_%c3%96sterreich_2770803?fcstlength=1m&amp;year=2023&amp;month=11\">Meteoblue<\/a> zeigt, war der November in der ersten H\u00e4lfte relativ warm. Gegen Ende hin wurden in der Nacht bereits Minusgrade erreicht. Das Wetter spiegelt sich im Ertrag der Anlage wider. Insgesamt erzeugte meine Photovoltaikanlage f\u00fcr diese Jahreszeit gute 200 Kilowattstunden (199,72). Davon speiste ich 121 Kilowattstunden in das Stromnetz ein und verbrauchte also 79 Kilowattstunden selbst. <\/p>\n\n\n\n<figure class=\"wp-block-image size-full\"><img loading=\"lazy\" decoding=\"async\" width=\"826\" height=\"383\" src=\"https:\/\/alpenlandmagazin.at\/hochnachhaltig\/wp-content\/uploads\/2023\/12\/Screenshot-2023-12-20-104632.png\" alt=\"\" class=\"wp-image-95\" srcset=\"https:\/\/alpenlandmagazin.at\/hochnachhaltig\/wp-content\/uploads\/2023\/12\/Screenshot-2023-12-20-104632.png 826w, https:\/\/alpenlandmagazin.at\/hochnachhaltig\/wp-content\/uploads\/2023\/12\/Screenshot-2023-12-20-104632-300x139.png 300w, https:\/\/alpenlandmagazin.at\/hochnachhaltig\/wp-content\/uploads\/2023\/12\/Screenshot-2023-12-20-104632-768x356.png 768w\" sizes=\"auto, (max-width: 826px) 100vw, 826px\" \/><\/figure>\n\n\n\n<p>Mein Gesamtenergiebedarf lag im November bei 370 Kilowattstunden (kWh), wobei davon 150 kWh in das Heizen gingen. Dabei habe ich den ganzen Monat durchgeheizt und zwar auf 22\u00b0 bei Anwesenheit und auf 18\u00b0 bei Abwesenheit bzw. Nachtabsenkung. Von den 79 kWh, die ich selbst verbrauchte, gingen 50 kWh direkt in das Heizen. <strong>Somit konnte ich ein Drittel meines Energiebedarfs f\u00fcr das Heizen durch selbst erzeugten Strom decken.<\/strong><\/p>\n\n\n\n<p>Das oft geh\u00f6rte Verkaufsargument, dass eine Photovoltaikanlage eine W\u00e4rmepumpe gut unterst\u00fctzen kann, wurde daher im November eindeutig best\u00e4tigt.<\/p>\n","protected":false},"excerpt":{"rendered":"<p>Sowohl im Bekanntenkreis, als auch in einer Gruppe auf Facebook &#8211; und \u00fcberhaupt immer, wenn es um W\u00e4rmepumpen geht &#8211; geistert die Meinung herum, dass sich eine W\u00e4rmepumpe mit Photovoltaik im Winter nicht lohnt. Das ist einfach nicht richtig und deshalb lasse ich die Hosen runter und zeige ob sich W\u00e4rmepumpe und Photovoltaik erg\u00e4nzen. Das&hellip;&nbsp;<a href=\"https:\/\/alpenlandmagazin.at\/hochnachhaltig\/waermepumpe-und-photovoltaik-im-winter-lohnt-das-mein-fazit-fuer-november\/\" rel=\"bookmark\">Weiterlesen &raquo;<span class=\"screen-reader-text\">W\u00e4rmepumpe und Photovoltaik im Winter. Lohnt das? Mein Fazit f\u00fcr November.<\/span><\/a><\/p>\n","protected":false},"author":1,"featured_media":89,"comment_status":"open","ping_status":"open","sticky":false,"template":"","format":"standard","meta":{"neve_meta_sidebar":"","neve_meta_container":"","neve_meta_enable_content_width":"","neve_meta_content_width":0,"neve_meta_title_alignment":"","neve_meta_author_avatar":"","neve_post_elements_order":"","neve_meta_disable_header":"","neve_meta_disable_footer":"","neve_meta_disable_title":"","footnotes":""},"categories":[1],"tags":[],"class_list":["post-88","post","type-post","status-publish","format-standard","has-post-thumbnail","hentry","category-allgemein"],"yoast_head":"<!-- This site is optimized with the Yoast SEO plugin v26.6 - https:\/\/yoast.com\/wordpress\/plugins\/seo\/ -->\n<title>W\u00e4rmepumpe und Photovoltaik im Winter. Lohnt das? Mein Fazit f\u00fcr November. - hoch.nachhaltig - Berge. Umwelt. Selbstwirksamkeit.<\/title>\n<meta name=\"description\" content=\"W\u00e4rmepumpe und Photovoltaik im Winter. Lohnt das? Mein Fazit f\u00fcr November. Ich zeige ob sich W\u00e4rmepumpe und Photovoltaik erg\u00e4nzen.\" \/>\n<meta name=\"robots\" content=\"index, follow, max-snippet:-1, max-image-preview:large, max-video-preview:-1\" \/>\n<link rel=\"canonical\" href=\"https:\/\/alpenlandmagazin.at\/hochnachhaltig\/waermepumpe-und-photovoltaik-im-winter-lohnt-das-mein-fazit-fuer-november\/\" \/>\n<meta property=\"og:locale\" content=\"de_DE\" \/>\n<meta property=\"og:type\" content=\"article\" \/>\n<meta property=\"og:title\" content=\"W\u00e4rmepumpe und Photovoltaik im Winter. Lohnt das? Mein Fazit f\u00fcr November. - hoch.nachhaltig - Berge. Umwelt. Selbstwirksamkeit.\" \/>\n<meta property=\"og:description\" content=\"W\u00e4rmepumpe und Photovoltaik im Winter. Lohnt das? Mein Fazit f\u00fcr November. Ich zeige ob sich W\u00e4rmepumpe und Photovoltaik erg\u00e4nzen.\" \/>\n<meta property=\"og:url\" content=\"https:\/\/alpenlandmagazin.at\/hochnachhaltig\/waermepumpe-und-photovoltaik-im-winter-lohnt-das-mein-fazit-fuer-november\/\" \/>\n<meta property=\"og:site_name\" content=\"hoch.nachhaltig - Berge. Umwelt. Selbstwirksamkeit.\" \/>\n<meta property=\"article:published_time\" content=\"2023-12-20T10:01:55+00:00\" \/>\n<meta property=\"article:modified_time\" content=\"2023-12-23T11:57:29+00:00\" \/>\n<meta property=\"og:image\" content=\"https:\/\/alpenlandmagazin.at\/hochnachhaltig\/wp-content\/uploads\/2023\/12\/Titel-3-scaled.jpg\" \/>\n\t<meta property=\"og:image:width\" content=\"2560\" \/>\n\t<meta property=\"og:image:height\" content=\"1707\" \/>\n\t<meta property=\"og:image:type\" content=\"image\/jpeg\" \/>\n<meta name=\"author\" content=\"ckrieh\" \/>\n<meta name=\"twitter:card\" content=\"summary_large_image\" \/>\n<meta name=\"twitter:label1\" content=\"Verfasst von\" \/>\n\t<meta name=\"twitter:data1\" content=\"ckrieh\" \/>\n\t<meta name=\"twitter:label2\" content=\"Gesch\u00e4tzte Lesezeit\" \/>\n\t<meta name=\"twitter:data2\" content=\"4 Minuten\" \/>\n<script type=\"application\/ld+json\" class=\"yoast-schema-graph\">{\"@context\":\"https:\/\/schema.org\",\"@graph\":[{\"@type\":\"Article\",\"@id\":\"https:\/\/alpenlandmagazin.at\/hochnachhaltig\/waermepumpe-und-photovoltaik-im-winter-lohnt-das-mein-fazit-fuer-november\/#article\",\"isPartOf\":{\"@id\":\"https:\/\/alpenlandmagazin.at\/hochnachhaltig\/waermepumpe-und-photovoltaik-im-winter-lohnt-das-mein-fazit-fuer-november\/\"},\"author\":{\"name\":\"ckrieh\",\"@id\":\"https:\/\/alpenlandmagazin.at\/hochnachhaltig\/#\/schema\/person\/7f5ce1e0f5b51b3dc237c27155c063b6\"},\"headline\":\"W\u00e4rmepumpe und Photovoltaik im Winter. Lohnt das? Mein Fazit f\u00fcr November.\",\"datePublished\":\"2023-12-20T10:01:55+00:00\",\"dateModified\":\"2023-12-23T11:57:29+00:00\",\"mainEntityOfPage\":{\"@id\":\"https:\/\/alpenlandmagazin.at\/hochnachhaltig\/waermepumpe-und-photovoltaik-im-winter-lohnt-das-mein-fazit-fuer-november\/\"},\"wordCount\":548,\"commentCount\":0,\"publisher\":{\"@id\":\"https:\/\/alpenlandmagazin.at\/hochnachhaltig\/#\/schema\/person\/cde7b4195499a8410a9ab4304ba1a6fe\"},\"image\":{\"@id\":\"https:\/\/alpenlandmagazin.at\/hochnachhaltig\/waermepumpe-und-photovoltaik-im-winter-lohnt-das-mein-fazit-fuer-november\/#primaryimage\"},\"thumbnailUrl\":\"https:\/\/alpenlandmagazin.at\/hochnachhaltig\/wp-content\/uploads\/2023\/12\/Titel-3-scaled.jpg\",\"inLanguage\":\"de-AT\",\"potentialAction\":[{\"@type\":\"CommentAction\",\"name\":\"Comment\",\"target\":[\"https:\/\/alpenlandmagazin.at\/hochnachhaltig\/waermepumpe-und-photovoltaik-im-winter-lohnt-das-mein-fazit-fuer-november\/#respond\"]}]},{\"@type\":\"WebPage\",\"@id\":\"https:\/\/alpenlandmagazin.at\/hochnachhaltig\/waermepumpe-und-photovoltaik-im-winter-lohnt-das-mein-fazit-fuer-november\/\",\"url\":\"https:\/\/alpenlandmagazin.at\/hochnachhaltig\/waermepumpe-und-photovoltaik-im-winter-lohnt-das-mein-fazit-fuer-november\/\",\"name\":\"W\u00e4rmepumpe und Photovoltaik im Winter. Lohnt das? Mein Fazit f\u00fcr November. - hoch.nachhaltig - Berge. Umwelt. Selbstwirksamkeit.\",\"isPartOf\":{\"@id\":\"https:\/\/alpenlandmagazin.at\/hochnachhaltig\/#website\"},\"primaryImageOfPage\":{\"@id\":\"https:\/\/alpenlandmagazin.at\/hochnachhaltig\/waermepumpe-und-photovoltaik-im-winter-lohnt-das-mein-fazit-fuer-november\/#primaryimage\"},\"image\":{\"@id\":\"https:\/\/alpenlandmagazin.at\/hochnachhaltig\/waermepumpe-und-photovoltaik-im-winter-lohnt-das-mein-fazit-fuer-november\/#primaryimage\"},\"thumbnailUrl\":\"https:\/\/alpenlandmagazin.at\/hochnachhaltig\/wp-content\/uploads\/2023\/12\/Titel-3-scaled.jpg\",\"datePublished\":\"2023-12-20T10:01:55+00:00\",\"dateModified\":\"2023-12-23T11:57:29+00:00\",\"description\":\"W\u00e4rmepumpe und Photovoltaik im Winter. Lohnt das? Mein Fazit f\u00fcr November. Ich zeige ob sich W\u00e4rmepumpe und Photovoltaik erg\u00e4nzen.\",\"breadcrumb\":{\"@id\":\"https:\/\/alpenlandmagazin.at\/hochnachhaltig\/waermepumpe-und-photovoltaik-im-winter-lohnt-das-mein-fazit-fuer-november\/#breadcrumb\"},\"inLanguage\":\"de-AT\",\"potentialAction\":[{\"@type\":\"ReadAction\",\"target\":[\"https:\/\/alpenlandmagazin.at\/hochnachhaltig\/waermepumpe-und-photovoltaik-im-winter-lohnt-das-mein-fazit-fuer-november\/\"]}]},{\"@type\":\"ImageObject\",\"inLanguage\":\"de-AT\",\"@id\":\"https:\/\/alpenlandmagazin.at\/hochnachhaltig\/waermepumpe-und-photovoltaik-im-winter-lohnt-das-mein-fazit-fuer-november\/#primaryimage\",\"url\":\"https:\/\/alpenlandmagazin.at\/hochnachhaltig\/wp-content\/uploads\/2023\/12\/Titel-3-scaled.jpg\",\"contentUrl\":\"https:\/\/alpenlandmagazin.at\/hochnachhaltig\/wp-content\/uploads\/2023\/12\/Titel-3-scaled.jpg\",\"width\":2560,\"height\":1707},{\"@type\":\"BreadcrumbList\",\"@id\":\"https:\/\/alpenlandmagazin.at\/hochnachhaltig\/waermepumpe-und-photovoltaik-im-winter-lohnt-das-mein-fazit-fuer-november\/#breadcrumb\",\"itemListElement\":[{\"@type\":\"ListItem\",\"position\":1,\"name\":\"Startseite\",\"item\":\"https:\/\/alpenlandmagazin.at\/hochnachhaltig\/\"},{\"@type\":\"ListItem\",\"position\":2,\"name\":\"W\u00e4rmepumpe und Photovoltaik im Winter. Lohnt das? Mein Fazit f\u00fcr November.\"}]},{\"@type\":\"WebSite\",\"@id\":\"https:\/\/alpenlandmagazin.at\/hochnachhaltig\/#website\",\"url\":\"https:\/\/alpenlandmagazin.at\/hochnachhaltig\/\",\"name\":\"hoch.nachhaltig - Berge. Umwelt. Selbstwirksamkeit.\",\"description\":\"Wie man die Welt rettet und dabei Geld spart.\",\"publisher\":{\"@id\":\"https:\/\/alpenlandmagazin.at\/hochnachhaltig\/#\/schema\/person\/cde7b4195499a8410a9ab4304ba1a6fe\"},\"alternateName\":\"hoch.nachhaltig\",\"potentialAction\":[{\"@type\":\"SearchAction\",\"target\":{\"@type\":\"EntryPoint\",\"urlTemplate\":\"https:\/\/alpenlandmagazin.at\/hochnachhaltig\/?s={search_term_string}\"},\"query-input\":{\"@type\":\"PropertyValueSpecification\",\"valueRequired\":true,\"valueName\":\"search_term_string\"}}],\"inLanguage\":\"de-AT\"},{\"@type\":[\"Person\",\"Organization\"],\"@id\":\"https:\/\/alpenlandmagazin.at\/hochnachhaltig\/#\/schema\/person\/cde7b4195499a8410a9ab4304ba1a6fe\",\"name\":\"Christian Schreiter\",\"image\":{\"@type\":\"ImageObject\",\"inLanguage\":\"de-AT\",\"@id\":\"https:\/\/alpenlandmagazin.at\/hochnachhaltig\/#\/schema\/person\/image\/\",\"url\":\"https:\/\/alpenlandmagazin.at\/hochnachhaltig\/wp-content\/uploads\/2023\/12\/logo11_4_172949.png\",\"contentUrl\":\"https:\/\/alpenlandmagazin.at\/hochnachhaltig\/wp-content\/uploads\/2023\/12\/logo11_4_172949.png\",\"width\":2000,\"height\":2000,\"caption\":\"Christian Schreiter\"},\"logo\":{\"@id\":\"https:\/\/alpenlandmagazin.at\/hochnachhaltig\/#\/schema\/person\/image\/\"}},{\"@type\":\"Person\",\"@id\":\"https:\/\/alpenlandmagazin.at\/hochnachhaltig\/#\/schema\/person\/7f5ce1e0f5b51b3dc237c27155c063b6\",\"name\":\"ckrieh\",\"image\":{\"@type\":\"ImageObject\",\"inLanguage\":\"de-AT\",\"@id\":\"https:\/\/alpenlandmagazin.at\/hochnachhaltig\/#\/schema\/person\/image\/\",\"url\":\"https:\/\/secure.gravatar.com\/avatar\/1a61d60ff2b88bcf2b98ce01b7ba9fe7685606d7822c85153b9262eac30a2c74?s=96&d=mm&r=g\",\"contentUrl\":\"https:\/\/secure.gravatar.com\/avatar\/1a61d60ff2b88bcf2b98ce01b7ba9fe7685606d7822c85153b9262eac30a2c74?s=96&d=mm&r=g\",\"caption\":\"ckrieh\"},\"sameAs\":[\"https:\/\/alpenlandmagazin.at\/hochnachhaltig\"],\"url\":\"https:\/\/alpenlandmagazin.at\/hochnachhaltig\/author\/ckrieh\/\"}]}<\/script>\n<!-- \/ Yoast SEO plugin. -->","yoast_head_json":{"title":"W\u00e4rmepumpe und Photovoltaik im Winter. Lohnt das? Mein Fazit f\u00fcr November. - hoch.nachhaltig - Berge. Umwelt. Selbstwirksamkeit.","description":"W\u00e4rmepumpe und Photovoltaik im Winter. Lohnt das? Mein Fazit f\u00fcr November. Ich zeige ob sich W\u00e4rmepumpe und Photovoltaik erg\u00e4nzen.","robots":{"index":"index","follow":"follow","max-snippet":"max-snippet:-1","max-image-preview":"max-image-preview:large","max-video-preview":"max-video-preview:-1"},"canonical":"https:\/\/alpenlandmagazin.at\/hochnachhaltig\/waermepumpe-und-photovoltaik-im-winter-lohnt-das-mein-fazit-fuer-november\/","og_locale":"de_DE","og_type":"article","og_title":"W\u00e4rmepumpe und Photovoltaik im Winter. Lohnt das? Mein Fazit f\u00fcr November. - hoch.nachhaltig - Berge. Umwelt. Selbstwirksamkeit.","og_description":"W\u00e4rmepumpe und Photovoltaik im Winter. Lohnt das? Mein Fazit f\u00fcr November. Ich zeige ob sich W\u00e4rmepumpe und Photovoltaik erg\u00e4nzen.","og_url":"https:\/\/alpenlandmagazin.at\/hochnachhaltig\/waermepumpe-und-photovoltaik-im-winter-lohnt-das-mein-fazit-fuer-november\/","og_site_name":"hoch.nachhaltig - Berge. Umwelt. Selbstwirksamkeit.","article_published_time":"2023-12-20T10:01:55+00:00","article_modified_time":"2023-12-23T11:57:29+00:00","og_image":[{"width":2560,"height":1707,"url":"https:\/\/alpenlandmagazin.at\/hochnachhaltig\/wp-content\/uploads\/2023\/12\/Titel-3-scaled.jpg","type":"image\/jpeg"}],"author":"ckrieh","twitter_card":"summary_large_image","twitter_misc":{"Verfasst von":"ckrieh","Gesch\u00e4tzte Lesezeit":"4 Minuten"},"schema":{"@context":"https:\/\/schema.org","@graph":[{"@type":"Article","@id":"https:\/\/alpenlandmagazin.at\/hochnachhaltig\/waermepumpe-und-photovoltaik-im-winter-lohnt-das-mein-fazit-fuer-november\/#article","isPartOf":{"@id":"https:\/\/alpenlandmagazin.at\/hochnachhaltig\/waermepumpe-und-photovoltaik-im-winter-lohnt-das-mein-fazit-fuer-november\/"},"author":{"name":"ckrieh","@id":"https:\/\/alpenlandmagazin.at\/hochnachhaltig\/#\/schema\/person\/7f5ce1e0f5b51b3dc237c27155c063b6"},"headline":"W\u00e4rmepumpe und Photovoltaik im Winter. Lohnt das? Mein Fazit f\u00fcr November.","datePublished":"2023-12-20T10:01:55+00:00","dateModified":"2023-12-23T11:57:29+00:00","mainEntityOfPage":{"@id":"https:\/\/alpenlandmagazin.at\/hochnachhaltig\/waermepumpe-und-photovoltaik-im-winter-lohnt-das-mein-fazit-fuer-november\/"},"wordCount":548,"commentCount":0,"publisher":{"@id":"https:\/\/alpenlandmagazin.at\/hochnachhaltig\/#\/schema\/person\/cde7b4195499a8410a9ab4304ba1a6fe"},"image":{"@id":"https:\/\/alpenlandmagazin.at\/hochnachhaltig\/waermepumpe-und-photovoltaik-im-winter-lohnt-das-mein-fazit-fuer-november\/#primaryimage"},"thumbnailUrl":"https:\/\/alpenlandmagazin.at\/hochnachhaltig\/wp-content\/uploads\/2023\/12\/Titel-3-scaled.jpg","inLanguage":"de-AT","potentialAction":[{"@type":"CommentAction","name":"Comment","target":["https:\/\/alpenlandmagazin.at\/hochnachhaltig\/waermepumpe-und-photovoltaik-im-winter-lohnt-das-mein-fazit-fuer-november\/#respond"]}]},{"@type":"WebPage","@id":"https:\/\/alpenlandmagazin.at\/hochnachhaltig\/waermepumpe-und-photovoltaik-im-winter-lohnt-das-mein-fazit-fuer-november\/","url":"https:\/\/alpenlandmagazin.at\/hochnachhaltig\/waermepumpe-und-photovoltaik-im-winter-lohnt-das-mein-fazit-fuer-november\/","name":"W\u00e4rmepumpe und Photovoltaik im Winter. Lohnt das? Mein Fazit f\u00fcr November. - hoch.nachhaltig - Berge. Umwelt. Selbstwirksamkeit.","isPartOf":{"@id":"https:\/\/alpenlandmagazin.at\/hochnachhaltig\/#website"},"primaryImageOfPage":{"@id":"https:\/\/alpenlandmagazin.at\/hochnachhaltig\/waermepumpe-und-photovoltaik-im-winter-lohnt-das-mein-fazit-fuer-november\/#primaryimage"},"image":{"@id":"https:\/\/alpenlandmagazin.at\/hochnachhaltig\/waermepumpe-und-photovoltaik-im-winter-lohnt-das-mein-fazit-fuer-november\/#primaryimage"},"thumbnailUrl":"https:\/\/alpenlandmagazin.at\/hochnachhaltig\/wp-content\/uploads\/2023\/12\/Titel-3-scaled.jpg","datePublished":"2023-12-20T10:01:55+00:00","dateModified":"2023-12-23T11:57:29+00:00","description":"W\u00e4rmepumpe und Photovoltaik im Winter. Lohnt das? Mein Fazit f\u00fcr November. Ich zeige ob sich W\u00e4rmepumpe und Photovoltaik erg\u00e4nzen.","breadcrumb":{"@id":"https:\/\/alpenlandmagazin.at\/hochnachhaltig\/waermepumpe-und-photovoltaik-im-winter-lohnt-das-mein-fazit-fuer-november\/#breadcrumb"},"inLanguage":"de-AT","potentialAction":[{"@type":"ReadAction","target":["https:\/\/alpenlandmagazin.at\/hochnachhaltig\/waermepumpe-und-photovoltaik-im-winter-lohnt-das-mein-fazit-fuer-november\/"]}]},{"@type":"ImageObject","inLanguage":"de-AT","@id":"https:\/\/alpenlandmagazin.at\/hochnachhaltig\/waermepumpe-und-photovoltaik-im-winter-lohnt-das-mein-fazit-fuer-november\/#primaryimage","url":"https:\/\/alpenlandmagazin.at\/hochnachhaltig\/wp-content\/uploads\/2023\/12\/Titel-3-scaled.jpg","contentUrl":"https:\/\/alpenlandmagazin.at\/hochnachhaltig\/wp-content\/uploads\/2023\/12\/Titel-3-scaled.jpg","width":2560,"height":1707},{"@type":"BreadcrumbList","@id":"https:\/\/alpenlandmagazin.at\/hochnachhaltig\/waermepumpe-und-photovoltaik-im-winter-lohnt-das-mein-fazit-fuer-november\/#breadcrumb","itemListElement":[{"@type":"ListItem","position":1,"name":"Startseite","item":"https:\/\/alpenlandmagazin.at\/hochnachhaltig\/"},{"@type":"ListItem","position":2,"name":"W\u00e4rmepumpe und Photovoltaik im Winter. Lohnt das? Mein Fazit f\u00fcr November."}]},{"@type":"WebSite","@id":"https:\/\/alpenlandmagazin.at\/hochnachhaltig\/#website","url":"https:\/\/alpenlandmagazin.at\/hochnachhaltig\/","name":"hoch.nachhaltig - Berge. Umwelt. Selbstwirksamkeit.","description":"Wie man die Welt rettet und dabei Geld spart.","publisher":{"@id":"https:\/\/alpenlandmagazin.at\/hochnachhaltig\/#\/schema\/person\/cde7b4195499a8410a9ab4304ba1a6fe"},"alternateName":"hoch.nachhaltig","potentialAction":[{"@type":"SearchAction","target":{"@type":"EntryPoint","urlTemplate":"https:\/\/alpenlandmagazin.at\/hochnachhaltig\/?s={search_term_string}"},"query-input":{"@type":"PropertyValueSpecification","valueRequired":true,"valueName":"search_term_string"}}],"inLanguage":"de-AT"},{"@type":["Person","Organization"],"@id":"https:\/\/alpenlandmagazin.at\/hochnachhaltig\/#\/schema\/person\/cde7b4195499a8410a9ab4304ba1a6fe","name":"Christian Schreiter","image":{"@type":"ImageObject","inLanguage":"de-AT","@id":"https:\/\/alpenlandmagazin.at\/hochnachhaltig\/#\/schema\/person\/image\/","url":"https:\/\/alpenlandmagazin.at\/hochnachhaltig\/wp-content\/uploads\/2023\/12\/logo11_4_172949.png","contentUrl":"https:\/\/alpenlandmagazin.at\/hochnachhaltig\/wp-content\/uploads\/2023\/12\/logo11_4_172949.png","width":2000,"height":2000,"caption":"Christian Schreiter"},"logo":{"@id":"https:\/\/alpenlandmagazin.at\/hochnachhaltig\/#\/schema\/person\/image\/"}},{"@type":"Person","@id":"https:\/\/alpenlandmagazin.at\/hochnachhaltig\/#\/schema\/person\/7f5ce1e0f5b51b3dc237c27155c063b6","name":"ckrieh","image":{"@type":"ImageObject","inLanguage":"de-AT","@id":"https:\/\/alpenlandmagazin.at\/hochnachhaltig\/#\/schema\/person\/image\/","url":"https:\/\/secure.gravatar.com\/avatar\/1a61d60ff2b88bcf2b98ce01b7ba9fe7685606d7822c85153b9262eac30a2c74?s=96&d=mm&r=g","contentUrl":"https:\/\/secure.gravatar.com\/avatar\/1a61d60ff2b88bcf2b98ce01b7ba9fe7685606d7822c85153b9262eac30a2c74?s=96&d=mm&r=g","caption":"ckrieh"},"sameAs":["https:\/\/alpenlandmagazin.at\/hochnachhaltig"],"url":"https:\/\/alpenlandmagazin.at\/hochnachhaltig\/author\/ckrieh\/"}]}},"_links":{"self":[{"href":"https:\/\/alpenlandmagazin.at\/hochnachhaltig\/wp-json\/wp\/v2\/posts\/88","targetHints":{"allow":["GET"]}}],"collection":[{"href":"https:\/\/alpenlandmagazin.at\/hochnachhaltig\/wp-json\/wp\/v2\/posts"}],"about":[{"href":"https:\/\/alpenlandmagazin.at\/hochnachhaltig\/wp-json\/wp\/v2\/types\/post"}],"author":[{"embeddable":true,"href":"https:\/\/alpenlandmagazin.at\/hochnachhaltig\/wp-json\/wp\/v2\/users\/1"}],"replies":[{"embeddable":true,"href":"https:\/\/alpenlandmagazin.at\/hochnachhaltig\/wp-json\/wp\/v2\/comments?post=88"}],"version-history":[{"count":9,"href":"https:\/\/alpenlandmagazin.at\/hochnachhaltig\/wp-json\/wp\/v2\/posts\/88\/revisions"}],"predecessor-version":[{"id":136,"href":"https:\/\/alpenlandmagazin.at\/hochnachhaltig\/wp-json\/wp\/v2\/posts\/88\/revisions\/136"}],"wp:featuredmedia":[{"embeddable":true,"href":"https:\/\/alpenlandmagazin.at\/hochnachhaltig\/wp-json\/wp\/v2\/media\/89"}],"wp:attachment":[{"href":"https:\/\/alpenlandmagazin.at\/hochnachhaltig\/wp-json\/wp\/v2\/media?parent=88"}],"wp:term":[{"taxonomy":"category","embeddable":true,"href":"https:\/\/alpenlandmagazin.at\/hochnachhaltig\/wp-json\/wp\/v2\/categories?post=88"},{"taxonomy":"post_tag","embeddable":true,"href":"https:\/\/alpenlandmagazin.at\/hochnachhaltig\/wp-json\/wp\/v2\/tags?post=88"}],"curies":[{"name":"wp","href":"https:\/\/api.w.org\/{rel}","templated":true}]}}